{"id":1985,"date":"2023-02-23T02:41:27","date_gmt":"2023-02-23T02:41:27","guid":{"rendered":"https:\/\/pornuestrolaredo.com\/?p=1985"},"modified":"2023-02-23T02:41:27","modified_gmt":"2023-02-23T02:41:27","slug":"saldran-los-latin-grammy-de-estados-unidos","status":"publish","type":"post","link":"https:\/\/pornuestrolaredo.com\/?p=1985","title":{"rendered":"Saldr\u00e1n los Latin Grammy de Estados Unidos"},"content":{"rendered":"<p>MADRID.- La pr\u00f3xima edici\u00f3n de los Latin Grammy se celebrar\u00e1 en el sur de Espa\u00f1a, por primera vez fuera de Estados Unidos, dijo la organizaci\u00f3n el mi\u00e9rcoles.<\/p>\n<p>El director general de la Academia Latina de la Grabaci\u00f3n, Manuel Abud, y el presidente de Andaluc\u00eda, una regi\u00f3n del sur de Espa\u00f1a, realizaron el anuncio en Sevilla.<\/p>\n<blockquote><p>Que los Latin Grammy vayan a abandonar Estados Unidos por primera vez es motivo de celebraci\u00f3n especial, y qu\u00e9 mejor sitio para celebrarlos que Andaluc\u00eda\u201d, dijo Abud.<\/p><\/blockquote>\n<p>La ceremonia se celebrar\u00e1 en noviembre, explic\u00f3 el presidente andaluz, Juan Manuel Moreno. Por el momento no se revel\u00f3 ni la fecha ni la ciudad que la albergar\u00e1.<\/p>\n<p>Andaluc\u00eda cuenta con destinos tur\u00edsticos populares como Sevilla, Granada, C\u00f3rdoba y M\u00e1laga. La decisi\u00f3n sobre la sede recaer\u00e1 en los organizadores, agreg\u00f3 Moreno.<\/p>\n<p>La primera gala de los Latin Grammy se celebr\u00f3 en Los \u00c1ngeles en 2000. <\/p>\n<p>En 2022, en Las Vegas, la cantante espa\u00f1ola Rosal\u00eda gan\u00f3 en la categor\u00eda de \u00e1lbum del a\u00f1o por \u201cMotomami (Digital Album)\u201d.<\/p>\n","protected":false},"excerpt":{"rendered":"<p>Por primera vez se celebrar\u00e1 en otro pa\u00eds y esta vez, en el sur de Espa\u00f1a<\/p>\n","protected":false},"author":1,"featured_media":1986,"comment_status":"closed","ping_status":"closed","sticky":false,"template":"","format":"standard","meta":{"_crdt_document":"","_jetpack_memberships_contains_paid_content":false,"footnotes":"","jetpack_publicize_message":"Saldr\u00e1n los Latin Grammy de Estados Unidos","jetpack_publicize_feature_enabled":true,"jetpack_social_post_already_shared":true,"jetpack_social_options":{"image_generator_settings":{"template":"highway","default_image_id":0,"font":"","enabled":false},"version":2},"_wpas_customize_per_network":false},"categories":[34],"tags":[],"class_list":["post-1985","post","type-post","status-publish","format-standard","has-post-thumbnail","hentry","category-farandula"],"magazineBlocksPostFeaturedMedia":{"thumbnail":"https:\/\/pornuestrolaredo.com\/wp-content\/uploads\/2023\/02\/107FM-20230222-8-150x150.jpg","medium":"https:\/\/pornuestrolaredo.com\/wp-content\/uploads\/2023\/02\/107FM-20230222-8-300x193.jpg","medium_large":"https:\/\/pornuestrolaredo.com\/wp-content\/uploads\/2023\/02\/107FM-20230222-8-768x495.jpg","large":"https:\/\/pornuestrolaredo.com\/wp-content\/uploads\/2023\/02\/107FM-20230222-8.jpg","1536x1536":"https:\/\/pornuestrolaredo.com\/wp-content\/uploads\/2023\/02\/107FM-20230222-8.jpg","2048x2048":"https:\/\/pornuestrolaredo.com\/wp-content\/uploads\/2023\/02\/107FM-20230222-8.jpg","morenews-large":"https:\/\/pornuestrolaredo.com\/wp-content\/uploads\/2023\/02\/107FM-20230222-8.jpg","morenews-medium":"https:\/\/pornuestrolaredo.com\/wp-content\/uploads\/2023\/02\/107FM-20230222-8.jpg"},"magazineBlocksPostAuthor":{"name":"Redactor","avatar":"https:\/\/pornuestrolaredo.com\/wp-content\/litespeed\/avatar\/dca1d7ec750c399f025f23b0b314f4cf.jpg?ver=1777612120"},"magazineBlocksPostCommentsNumber":false,"magazineBlocksPostExcerpt":"Por primera vez se celebrar\u00e1 en otro pa\u00eds y esta vez, en el sur de Espa\u00f1a","magazineBlocksPostCategories":["Far\u00e1ndula"],"magazineBlocksPostViewCount":158,"magazineBlocksPostReadTime":1,"magazine_blocks_featured_image_url":{"full":["https:\/\/pornuestrolaredo.com\/wp-content\/uploads\/2023\/02\/107FM-20230222-8.jpg",1000,644,false],"medium":["https:\/\/pornuestrolaredo.com\/wp-content\/uploads\/2023\/02\/107FM-20230222-8-300x193.jpg",300,193,true],"thumbnail":["https:\/\/pornuestrolaredo.com\/wp-content\/uploads\/2023\/02\/107FM-20230222-8-150x150.jpg",150,150,true]},"magazine_blocks_author":{"display_name":"Redactor","author_link":"https:\/\/pornuestrolaredo.com\/?author=1"},"magazine_blocks_comment":0,"magazine_blocks_author_image":"https:\/\/pornuestrolaredo.com\/wp-content\/litespeed\/avatar\/dca1d7ec750c399f025f23b0b314f4cf.jpg?ver=1777612120","magazine_blocks_category":"<a href=\"#\" class=\"category-link category-link-34\">Far\u00e1ndula<\/a>","jetpack_publicize_connections":[],"featured_image_urls":{"full":["https:\/\/pornuestrolaredo.com\/wp-content\/uploads\/2023\/02\/107FM-20230222-8.jpg",1000,644,false],"thumbnail":["https:\/\/pornuestrolaredo.com\/wp-content\/uploads\/2023\/02\/107FM-20230222-8-150x150.jpg",150,150,true],"medium":["https:\/\/pornuestrolaredo.com\/wp-content\/uploads\/2023\/02\/107FM-20230222-8-300x193.jpg",300,193,true],"medium_large":["https:\/\/pornuestrolaredo.com\/wp-content\/uploads\/2023\/02\/107FM-20230222-8-768x495.jpg",640,413,true],"large":["https:\/\/pornuestrolaredo.com\/wp-content\/uploads\/2023\/02\/107FM-20230222-8.jpg",640,412,false],"1536x1536":["https:\/\/pornuestrolaredo.com\/wp-content\/uploads\/2023\/02\/107FM-20230222-8.jpg",1000,644,false],"2048x2048":["https:\/\/pornuestrolaredo.com\/wp-content\/uploads\/2023\/02\/107FM-20230222-8.jpg",1000,644,false],"morenews-large":["https:\/\/pornuestrolaredo.com\/wp-content\/uploads\/2023\/02\/107FM-20230222-8.jpg",825,531,false],"morenews-medium":["https:\/\/pornuestrolaredo.com\/wp-content\/uploads\/2023\/02\/107FM-20230222-8.jpg",590,380,false]},"author_info":{"info":["Redactor"]},"category_info":"<a href=\"https:\/\/pornuestrolaredo.com\/?cat=34\" rel=\"category\">Far\u00e1ndula<\/a>","tag_info":"Far\u00e1ndula","comment_count":"0","jetpack_featured_media_url":"https:\/\/pornuestrolaredo.com\/wp-content\/uploads\/2023\/02\/107FM-20230222-8.jpg","jetpack_sharing_enabled":true,"_links":{"self":[{"href":"https:\/\/pornuestrolaredo.com\/index.php?rest_route=\/wp\/v2\/posts\/1985","targetHints":{"allow":["GET"]}}],"collection":[{"href":"https:\/\/pornuestrolaredo.com\/index.php?rest_route=\/wp\/v2\/posts"}],"about":[{"href":"https:\/\/pornuestrolaredo.com\/index.php?rest_route=\/wp\/v2\/types\/post"}],"author":[{"embeddable":true,"href":"https:\/\/pornuestrolaredo.com\/index.php?rest_route=\/wp\/v2\/users\/1"}],"replies":[{"embeddable":true,"href":"https:\/\/pornuestrolaredo.com\/index.php?rest_route=%2Fwp%2Fv2%2Fcomments&post=1985"}],"version-history":[{"count":1,"href":"https:\/\/pornuestrolaredo.com\/index.php?rest_route=\/wp\/v2\/posts\/1985\/revisions"}],"predecessor-version":[{"id":1987,"href":"https:\/\/pornuestrolaredo.com\/index.php?rest_route=\/wp\/v2\/posts\/1985\/revisions\/1987"}],"wp:featuredmedia":[{"embeddable":true,"href":"https:\/\/pornuestrolaredo.com\/index.php?rest_route=\/wp\/v2\/media\/1986"}],"wp:attachment":[{"href":"https:\/\/pornuestrolaredo.com\/index.php?rest_route=%2Fwp%2Fv2%2Fmedia&parent=1985"}],"wp:term":[{"taxonomy":"category","embeddable":true,"href":"https:\/\/pornuestrolaredo.com\/index.php?rest_route=%2Fwp%2Fv2%2Fcategories&post=1985"},{"taxonomy":"post_tag","embeddable":true,"href":"https:\/\/pornuestrolaredo.com\/index.php?rest_route=%2Fwp%2Fv2%2Ftags&post=1985"}],"curies":[{"name":"wp","href":"https:\/\/api.w.org\/{rel}","templated":true}]}}