{"id":1993,"date":"2023-03-02T22:52:09","date_gmt":"2023-03-02T22:52:09","guid":{"rendered":"https:\/\/pornuestrolaredo.com\/?p=1993"},"modified":"2023-03-02T22:52:26","modified_gmt":"2023-03-02T22:52:26","slug":"1993","status":"publish","type":"post","link":"https:\/\/pornuestrolaredo.com\/?p=1993","title":{"rendered":"Arranca el noveno Congreso IUVE"},"content":{"rendered":"<p><strong><em>NUEVO LAREDO.-<\/em> <\/strong> El impulso al desarrollo de los j\u00f3venes de Nuevo Laredo es una prioridad, as\u00ed lo declar\u00f3 la alcaldesa Carmen Lilia Canturosas Villarreal, quien ante m\u00e1s de mil 200 estudiantes de preparatoria refrend\u00f3 su compromiso de continuar trabajando en pol\u00edticas y programas que impulsen el talento de las juventudes locales.<br \/>\n<img decoding=\"async\" src=\"https:\/\/pornuestrolaredo.com\/wp-content\/uploads\/2023\/03\/Congreso-2-300x200.jpg\" alt=\"\" width=\"300\" height=\"200\" class=\"alignnone size-medium wp-image-1995\" srcset=\"https:\/\/pornuestrolaredo.com\/wp-content\/uploads\/2023\/03\/Congreso-2-300x200.jpg 300w, https:\/\/pornuestrolaredo.com\/wp-content\/uploads\/2023\/03\/Congreso-2-1024x682.jpg 1024w, https:\/\/pornuestrolaredo.com\/wp-content\/uploads\/2023\/03\/Congreso-2-768x512.jpg 768w, https:\/\/pornuestrolaredo.com\/wp-content\/uploads\/2023\/03\/Congreso-2.jpg 1280w\" sizes=\"(max-width: 300px) 100vw, 300px\" \/><\/p>\n<p><img decoding=\"async\" src=\"https:\/\/pornuestrolaredo.com\/wp-content\/uploads\/2023\/03\/Congreso-3-300x200.jpg\" alt=\"\" width=\"300\" height=\"200\" class=\"alignnone size-medium wp-image-1996\" srcset=\"https:\/\/pornuestrolaredo.com\/wp-content\/uploads\/2023\/03\/Congreso-3-300x200.jpg 300w, https:\/\/pornuestrolaredo.com\/wp-content\/uploads\/2023\/03\/Congreso-3-1024x682.jpg 1024w, https:\/\/pornuestrolaredo.com\/wp-content\/uploads\/2023\/03\/Congreso-3-768x512.jpg 768w, https:\/\/pornuestrolaredo.com\/wp-content\/uploads\/2023\/03\/Congreso-3.jpg 1280w\" sizes=\"(max-width: 300px) 100vw, 300px\" \/><br \/>\nEn el marco del noveno Congreso IUVE &#8220;Despegando hacia el \u00e9xito&#8221;, una iniciativa organizada por el Colegio Irland\u00e9s con apoyo del Gobierno Municipal, la presidenta municipal dialog\u00f3 con estudiantes de diferentes preparatorias que se dieron cita en este recinto.<\/p>\n<p>En su discurso, la alcaldesa Carmen Lilia reiter\u00f3 su compromiso con los j\u00f3venes y el sector educativo para formar l\u00edderes que contribuyan a consolidar a Nuevo Laredo como un referente de desarrollo. <\/p>\n<blockquote><p>La mejor inversi\u00f3n que podemos hacer como gobierno est\u00e1 en la educaci\u00f3n, por eso continuaremos con nuestros programas de apoyos escolares para beneficiar a nuestros estudiantes, seguiremos trabajando de la mano con el gobernador Am\u00e9rico Villarreal Anaya para que juntos despeguemos hacia el \u00e9xito\u201d, apunt\u00f3.<\/p><\/blockquote>\n<p>La presidenta municipal tambi\u00e9n alent\u00f3 al alumnado a ser firmes con sus ideales y a perseguir sus sue\u00f1os, al igual que los motiv\u00f3 a mantenerse por el sendero del \u00e9xito ya que con su \u00edmpetu aportar\u00e1n a tener una comunidad ben\u00e9fica para todo Nuevo Laredo.<\/p>\n<blockquote><p>Los j\u00f3venes son el futuro de Nuevo Laredo, Tamaulipas y todo M\u00e9xico, en sus manos se encuentra el poder de transformar nuestra ciudad y el pa\u00eds. Hoy vivimos una nueva era de crecimiento y estamos en la construcci\u00f3n de una sociedad que brinde bienestar y un mejor futuro para ellos\u201d, enfatiz\u00f3.<\/p><\/blockquote>\n<p>Con la participaci\u00f3n de figuras reconocidas como la periodista Paola Rojas, la astronauta Karen Guerrero y destacados speakers como Miguel Betancur, Pedro Pietro, Rojo Salazar y Paco Ben\u00edtez, los estudiantes compartir\u00e1n durante dos d\u00edas conferencias que les ayudar\u00e1n a fortalecer su formaci\u00f3n.<\/p>\n<p>El congreso tiene como prop\u00f3sito motivar a los j\u00f3venes, mediante conferencias impartidas por personas de renombre a que tomen liderazgo con sentido humano para fortalecer a la sociedad y sea capaz de afrontar los retos que se presenten, adem\u00e1s de contribuir a la construcci\u00f3n de un mejor tejido social.<\/p>\n<p>El evento cont\u00f3 con la presencia de: Deanna Kim, c\u00f3nsul general de Estados Unidos en Nuevo Laredo; Maricarmen Cort\u00e9s Aguirre, directora del Instituto Irland\u00e9s y Monse\u00f1or Enrique S\u00e1nchez Mart\u00ednez, Obispo de la Di\u00f3cesis de la ciudad.<\/p>\n","protected":false},"excerpt":{"rendered":"<p>J\u00f3venes disfrutan de la participaci\u00f3n de la periodista Paola Rojas, la astronauta Karen Guerrero y destacados speakers como Miguel Betancur, Pedro Pietro, Rojo Salazar y Paco Benitez<\/p>\n","protected":false},"author":1,"featured_media":1994,"comment_status":"closed","ping_status":"closed","sticky":false,"template":"","format":"standard","meta":{"_crdt_document":"","_jetpack_memberships_contains_paid_content":false,"footnotes":"","jetpack_publicize_message":"","jetpack_publicize_feature_enabled":true,"jetpack_social_post_already_shared":true,"jetpack_social_options":{"image_generator_settings":{"template":"highway","default_image_id":0,"font":"","enabled":false},"version":2},"_wpas_customize_per_network":false},"categories":[4],"tags":[],"class_list":["post-1993","post","type-post","status-publish","format-standard","has-post-thumbnail","hentry","category-los-dos-laredos"],"magazineBlocksPostFeaturedMedia":{"thumbnail":"https:\/\/pornuestrolaredo.com\/wp-content\/uploads\/2023\/03\/Congreso-1-150x150.jpg","medium":"https:\/\/pornuestrolaredo.com\/wp-content\/uploads\/2023\/03\/Congreso-1-300x200.jpg","medium_large":"https:\/\/pornuestrolaredo.com\/wp-content\/uploads\/2023\/03\/Congreso-1-768x512.jpg","large":"https:\/\/pornuestrolaredo.com\/wp-content\/uploads\/2023\/03\/Congreso-1-1024x682.jpg","1536x1536":"https:\/\/pornuestrolaredo.com\/wp-content\/uploads\/2023\/03\/Congreso-1.jpg","2048x2048":"https:\/\/pornuestrolaredo.com\/wp-content\/uploads\/2023\/03\/Congreso-1.jpg","morenews-large":"https:\/\/pornuestrolaredo.com\/wp-content\/uploads\/2023\/03\/Congreso-1.jpg","morenews-medium":"https:\/\/pornuestrolaredo.com\/wp-content\/uploads\/2023\/03\/Congreso-1.jpg"},"magazineBlocksPostAuthor":{"name":"Redactor","avatar":"https:\/\/pornuestrolaredo.com\/wp-content\/litespeed\/avatar\/dca1d7ec750c399f025f23b0b314f4cf.jpg?ver=1777612120"},"magazineBlocksPostCommentsNumber":false,"magazineBlocksPostExcerpt":"J\u00f3venes disfrutan de la participaci\u00f3n de la periodista Paola Rojas, la astronauta Karen Guerrero y destacados speakers como Miguel Betancur, Pedro Pietro, Rojo Salazar y Paco Benitez","magazineBlocksPostCategories":["Los dos Laredos"],"magazineBlocksPostViewCount":130,"magazineBlocksPostReadTime":3,"magazine_blocks_featured_image_url":{"full":["https:\/\/pornuestrolaredo.com\/wp-content\/uploads\/2023\/03\/Congreso-1.jpg",1280,853,false],"medium":["https:\/\/pornuestrolaredo.com\/wp-content\/uploads\/2023\/03\/Congreso-1-300x200.jpg",300,200,true],"thumbnail":["https:\/\/pornuestrolaredo.com\/wp-content\/uploads\/2023\/03\/Congreso-1-150x150.jpg",150,150,true]},"magazine_blocks_author":{"display_name":"Redactor","author_link":"https:\/\/pornuestrolaredo.com\/?author=1"},"magazine_blocks_comment":0,"magazine_blocks_author_image":"https:\/\/pornuestrolaredo.com\/wp-content\/litespeed\/avatar\/dca1d7ec750c399f025f23b0b314f4cf.jpg?ver=1777612120","magazine_blocks_category":"<a href=\"#\" class=\"category-link category-link-4\">Los dos Laredos<\/a>","jetpack_publicize_connections":[],"featured_image_urls":{"full":["https:\/\/pornuestrolaredo.com\/wp-content\/uploads\/2023\/03\/Congreso-1.jpg",1280,853,false],"thumbnail":["https:\/\/pornuestrolaredo.com\/wp-content\/uploads\/2023\/03\/Congreso-1-150x150.jpg",150,150,true],"medium":["https:\/\/pornuestrolaredo.com\/wp-content\/uploads\/2023\/03\/Congreso-1-300x200.jpg",300,200,true],"medium_large":["https:\/\/pornuestrolaredo.com\/wp-content\/uploads\/2023\/03\/Congreso-1-768x512.jpg",640,427,true],"large":["https:\/\/pornuestrolaredo.com\/wp-content\/uploads\/2023\/03\/Congreso-1-1024x682.jpg",640,426,true],"1536x1536":["https:\/\/pornuestrolaredo.com\/wp-content\/uploads\/2023\/03\/Congreso-1.jpg",1280,853,false],"2048x2048":["https:\/\/pornuestrolaredo.com\/wp-content\/uploads\/2023\/03\/Congreso-1.jpg",1280,853,false],"morenews-large":["https:\/\/pornuestrolaredo.com\/wp-content\/uploads\/2023\/03\/Congreso-1.jpg",825,550,false],"morenews-medium":["https:\/\/pornuestrolaredo.com\/wp-content\/uploads\/2023\/03\/Congreso-1.jpg",590,393,false]},"author_info":{"info":["Redactor"]},"category_info":"<a href=\"https:\/\/pornuestrolaredo.com\/?cat=4\" rel=\"category\">Los dos Laredos<\/a>","tag_info":"Los dos Laredos","comment_count":"0","jetpack_featured_media_url":"https:\/\/pornuestrolaredo.com\/wp-content\/uploads\/2023\/03\/Congreso-1.jpg","jetpack_sharing_enabled":true,"_links":{"self":[{"href":"https:\/\/pornuestrolaredo.com\/index.php?rest_route=\/wp\/v2\/posts\/1993","targetHints":{"allow":["GET"]}}],"collection":[{"href":"https:\/\/pornuestrolaredo.com\/index.php?rest_route=\/wp\/v2\/posts"}],"about":[{"href":"https:\/\/pornuestrolaredo.com\/index.php?rest_route=\/wp\/v2\/types\/post"}],"author":[{"embeddable":true,"href":"https:\/\/pornuestrolaredo.com\/index.php?rest_route=\/wp\/v2\/users\/1"}],"replies":[{"embeddable":true,"href":"https:\/\/pornuestrolaredo.com\/index.php?rest_route=%2Fwp%2Fv2%2Fcomments&post=1993"}],"version-history":[{"count":3,"href":"https:\/\/pornuestrolaredo.com\/index.php?rest_route=\/wp\/v2\/posts\/1993\/revisions"}],"predecessor-version":[{"id":1999,"href":"https:\/\/pornuestrolaredo.com\/index.php?rest_route=\/wp\/v2\/posts\/1993\/revisions\/1999"}],"wp:featuredmedia":[{"embeddable":true,"href":"https:\/\/pornuestrolaredo.com\/index.php?rest_route=\/wp\/v2\/media\/1994"}],"wp:attachment":[{"href":"https:\/\/pornuestrolaredo.com\/index.php?rest_route=%2Fwp%2Fv2%2Fmedia&parent=1993"}],"wp:term":[{"taxonomy":"category","embeddable":true,"href":"https:\/\/pornuestrolaredo.com\/index.php?rest_route=%2Fwp%2Fv2%2Fcategories&post=1993"},{"taxonomy":"post_tag","embeddable":true,"href":"https:\/\/pornuestrolaredo.com\/index.php?rest_route=%2Fwp%2Fv2%2Ftags&post=1993"}],"curies":[{"name":"wp","href":"https:\/\/api.w.org\/{rel}","templated":true}]}}