{"id":2000,"date":"2023-03-08T00:54:27","date_gmt":"2023-03-08T00:54:27","guid":{"rendered":"https:\/\/pornuestrolaredo.com\/?p=2000"},"modified":"2023-03-08T00:54:27","modified_gmt":"2023-03-08T00:54:27","slug":"reinstalan-sistema-de-proteccion-para-la-ninez","status":"publish","type":"post","link":"https:\/\/pornuestrolaredo.com\/?p=2000","title":{"rendered":"Reinstalan sistema de protecci\u00f3n para la ni\u00f1ez"},"content":{"rendered":"<p><strong><em>NUEVO LAREDO.-<\/em><\/strong> El Gobierno Municipal refrend\u00f3 su compromiso con las ni\u00f1as, ni\u00f1os y adolescentes de Nuevo Laredo para garantizar el respeto a sus derechos, impulsar su desarrollo y bienestar a trav\u00e9s de diferentes acciones y pol\u00edticas p\u00fablicas.<\/p>\n<p>En el marco de la reinstalaci\u00f3n del &#8220;Sistema Municipal de Protecci\u00f3n Integral de los Derechos de Ni\u00f1as, Ni\u00f1os y Adolescentes (SIPINNA), la alcaldesa Carmen Lilia Canturosas se\u00f1al\u00f3 que d\u00eda a d\u00eda se trabaja en la construcci\u00f3n de un Nuevo Laredo con igualdad de oportunidades, inclusivo y respetuoso.<\/p>\n<blockquote><p>En nuestro gobierno, trabajamos todos los d\u00edas bajo la condici\u00f3n de que las oportunidades de desarrollo y de una mejor calidad de vida, deben ser para todas y todos sin distinciones\u201d, se\u00f1al\u00f3 Canturosas.<\/p><\/blockquote>\n<p>La presidenta municipal destac\u00f3 que a trav\u00e9s de programas de salud, educaci\u00f3n, cultura y deporte, as\u00ed como el trabajo en conjunto con el gobernador Am\u00e9rico Villarreal, el Sistema DIF y diferentes asociaciones civiles, velan por el bienestar de los menores, se plantean acuerdos para crear programas, mecanismos y comisiones para cuidar su desarrollo \u00f3ptimo.<\/p>\n<p>Durante este evento se tom\u00f3 protesta a quienes conformar\u00e1n el Sistema Municipal SIPINNA integrado por la presidenta municipal, s\u00edndicos, regidores, autoridades municipales y del Sistema DIF; as\u00ed como de Asociaciones Civiles.<\/p>\n<p>Las menores Angeline Flores de la Casa Hogar Monse\u00f1or Enrique Tomas Lozano, y Brenda Pe\u00f1a de la Fundaci\u00f3n Ni\u00f1os y Ni\u00f1as en Manos de Mar\u00eda,\u00a0 agradecieron al gobierno municipal por el apoyo que ha brindado, adem\u00e1s de invitarlos a seguir luchando para respetar los derechos de los ni\u00f1os.\u00a0<\/p>\n<p>Posteriormente se proyect\u00f3 un video alusivo a SIPINNA en el que explicaron que desde el 2015 se estableci\u00f3 encabezado\u00a0 por el Presidente de la Rep\u00fablica y conformado junto a autoridades de todas las entidades federativas, los Poderes Legislativo y Judicial, la sociedad civil, junto a ni\u00f1as, ni\u00f1os y adolescentes ah\u00ed compartieron la misma mesa para hablar sobre sus derechos humanos. <\/p>\n<p>Tambi\u00e9n se enlazaron por la plataforma zoom con la maestra Iveth Salazar, secretaria ejecutiva de SIPINNA estatal, quien manifest\u00f3 que a trav\u00e9s de este comit\u00e9 se coordinar\u00e1n acciones y programas relativos a la infancia.<\/p>\n","protected":false},"excerpt":{"rendered":"<p>NUEVO LAREDO.- El Gobierno Municipal refrend\u00f3 su compromiso con las ni\u00f1as, ni\u00f1os y adolescentes de Nuevo Laredo para<\/p>\n","protected":false},"author":1,"featured_media":2001,"comment_status":"open","ping_status":"open","sticky":false,"template":"","format":"standard","meta":{"_crdt_document":"","_jetpack_memberships_contains_paid_content":false,"footnotes":"","jetpack_publicize_message":"","jetpack_publicize_feature_enabled":true,"jetpack_social_post_already_shared":true,"jetpack_social_options":{"image_generator_settings":{"template":"highway","default_image_id":0,"font":"","enabled":false},"version":2},"_wpas_customize_per_network":false},"categories":[4],"tags":[],"class_list":["post-2000","post","type-post","status-publish","format-standard","has-post-thumbnail","hentry","category-los-dos-laredos"],"magazineBlocksPostFeaturedMedia":{"thumbnail":"https:\/\/pornuestrolaredo.com\/wp-content\/uploads\/2023\/03\/Refrendan-150x150.jpg","medium":"https:\/\/pornuestrolaredo.com\/wp-content\/uploads\/2023\/03\/Refrendan-300x200.jpg","medium_large":"https:\/\/pornuestrolaredo.com\/wp-content\/uploads\/2023\/03\/Refrendan-768x512.jpg","large":"https:\/\/pornuestrolaredo.com\/wp-content\/uploads\/2023\/03\/Refrendan.jpg","1536x1536":"https:\/\/pornuestrolaredo.com\/wp-content\/uploads\/2023\/03\/Refrendan.jpg","2048x2048":"https:\/\/pornuestrolaredo.com\/wp-content\/uploads\/2023\/03\/Refrendan.jpg","morenews-large":"https:\/\/pornuestrolaredo.com\/wp-content\/uploads\/2023\/03\/Refrendan.jpg","morenews-medium":"https:\/\/pornuestrolaredo.com\/wp-content\/uploads\/2023\/03\/Refrendan.jpg"},"magazineBlocksPostAuthor":{"name":"Redactor","avatar":"https:\/\/pornuestrolaredo.com\/wp-content\/litespeed\/avatar\/dca1d7ec750c399f025f23b0b314f4cf.jpg?ver=1777612120"},"magazineBlocksPostCommentsNumber":false,"magazineBlocksPostExcerpt":"NUEVO LAREDO.- El Gobierno Municipal refrend\u00f3 su compromiso con las ni\u00f1as, ni\u00f1os y adolescentes de Nuevo Laredo para","magazineBlocksPostCategories":["Los dos Laredos"],"magazineBlocksPostViewCount":127,"magazineBlocksPostReadTime":2,"magazine_blocks_featured_image_url":{"full":["https:\/\/pornuestrolaredo.com\/wp-content\/uploads\/2023\/03\/Refrendan.jpg",850,567,false],"medium":["https:\/\/pornuestrolaredo.com\/wp-content\/uploads\/2023\/03\/Refrendan-300x200.jpg",300,200,true],"thumbnail":["https:\/\/pornuestrolaredo.com\/wp-content\/uploads\/2023\/03\/Refrendan-150x150.jpg",150,150,true]},"magazine_blocks_author":{"display_name":"Redactor","author_link":"https:\/\/pornuestrolaredo.com\/?author=1"},"magazine_blocks_comment":0,"magazine_blocks_author_image":"https:\/\/pornuestrolaredo.com\/wp-content\/litespeed\/avatar\/dca1d7ec750c399f025f23b0b314f4cf.jpg?ver=1777612120","magazine_blocks_category":"<a href=\"#\" class=\"category-link category-link-4\">Los dos Laredos<\/a>","jetpack_publicize_connections":[],"featured_image_urls":{"full":["https:\/\/pornuestrolaredo.com\/wp-content\/uploads\/2023\/03\/Refrendan.jpg",850,567,false],"thumbnail":["https:\/\/pornuestrolaredo.com\/wp-content\/uploads\/2023\/03\/Refrendan-150x150.jpg",150,150,true],"medium":["https:\/\/pornuestrolaredo.com\/wp-content\/uploads\/2023\/03\/Refrendan-300x200.jpg",300,200,true],"medium_large":["https:\/\/pornuestrolaredo.com\/wp-content\/uploads\/2023\/03\/Refrendan-768x512.jpg",640,427,true],"large":["https:\/\/pornuestrolaredo.com\/wp-content\/uploads\/2023\/03\/Refrendan.jpg",640,427,false],"1536x1536":["https:\/\/pornuestrolaredo.com\/wp-content\/uploads\/2023\/03\/Refrendan.jpg",850,567,false],"2048x2048":["https:\/\/pornuestrolaredo.com\/wp-content\/uploads\/2023\/03\/Refrendan.jpg",850,567,false],"morenews-large":["https:\/\/pornuestrolaredo.com\/wp-content\/uploads\/2023\/03\/Refrendan.jpg",825,550,false],"morenews-medium":["https:\/\/pornuestrolaredo.com\/wp-content\/uploads\/2023\/03\/Refrendan.jpg",590,394,false]},"author_info":{"info":["Redactor"]},"category_info":"<a href=\"https:\/\/pornuestrolaredo.com\/?cat=4\" rel=\"category\">Los dos Laredos<\/a>","tag_info":"Los dos Laredos","comment_count":"0","jetpack_featured_media_url":"https:\/\/pornuestrolaredo.com\/wp-content\/uploads\/2023\/03\/Refrendan.jpg","jetpack_sharing_enabled":true,"_links":{"self":[{"href":"https:\/\/pornuestrolaredo.com\/index.php?rest_route=\/wp\/v2\/posts\/2000","targetHints":{"allow":["GET"]}}],"collection":[{"href":"https:\/\/pornuestrolaredo.com\/index.php?rest_route=\/wp\/v2\/posts"}],"about":[{"href":"https:\/\/pornuestrolaredo.com\/index.php?rest_route=\/wp\/v2\/types\/post"}],"author":[{"embeddable":true,"href":"https:\/\/pornuestrolaredo.com\/index.php?rest_route=\/wp\/v2\/users\/1"}],"replies":[{"embeddable":true,"href":"https:\/\/pornuestrolaredo.com\/index.php?rest_route=%2Fwp%2Fv2%2Fcomments&post=2000"}],"version-history":[{"count":1,"href":"https:\/\/pornuestrolaredo.com\/index.php?rest_route=\/wp\/v2\/posts\/2000\/revisions"}],"predecessor-version":[{"id":2002,"href":"https:\/\/pornuestrolaredo.com\/index.php?rest_route=\/wp\/v2\/posts\/2000\/revisions\/2002"}],"wp:featuredmedia":[{"embeddable":true,"href":"https:\/\/pornuestrolaredo.com\/index.php?rest_route=\/wp\/v2\/media\/2001"}],"wp:attachment":[{"href":"https:\/\/pornuestrolaredo.com\/index.php?rest_route=%2Fwp%2Fv2%2Fmedia&parent=2000"}],"wp:term":[{"taxonomy":"category","embeddable":true,"href":"https:\/\/pornuestrolaredo.com\/index.php?rest_route=%2Fwp%2Fv2%2Fcategories&post=2000"},{"taxonomy":"post_tag","embeddable":true,"href":"https:\/\/pornuestrolaredo.com\/index.php?rest_route=%2Fwp%2Fv2%2Ftags&post=2000"}],"curies":[{"name":"wp","href":"https:\/\/api.w.org\/{rel}","templated":true}]}}