{"id":2003,"date":"2023-03-08T00:57:44","date_gmt":"2023-03-08T00:57:44","guid":{"rendered":"https:\/\/pornuestrolaredo.com\/?p=2003"},"modified":"2023-03-08T00:57:44","modified_gmt":"2023-03-08T00:57:44","slug":"va-fiscalia-anticorrupcion-por-rivas","status":"publish","type":"post","link":"https:\/\/pornuestrolaredo.com\/?p=2003","title":{"rendered":"Va fiscal\u00eda anticorrupci\u00f3n por Rivas"},"content":{"rendered":"<p><strong><em>NUEVO LAREDO.- <\/em><\/strong>El exalcalde de Nuevo Laredo, Enrique \u201cN\u201d y sus allegados deber\u00e1n de comparecer ante un juez de control luego de que la Fiscal\u00eda Anticorrupci\u00f3n encontr\u00f3 elementos suficientes para investigarlos por incurrir en actos il\u00edcitos.<\/p>\n<p>Enrique \u201cN\u201d junto a quienes fueran sus s\u00edndicos. Dorina \u201cN\u201d y Santiago \u201cN\u201d, deber\u00e1n comparecer como imputados ante un juez de control acusados de actos de corrupci\u00f3n en la compraventa de unos terrenos.<\/p>\n<p>El exalcalde panista encabez\u00f3 la compra de un terreno en la que se habr\u00eda de construir el World Trade Center. Dicho predio fue adquirido a un sobrecosto de hasta 50 millones de pesos, con la complicidad con los exs\u00edndicos.<\/p>\n<p>Los exfuncionarios, al igual que el representante legal de Inmuebles Gran Boulevard, habr\u00edan cometido el delito de \u201cEjercicio il\u00edcito de servicio p\u00fablico\u201d y \u201cUso il\u00edcito de atribuciones y facultades\u201d, por lo que adem\u00e1s de reparar el da\u00f1o con la restituci\u00f3n econ\u00f3mica del monto pagado a sobreprecio, estar\u00edan pasando hasta 28 a\u00f1os en la c\u00e1rcel.<\/p>\n<p>De acuerdo con la Fiscal\u00eda Anticorrupci\u00f3n, los imputados deber\u00e1n presentarse el 21 de marzo en la sede judicial de Nuevo Laredo para comparecer ante un juez de control.<\/p>\n<p>Las denuncias en contra de Enrique \u201cN\u201d y sus compinches, fueron el resultado de seis meses de investigaci\u00f3n por parte de la Comisi\u00f3n de la Verdad y Anticorrupci\u00f3n, integrada por las diferentes fuerzas pol\u00edticas del Cabildo de Nuevo Laredo, as\u00ed como la labor de la Contralor\u00eda Municipal.<\/p>\n<p>Tras haber detectado irregularidades en el manejo de recursos p\u00fablicos, se presentaron las denuncias correspondientes ante el Ministerio P\u00fablico y posteriormente un exhorto para que la Fiscal\u00eda diera celeridad a las demandas. Meses despu\u00e9s la Fiscal\u00eda Anticorrupci\u00f3n consider\u00f3 que existen elementos que pueden configurar delitos cometidos por servidores p\u00fablicos por lo que solicit\u00f3 una audiencia de imputaci\u00f3n en contra del ex presidente municipal, los dos ex s\u00edndicos y el representante legal de Inmuebles Gran Boulevard.<\/p>\n","protected":false},"excerpt":{"rendered":"<p>Juez de control ordena la comparencia del exalcalde y varios de sus allegados<\/p>\n","protected":false},"author":1,"featured_media":2004,"comment_status":"closed","ping_status":"closed","sticky":false,"template":"","format":"standard","meta":{"_crdt_document":"","_jetpack_memberships_contains_paid_content":false,"footnotes":"","jetpack_publicize_message":"","jetpack_publicize_feature_enabled":true,"jetpack_social_post_already_shared":true,"jetpack_social_options":{"image_generator_settings":{"template":"highway","default_image_id":0,"font":"","enabled":false},"version":2},"_wpas_customize_per_network":false},"categories":[4],"tags":[],"class_list":["post-2003","post","type-post","status-publish","format-standard","has-post-thumbnail","hentry","category-los-dos-laredos"],"magazineBlocksPostFeaturedMedia":{"thumbnail":"https:\/\/pornuestrolaredo.com\/wp-content\/uploads\/2023\/03\/Denuncia-150x150.jpg","medium":"https:\/\/pornuestrolaredo.com\/wp-content\/uploads\/2023\/03\/Denuncia-300x186.jpg","medium_large":"https:\/\/pornuestrolaredo.com\/wp-content\/uploads\/2023\/03\/Denuncia-768x475.jpg","large":"https:\/\/pornuestrolaredo.com\/wp-content\/uploads\/2023\/03\/Denuncia.jpg","1536x1536":"https:\/\/pornuestrolaredo.com\/wp-content\/uploads\/2023\/03\/Denuncia.jpg","2048x2048":"https:\/\/pornuestrolaredo.com\/wp-content\/uploads\/2023\/03\/Denuncia.jpg","morenews-large":"https:\/\/pornuestrolaredo.com\/wp-content\/uploads\/2023\/03\/Denuncia.jpg","morenews-medium":"https:\/\/pornuestrolaredo.com\/wp-content\/uploads\/2023\/03\/Denuncia.jpg"},"magazineBlocksPostAuthor":{"name":"Redactor","avatar":"https:\/\/pornuestrolaredo.com\/wp-content\/litespeed\/avatar\/dca1d7ec750c399f025f23b0b314f4cf.jpg?ver=1777612120"},"magazineBlocksPostCommentsNumber":false,"magazineBlocksPostExcerpt":"Juez de control ordena la comparencia del exalcalde y varios de sus allegados","magazineBlocksPostCategories":["Los dos Laredos"],"magazineBlocksPostViewCount":115,"magazineBlocksPostReadTime":2,"magazine_blocks_featured_image_url":{"full":["https:\/\/pornuestrolaredo.com\/wp-content\/uploads\/2023\/03\/Denuncia.jpg",1000,619,false],"medium":["https:\/\/pornuestrolaredo.com\/wp-content\/uploads\/2023\/03\/Denuncia-300x186.jpg",300,186,true],"thumbnail":["https:\/\/pornuestrolaredo.com\/wp-content\/uploads\/2023\/03\/Denuncia-150x150.jpg",150,150,true]},"magazine_blocks_author":{"display_name":"Redactor","author_link":"https:\/\/pornuestrolaredo.com\/?author=1"},"magazine_blocks_comment":0,"magazine_blocks_author_image":"https:\/\/pornuestrolaredo.com\/wp-content\/litespeed\/avatar\/dca1d7ec750c399f025f23b0b314f4cf.jpg?ver=1777612120","magazine_blocks_category":"<a href=\"#\" class=\"category-link category-link-4\">Los dos Laredos<\/a>","jetpack_publicize_connections":[],"featured_image_urls":{"full":["https:\/\/pornuestrolaredo.com\/wp-content\/uploads\/2023\/03\/Denuncia.jpg",1000,619,false],"thumbnail":["https:\/\/pornuestrolaredo.com\/wp-content\/uploads\/2023\/03\/Denuncia-150x150.jpg",150,150,true],"medium":["https:\/\/pornuestrolaredo.com\/wp-content\/uploads\/2023\/03\/Denuncia-300x186.jpg",300,186,true],"medium_large":["https:\/\/pornuestrolaredo.com\/wp-content\/uploads\/2023\/03\/Denuncia-768x475.jpg",640,396,true],"large":["https:\/\/pornuestrolaredo.com\/wp-content\/uploads\/2023\/03\/Denuncia.jpg",640,396,false],"1536x1536":["https:\/\/pornuestrolaredo.com\/wp-content\/uploads\/2023\/03\/Denuncia.jpg",1000,619,false],"2048x2048":["https:\/\/pornuestrolaredo.com\/wp-content\/uploads\/2023\/03\/Denuncia.jpg",1000,619,false],"morenews-large":["https:\/\/pornuestrolaredo.com\/wp-content\/uploads\/2023\/03\/Denuncia.jpg",825,511,false],"morenews-medium":["https:\/\/pornuestrolaredo.com\/wp-content\/uploads\/2023\/03\/Denuncia.jpg",590,365,false]},"author_info":{"info":["Redactor"]},"category_info":"<a href=\"https:\/\/pornuestrolaredo.com\/?cat=4\" rel=\"category\">Los dos Laredos<\/a>","tag_info":"Los dos Laredos","comment_count":"0","jetpack_featured_media_url":"https:\/\/pornuestrolaredo.com\/wp-content\/uploads\/2023\/03\/Denuncia.jpg","jetpack_sharing_enabled":true,"_links":{"self":[{"href":"https:\/\/pornuestrolaredo.com\/index.php?rest_route=\/wp\/v2\/posts\/2003","targetHints":{"allow":["GET"]}}],"collection":[{"href":"https:\/\/pornuestrolaredo.com\/index.php?rest_route=\/wp\/v2\/posts"}],"about":[{"href":"https:\/\/pornuestrolaredo.com\/index.php?rest_route=\/wp\/v2\/types\/post"}],"author":[{"embeddable":true,"href":"https:\/\/pornuestrolaredo.com\/index.php?rest_route=\/wp\/v2\/users\/1"}],"replies":[{"embeddable":true,"href":"https:\/\/pornuestrolaredo.com\/index.php?rest_route=%2Fwp%2Fv2%2Fcomments&post=2003"}],"version-history":[{"count":1,"href":"https:\/\/pornuestrolaredo.com\/index.php?rest_route=\/wp\/v2\/posts\/2003\/revisions"}],"predecessor-version":[{"id":2005,"href":"https:\/\/pornuestrolaredo.com\/index.php?rest_route=\/wp\/v2\/posts\/2003\/revisions\/2005"}],"wp:featuredmedia":[{"embeddable":true,"href":"https:\/\/pornuestrolaredo.com\/index.php?rest_route=\/wp\/v2\/media\/2004"}],"wp:attachment":[{"href":"https:\/\/pornuestrolaredo.com\/index.php?rest_route=%2Fwp%2Fv2%2Fmedia&parent=2003"}],"wp:term":[{"taxonomy":"category","embeddable":true,"href":"https:\/\/pornuestrolaredo.com\/index.php?rest_route=%2Fwp%2Fv2%2Fcategories&post=2003"},{"taxonomy":"post_tag","embeddable":true,"href":"https:\/\/pornuestrolaredo.com\/index.php?rest_route=%2Fwp%2Fv2%2Ftags&post=2003"}],"curies":[{"name":"wp","href":"https:\/\/api.w.org\/{rel}","templated":true}]}}