{"id":2007,"date":"2023-03-08T20:21:38","date_gmt":"2023-03-08T20:21:38","guid":{"rendered":"https:\/\/pornuestrolaredo.com\/?p=2007"},"modified":"2023-03-08T20:21:38","modified_gmt":"2023-03-08T20:21:38","slug":"confirman-proceso-penal-contra-ex-alcalde","status":"publish","type":"post","link":"https:\/\/pornuestrolaredo.com\/?p=2007","title":{"rendered":"Confirman proceso penal contra ex alcalde"},"content":{"rendered":"<p><strong><em>NUEVO LAREDO.-<\/em> <\/strong>El titular de la anterior administraci\u00f3n municipal de Nuevo Laredo fue citado por un juez de control a comparecer como imputado acusado de actos de corrupci\u00f3n en la compraventa de unos terrenos, confirm\u00f3 la ma\u00f1ana de este mi\u00e9rcoles el Gobierno Municipal durante una conferencia de prensa encabezada por Juan \u00c1ngel Mart\u00ednez Salazar, secretario del Ayuntamiento.<\/p>\n<p>Con el exalcalde, tambi\u00e9n se cit\u00f3 a los dos s\u00edndicos de la anterior administraci\u00f3n y \u00a0al representante legal de Inmuebles Gran Boulevard.<\/p>\n<p>Adem\u00e1s, el contralor municipal asegur\u00f3 que el actual Gobierno Municipal mantiene vigentes 85 investigaciones contra exfuncionarios de la anterior adminstraci\u00f3n.<\/p>\n<p>Los tres exfuncionarios y el representante legal de Inmuebles Gran Boulevard est\u00e1n acusados de adquirir un terreno a un sobrecosto de hasta 50 millones de pesos, predio en el que se supone que se construir\u00eda el World Trade Center, proyecto que jam\u00e1s se llev\u00f3 a cabo.<\/p>\n<blockquote><p>La Fiscal\u00eda Anticorrupci\u00f3n solicit\u00f3 una audiencia de imputaci\u00f3n contra del expresidente municipal y s\u00edndicos de la administraci\u00f3n 2018-2021 tras haber encontrado elementos que pudieran configurar delitos cometidos por servidores p\u00fablicos\u201d, dijo la alcaldesa Carmen Lilia Canturosas en un mensaje le\u00eddo por Mart\u00ednez Salazar. La presidenta se hallaba en ese momento encabezando la conmemoraci\u00f3n del D\u00eda Internacional de la Mujer.<\/p><\/blockquote>\n<p>La cita, ordenada por un juez de control, se debe de llevar a cabo el 21 de marzo, de acuerdo con Canturosas y con los documentos que Mart\u00ednez Salazar present\u00f3 durante la conferencia de prensa.<\/p>\n<blockquote><p>\u00a1Nosotros no somos un gobierno de simulaci\u00f3n. Somos un gobierno de resultados que siempre velar\u00e1 por el bienestar y los intereses del pueblo de Nuevo Laredo y hoy lo estamos refrendando\u201d, agreg\u00f3 Carmen Lilia en una aparente respuesta al exalcalde, quien asegura que \u201ctodo es medi\u00e1tico\u201d.<\/p><\/blockquote>\n<p>Advirti\u00f3 que compromiso de castigar a quienes violaron la ley sigue firme \u201cporque las y los neolaredenses merecen saber la verdad\u201d.<\/p>\n<p>Mart\u00ednez Salazar dijo que este es resultado de un trabajo de meses de investigaci\u00f3n por parte de la Comisi\u00f3n de la Verdad y posteriormente de la Contralor\u00eda y el \u00e1rea jur\u00eddica del Municipio.<\/p>\n<blockquote><p>Esto no es una simulaci\u00f3n, no es una falacia ni es una situaci\u00f3n medi\u00e1tica. Aqu\u00ed est\u00e1 la c\u00e9dula de notificaci\u00f3n donde ya el juzgado nos ha notificado a nosotros de la celebraci\u00f3n de una audicencia que se llevar\u00e1 a cabo ese d\u00eda (21 de marzo), corresponde a la carpeta procesal n\u00famero 038\/2023\u201d, dijo Mart\u00ednez Salazar. <\/p><\/blockquote>\n<p>A la audiencia, que se realizar\u00e1 en Nuevo Laredo, deber\u00e1n acudir Enrique \u201cN\u201d, Dorina \u201cN\u201d y Santiago \u201cN\u201d, para ser presentados ante el juez de control como imputados y hacerles saber los cargos que pesan en su contra.<\/p>\n","protected":false},"excerpt":{"rendered":"<p>NUEVO LAREDO.- El titular de la anterior administraci\u00f3n municipal de Nuevo Laredo fue citado por un juez de<\/p>\n","protected":false},"author":1,"featured_media":2008,"comment_status":"closed","ping_status":"closed","sticky":false,"template":"","format":"standard","meta":{"_crdt_document":"","_jetpack_memberships_contains_paid_content":false,"footnotes":"","jetpack_publicize_message":"","jetpack_publicize_feature_enabled":true,"jetpack_social_post_already_shared":true,"jetpack_social_options":{"image_generator_settings":{"template":"highway","default_image_id":0,"font":"","enabled":false},"version":2},"_wpas_customize_per_network":false},"categories":[1],"tags":[],"class_list":["post-2007","post","type-post","status-publish","format-standard","has-post-thumbnail","hentry","category-uncategorized"],"magazineBlocksPostFeaturedMedia":{"thumbnail":"https:\/\/pornuestrolaredo.com\/wp-content\/uploads\/2023\/03\/Captura-de-Pantalla-2023-03-08-a-las-13.56.33-150x150.png","medium":"https:\/\/pornuestrolaredo.com\/wp-content\/uploads\/2023\/03\/Captura-de-Pantalla-2023-03-08-a-las-13.56.33-300x149.png","medium_large":"https:\/\/pornuestrolaredo.com\/wp-content\/uploads\/2023\/03\/Captura-de-Pantalla-2023-03-08-a-las-13.56.33-768x380.png","large":"https:\/\/pornuestrolaredo.com\/wp-content\/uploads\/2023\/03\/Captura-de-Pantalla-2023-03-08-a-las-13.56.33-1024x507.png","1536x1536":"https:\/\/pornuestrolaredo.com\/wp-content\/uploads\/2023\/03\/Captura-de-Pantalla-2023-03-08-a-las-13.56.33-1536x761.png","2048x2048":"https:\/\/pornuestrolaredo.com\/wp-content\/uploads\/2023\/03\/Captura-de-Pantalla-2023-03-08-a-las-13.56.33.png","morenews-large":"https:\/\/pornuestrolaredo.com\/wp-content\/uploads\/2023\/03\/Captura-de-Pantalla-2023-03-08-a-las-13.56.33.png","morenews-medium":"https:\/\/pornuestrolaredo.com\/wp-content\/uploads\/2023\/03\/Captura-de-Pantalla-2023-03-08-a-las-13.56.33.png"},"magazineBlocksPostAuthor":{"name":"Redactor","avatar":"https:\/\/pornuestrolaredo.com\/wp-content\/litespeed\/avatar\/dca1d7ec750c399f025f23b0b314f4cf.jpg?ver=1777612120"},"magazineBlocksPostCommentsNumber":false,"magazineBlocksPostExcerpt":"NUEVO LAREDO.- El titular de la anterior administraci\u00f3n municipal de Nuevo Laredo fue citado por un juez de","magazineBlocksPostCategories":["Uncategorized"],"magazineBlocksPostViewCount":133,"magazineBlocksPostReadTime":3,"magazine_blocks_featured_image_url":{"full":["https:\/\/pornuestrolaredo.com\/wp-content\/uploads\/2023\/03\/Captura-de-Pantalla-2023-03-08-a-las-13.56.33.png",1557,771,false],"medium":["https:\/\/pornuestrolaredo.com\/wp-content\/uploads\/2023\/03\/Captura-de-Pantalla-2023-03-08-a-las-13.56.33-300x149.png",300,149,true],"thumbnail":["https:\/\/pornuestrolaredo.com\/wp-content\/uploads\/2023\/03\/Captura-de-Pantalla-2023-03-08-a-las-13.56.33-150x150.png",150,150,true]},"magazine_blocks_author":{"display_name":"Redactor","author_link":"https:\/\/pornuestrolaredo.com\/?author=1"},"magazine_blocks_comment":0,"magazine_blocks_author_image":"https:\/\/pornuestrolaredo.com\/wp-content\/litespeed\/avatar\/dca1d7ec750c399f025f23b0b314f4cf.jpg?ver=1777612120","magazine_blocks_category":"<a href=\"#\" class=\"category-link category-link-1\">Uncategorized<\/a>","jetpack_publicize_connections":[],"featured_image_urls":{"full":["https:\/\/pornuestrolaredo.com\/wp-content\/uploads\/2023\/03\/Captura-de-Pantalla-2023-03-08-a-las-13.56.33.png",1557,771,false],"thumbnail":["https:\/\/pornuestrolaredo.com\/wp-content\/uploads\/2023\/03\/Captura-de-Pantalla-2023-03-08-a-las-13.56.33-150x150.png",150,150,true],"medium":["https:\/\/pornuestrolaredo.com\/wp-content\/uploads\/2023\/03\/Captura-de-Pantalla-2023-03-08-a-las-13.56.33-300x149.png",300,149,true],"medium_large":["https:\/\/pornuestrolaredo.com\/wp-content\/uploads\/2023\/03\/Captura-de-Pantalla-2023-03-08-a-las-13.56.33-768x380.png",640,317,true],"large":["https:\/\/pornuestrolaredo.com\/wp-content\/uploads\/2023\/03\/Captura-de-Pantalla-2023-03-08-a-las-13.56.33-1024x507.png",640,317,true],"1536x1536":["https:\/\/pornuestrolaredo.com\/wp-content\/uploads\/2023\/03\/Captura-de-Pantalla-2023-03-08-a-las-13.56.33-1536x761.png",1536,761,true],"2048x2048":["https:\/\/pornuestrolaredo.com\/wp-content\/uploads\/2023\/03\/Captura-de-Pantalla-2023-03-08-a-las-13.56.33.png",1557,771,false],"morenews-large":["https:\/\/pornuestrolaredo.com\/wp-content\/uploads\/2023\/03\/Captura-de-Pantalla-2023-03-08-a-las-13.56.33.png",825,409,false],"morenews-medium":["https:\/\/pornuestrolaredo.com\/wp-content\/uploads\/2023\/03\/Captura-de-Pantalla-2023-03-08-a-las-13.56.33.png",590,292,false]},"author_info":{"info":["Redactor"]},"category_info":"<a href=\"https:\/\/pornuestrolaredo.com\/?cat=1\" rel=\"category\">Uncategorized<\/a>","tag_info":"Uncategorized","comment_count":"0","jetpack_featured_media_url":"https:\/\/pornuestrolaredo.com\/wp-content\/uploads\/2023\/03\/Captura-de-Pantalla-2023-03-08-a-las-13.56.33.png","jetpack_sharing_enabled":true,"_links":{"self":[{"href":"https:\/\/pornuestrolaredo.com\/index.php?rest_route=\/wp\/v2\/posts\/2007","targetHints":{"allow":["GET"]}}],"collection":[{"href":"https:\/\/pornuestrolaredo.com\/index.php?rest_route=\/wp\/v2\/posts"}],"about":[{"href":"https:\/\/pornuestrolaredo.com\/index.php?rest_route=\/wp\/v2\/types\/post"}],"author":[{"embeddable":true,"href":"https:\/\/pornuestrolaredo.com\/index.php?rest_route=\/wp\/v2\/users\/1"}],"replies":[{"embeddable":true,"href":"https:\/\/pornuestrolaredo.com\/index.php?rest_route=%2Fwp%2Fv2%2Fcomments&post=2007"}],"version-history":[{"count":1,"href":"https:\/\/pornuestrolaredo.com\/index.php?rest_route=\/wp\/v2\/posts\/2007\/revisions"}],"predecessor-version":[{"id":2009,"href":"https:\/\/pornuestrolaredo.com\/index.php?rest_route=\/wp\/v2\/posts\/2007\/revisions\/2009"}],"wp:featuredmedia":[{"embeddable":true,"href":"https:\/\/pornuestrolaredo.com\/index.php?rest_route=\/wp\/v2\/media\/2008"}],"wp:attachment":[{"href":"https:\/\/pornuestrolaredo.com\/index.php?rest_route=%2Fwp%2Fv2%2Fmedia&parent=2007"}],"wp:term":[{"taxonomy":"category","embeddable":true,"href":"https:\/\/pornuestrolaredo.com\/index.php?rest_route=%2Fwp%2Fv2%2Fcategories&post=2007"},{"taxonomy":"post_tag","embeddable":true,"href":"https:\/\/pornuestrolaredo.com\/index.php?rest_route=%2Fwp%2Fv2%2Ftags&post=2007"}],"curies":[{"name":"wp","href":"https:\/\/api.w.org\/{rel}","templated":true}]}}