{"id":2011,"date":"2023-03-10T03:45:11","date_gmt":"2023-03-10T03:45:11","guid":{"rendered":"https:\/\/pornuestrolaredo.com\/?p=2011"},"modified":"2023-03-10T03:53:53","modified_gmt":"2023-03-10T03:53:53","slug":"buscas-trabajo-tesla-abre-contrataciones","status":"publish","type":"post","link":"https:\/\/pornuestrolaredo.com\/?p=2011","title":{"rendered":"\u00bfBuscas trabajo?: Tesla abre contrataciones"},"content":{"rendered":"<p>NUEVA YORK.- Tesla Inc comenz\u00f3 las contrataciones para la f\u00e1brica que planea abrir cerca de Monterrey, M\u00e9xico, d\u00edas despu\u00e9s de anunciar las instalaciones donde tiene la intenci\u00f3n de fabricar el veh\u00edculo el\u00e9ctrico de pr\u00f3xima generaci\u00f3n.<\/p>\n<p>El fabricante de autom\u00f3viles busca candidatos para una gerencia jur\u00eddica, una gerencia de seguridad en la construcci\u00f3n, analistas financieros y expertos en log\u00edstica, seg\u00fan las ofertas laborales publicadas en los \u00faltimos d\u00edas.<\/p>\n<p>El impulso de contrataci\u00f3n resalta la velocidad a la que Tesla tiende a moverse con nuevas plantas.<\/p>\n<p>El director ejecutivo, Elon Musk, confirm\u00f3 el 1 de marzo que la empresa con sede en Austin, Texas, construir\u00eda la f\u00e1brica en el estado de Nuevo Le\u00f3n, un d\u00eda despu\u00e9s de que el Presidente Andr\u00e9s Manuel L\u00f3pez Obrador revelara un acuerdo.<\/p>\n<p>El anuncio de la inversi\u00f3n de Tesla, que seg\u00fan el Gobernador de Nuevo Le\u00f3n, Samuel Garc\u00eda, podr\u00eda eventualmente ascender a 10 mil millones de d\u00f3lares en m\u00faltiples fases, se\u00f1ala un creciente inter\u00e9s comercial en el norte M\u00e9xico.<\/p>\n<p>La reubicaci\u00f3n de empresas que buscan estar m\u00e1s cerca de los consumidores estadounidenses -y evitar los problemas de la cadena de suministro que tuvieron con los env\u00edos internacionales durante la pandemia- ha sido muy positivo para la econom\u00eda mexicana. <\/p>\n<p>L\u00f3pez Obrador habl\u00f3 con Musk y recientemente se reuni\u00f3 con ejecutivos de Tesla, incluido Rohan Patel, exfuncionario de la presidencia de Obama que se uni\u00f3 a Tesla en enero de 2017.<\/p>\n","protected":false},"excerpt":{"rendered":"<p>El fabricante de autom\u00f3viles busca candidatos para una gerencias, analistas financieros y expertos en log\u00edstica, para su gigaf\u00e1brica de Monterrey<\/p>\n","protected":false},"author":1,"featured_media":2013,"comment_status":"closed","ping_status":"closed","sticky":false,"template":"","format":"standard","meta":{"_crdt_document":"","_jetpack_memberships_contains_paid_content":false,"footnotes":"","jetpack_publicize_message":"","jetpack_publicize_feature_enabled":true,"jetpack_social_post_already_shared":true,"jetpack_social_options":{"image_generator_settings":{"template":"highway","default_image_id":0,"font":"","enabled":false},"version":2},"_wpas_customize_per_network":false},"categories":[33],"tags":[],"class_list":["post-2011","post","type-post","status-publish","format-standard","has-post-thumbnail","hentry","category-mexico"],"magazineBlocksPostFeaturedMedia":{"thumbnail":"https:\/\/pornuestrolaredo.com\/wp-content\/uploads\/2023\/03\/Tesla-150x150.jpg","medium":"https:\/\/pornuestrolaredo.com\/wp-content\/uploads\/2023\/03\/Tesla-300x169.jpg","medium_large":"https:\/\/pornuestrolaredo.com\/wp-content\/uploads\/2023\/03\/Tesla-768x432.jpg","large":"https:\/\/pornuestrolaredo.com\/wp-content\/uploads\/2023\/03\/Tesla.jpg","1536x1536":"https:\/\/pornuestrolaredo.com\/wp-content\/uploads\/2023\/03\/Tesla.jpg","2048x2048":"https:\/\/pornuestrolaredo.com\/wp-content\/uploads\/2023\/03\/Tesla.jpg","morenews-large":"https:\/\/pornuestrolaredo.com\/wp-content\/uploads\/2023\/03\/Tesla.jpg","morenews-medium":"https:\/\/pornuestrolaredo.com\/wp-content\/uploads\/2023\/03\/Tesla.jpg"},"magazineBlocksPostAuthor":{"name":"Redactor","avatar":"https:\/\/pornuestrolaredo.com\/wp-content\/litespeed\/avatar\/dca1d7ec750c399f025f23b0b314f4cf.jpg?ver=1777612120"},"magazineBlocksPostCommentsNumber":false,"magazineBlocksPostExcerpt":"El fabricante de autom\u00f3viles busca candidatos para una gerencias, analistas financieros y expertos en log\u00edstica, para su gigaf\u00e1brica de Monterrey","magazineBlocksPostCategories":["Mexico"],"magazineBlocksPostViewCount":154,"magazineBlocksPostReadTime":2,"magazine_blocks_featured_image_url":{"full":["https:\/\/pornuestrolaredo.com\/wp-content\/uploads\/2023\/03\/Tesla.jpg",1000,563,false],"medium":["https:\/\/pornuestrolaredo.com\/wp-content\/uploads\/2023\/03\/Tesla-300x169.jpg",300,169,true],"thumbnail":["https:\/\/pornuestrolaredo.com\/wp-content\/uploads\/2023\/03\/Tesla-150x150.jpg",150,150,true]},"magazine_blocks_author":{"display_name":"Redactor","author_link":"https:\/\/pornuestrolaredo.com\/?author=1"},"magazine_blocks_comment":0,"magazine_blocks_author_image":"https:\/\/pornuestrolaredo.com\/wp-content\/litespeed\/avatar\/dca1d7ec750c399f025f23b0b314f4cf.jpg?ver=1777612120","magazine_blocks_category":"<a href=\"#\" class=\"category-link category-link-33\">Mexico<\/a>","jetpack_publicize_connections":[],"featured_image_urls":{"full":["https:\/\/pornuestrolaredo.com\/wp-content\/uploads\/2023\/03\/Tesla.jpg",1000,563,false],"thumbnail":["https:\/\/pornuestrolaredo.com\/wp-content\/uploads\/2023\/03\/Tesla-150x150.jpg",150,150,true],"medium":["https:\/\/pornuestrolaredo.com\/wp-content\/uploads\/2023\/03\/Tesla-300x169.jpg",300,169,true],"medium_large":["https:\/\/pornuestrolaredo.com\/wp-content\/uploads\/2023\/03\/Tesla-768x432.jpg",640,360,true],"large":["https:\/\/pornuestrolaredo.com\/wp-content\/uploads\/2023\/03\/Tesla.jpg",640,360,false],"1536x1536":["https:\/\/pornuestrolaredo.com\/wp-content\/uploads\/2023\/03\/Tesla.jpg",1000,563,false],"2048x2048":["https:\/\/pornuestrolaredo.com\/wp-content\/uploads\/2023\/03\/Tesla.jpg",1000,563,false],"morenews-large":["https:\/\/pornuestrolaredo.com\/wp-content\/uploads\/2023\/03\/Tesla.jpg",825,464,false],"morenews-medium":["https:\/\/pornuestrolaredo.com\/wp-content\/uploads\/2023\/03\/Tesla.jpg",590,332,false]},"author_info":{"info":["Redactor"]},"category_info":"<a href=\"https:\/\/pornuestrolaredo.com\/?cat=33\" rel=\"category\">Mexico<\/a>","tag_info":"Mexico","comment_count":"0","jetpack_featured_media_url":"https:\/\/pornuestrolaredo.com\/wp-content\/uploads\/2023\/03\/Tesla.jpg","jetpack_sharing_enabled":true,"_links":{"self":[{"href":"https:\/\/pornuestrolaredo.com\/index.php?rest_route=\/wp\/v2\/posts\/2011","targetHints":{"allow":["GET"]}}],"collection":[{"href":"https:\/\/pornuestrolaredo.com\/index.php?rest_route=\/wp\/v2\/posts"}],"about":[{"href":"https:\/\/pornuestrolaredo.com\/index.php?rest_route=\/wp\/v2\/types\/post"}],"author":[{"embeddable":true,"href":"https:\/\/pornuestrolaredo.com\/index.php?rest_route=\/wp\/v2\/users\/1"}],"replies":[{"embeddable":true,"href":"https:\/\/pornuestrolaredo.com\/index.php?rest_route=%2Fwp%2Fv2%2Fcomments&post=2011"}],"version-history":[{"count":1,"href":"https:\/\/pornuestrolaredo.com\/index.php?rest_route=\/wp\/v2\/posts\/2011\/revisions"}],"predecessor-version":[{"id":2012,"href":"https:\/\/pornuestrolaredo.com\/index.php?rest_route=\/wp\/v2\/posts\/2011\/revisions\/2012"}],"wp:featuredmedia":[{"embeddable":true,"href":"https:\/\/pornuestrolaredo.com\/index.php?rest_route=\/wp\/v2\/media\/2013"}],"wp:attachment":[{"href":"https:\/\/pornuestrolaredo.com\/index.php?rest_route=%2Fwp%2Fv2%2Fmedia&parent=2011"}],"wp:term":[{"taxonomy":"category","embeddable":true,"href":"https:\/\/pornuestrolaredo.com\/index.php?rest_route=%2Fwp%2Fv2%2Fcategories&post=2011"},{"taxonomy":"post_tag","embeddable":true,"href":"https:\/\/pornuestrolaredo.com\/index.php?rest_route=%2Fwp%2Fv2%2Ftags&post=2011"}],"curies":[{"name":"wp","href":"https:\/\/api.w.org\/{rel}","templated":true}]}}