{"id":2014,"date":"2023-03-10T04:00:09","date_gmt":"2023-03-10T04:00:09","guid":{"rendered":"https:\/\/pornuestrolaredo.com\/?p=2014"},"modified":"2023-03-10T04:00:09","modified_gmt":"2023-03-10T04:00:09","slug":"impone-nld-record-en-apertura-de-negocios","status":"publish","type":"post","link":"https:\/\/pornuestrolaredo.com\/?p=2014","title":{"rendered":"Impone NLD r\u00e9cord en apertura de negocios"},"content":{"rendered":"<p><strong><em>NUEVO LAREDO.-<\/em><\/strong> La apertura de negocios en Nuevo Laredo sigue a la alza, tan solo en febrero de 2023, se logr\u00f3 la cifra r\u00e9cord\u00a0 de 28 locales nuevos inaugurados, lo que consolida a la ciudad como tierra de oportunidades para emprendedores e inversionistas.<\/p>\n<p>De acuerdo a las estad\u00edsticas de la Secretar\u00eda de Desarrollo Econ\u00f3mico Municipal, comparando el periodo de enero a febrero del a\u00f1o pasado con el actual, el promedio de crecimiento aument\u00f3 de 3.5 nuevos establecimientos por semana a siete, lo que representa un incremento del 50 por ciento.<\/p>\n<p>La alcaldesa Carmen Lilia Canturosas Villarreal indic\u00f3 que se redoblar\u00e1n los esfuerzos para canalizar los recursos que permitir\u00e1n a los emprendedores abrir sus negocios y terminar sus planes de acci\u00f3n para operar de forma s\u00f3lida.<\/p>\n<blockquote><p>En este gobierno buscamos ser facilitadores para aterrizar inversiones en la ciudad que permitan un importante crecimiento econ\u00f3mico e impacte en el bienestar de los neolaredenses con m\u00e1s ofertas de empleo y refrendamos nuestro compromiso con la b\u00fasqueda de m\u00e1s opciones financieras para beneficiar a nuestros emprendedores\u201d, se\u00f1al\u00f3.<\/p><\/blockquote>\n<p>Recalc\u00f3 que de la mano del gobernador Am\u00e9rico Villarreal Anaya se cimentar\u00e1 el dinamismo comercial de la ciudad mediante la firma de convenios para brindar apoyos financieros que podr\u00e1n solicitar micro, peque\u00f1as, medianas y grandes empresas.<\/p>\n<p>Para las dos primeras categor\u00edas se busca el apoyo de cr\u00e9dito \u201cFondo Tamaulipas\u201d, mientras que para las \u00faltimas dos, se proyecta sea a trav\u00e9s de Nacional Financiera. Mediante este acuerdo, Nuevo Laredo se consolida como una ciudad de inversi\u00f3n segura, donde locales y extranjeros podr\u00e1n llevar a cabo sus proyectos e impulsar el crecimiento econ\u00f3mico del municipio.<\/p>\n","protected":false},"excerpt":{"rendered":"<p>NUEVO LAREDO.- La apertura de negocios en Nuevo Laredo sigue a la alza, tan solo en febrero de<\/p>\n","protected":false},"author":1,"featured_media":2015,"comment_status":"closed","ping_status":"closed","sticky":false,"template":"","format":"standard","meta":{"_crdt_document":"","_jetpack_memberships_contains_paid_content":false,"footnotes":"","jetpack_publicize_message":"","jetpack_publicize_feature_enabled":true,"jetpack_social_post_already_shared":true,"jetpack_social_options":{"image_generator_settings":{"template":"highway","default_image_id":0,"font":"","enabled":false},"version":2},"_wpas_customize_per_network":false},"categories":[1],"tags":[],"class_list":["post-2014","post","type-post","status-publish","format-standard","has-post-thumbnail","hentry","category-uncategorized"],"magazineBlocksPostFeaturedMedia":{"thumbnail":"https:\/\/pornuestrolaredo.com\/wp-content\/uploads\/2023\/03\/Negocios-150x150.jpeg","medium":"https:\/\/pornuestrolaredo.com\/wp-content\/uploads\/2023\/03\/Negocios-300x200.jpeg","medium_large":"https:\/\/pornuestrolaredo.com\/wp-content\/uploads\/2023\/03\/Negocios-768x512.jpeg","large":"https:\/\/pornuestrolaredo.com\/wp-content\/uploads\/2023\/03\/Negocios-1024x682.jpeg","1536x1536":"https:\/\/pornuestrolaredo.com\/wp-content\/uploads\/2023\/03\/Negocios.jpeg","2048x2048":"https:\/\/pornuestrolaredo.com\/wp-content\/uploads\/2023\/03\/Negocios.jpeg","morenews-large":"https:\/\/pornuestrolaredo.com\/wp-content\/uploads\/2023\/03\/Negocios.jpeg","morenews-medium":"https:\/\/pornuestrolaredo.com\/wp-content\/uploads\/2023\/03\/Negocios.jpeg"},"magazineBlocksPostAuthor":{"name":"Redactor","avatar":"https:\/\/pornuestrolaredo.com\/wp-content\/litespeed\/avatar\/dca1d7ec750c399f025f23b0b314f4cf.jpg?ver=1777612120"},"magazineBlocksPostCommentsNumber":false,"magazineBlocksPostExcerpt":"NUEVO LAREDO.- La apertura de negocios en Nuevo Laredo sigue a la alza, tan solo en febrero de","magazineBlocksPostCategories":["Uncategorized"],"magazineBlocksPostViewCount":130,"magazineBlocksPostReadTime":2,"magazine_blocks_featured_image_url":{"full":["https:\/\/pornuestrolaredo.com\/wp-content\/uploads\/2023\/03\/Negocios.jpeg",1280,853,false],"medium":["https:\/\/pornuestrolaredo.com\/wp-content\/uploads\/2023\/03\/Negocios-300x200.jpeg",300,200,true],"thumbnail":["https:\/\/pornuestrolaredo.com\/wp-content\/uploads\/2023\/03\/Negocios-150x150.jpeg",150,150,true]},"magazine_blocks_author":{"display_name":"Redactor","author_link":"https:\/\/pornuestrolaredo.com\/?author=1"},"magazine_blocks_comment":0,"magazine_blocks_author_image":"https:\/\/pornuestrolaredo.com\/wp-content\/litespeed\/avatar\/dca1d7ec750c399f025f23b0b314f4cf.jpg?ver=1777612120","magazine_blocks_category":"<a href=\"#\" class=\"category-link category-link-1\">Uncategorized<\/a>","jetpack_publicize_connections":[],"featured_image_urls":{"full":["https:\/\/pornuestrolaredo.com\/wp-content\/uploads\/2023\/03\/Negocios.jpeg",1280,853,false],"thumbnail":["https:\/\/pornuestrolaredo.com\/wp-content\/uploads\/2023\/03\/Negocios-150x150.jpeg",150,150,true],"medium":["https:\/\/pornuestrolaredo.com\/wp-content\/uploads\/2023\/03\/Negocios-300x200.jpeg",300,200,true],"medium_large":["https:\/\/pornuestrolaredo.com\/wp-content\/uploads\/2023\/03\/Negocios-768x512.jpeg",640,427,true],"large":["https:\/\/pornuestrolaredo.com\/wp-content\/uploads\/2023\/03\/Negocios-1024x682.jpeg",640,426,true],"1536x1536":["https:\/\/pornuestrolaredo.com\/wp-content\/uploads\/2023\/03\/Negocios.jpeg",1280,853,false],"2048x2048":["https:\/\/pornuestrolaredo.com\/wp-content\/uploads\/2023\/03\/Negocios.jpeg",1280,853,false],"morenews-large":["https:\/\/pornuestrolaredo.com\/wp-content\/uploads\/2023\/03\/Negocios.jpeg",825,550,false],"morenews-medium":["https:\/\/pornuestrolaredo.com\/wp-content\/uploads\/2023\/03\/Negocios.jpeg",590,393,false]},"author_info":{"info":["Redactor"]},"category_info":"<a href=\"https:\/\/pornuestrolaredo.com\/?cat=1\" rel=\"category\">Uncategorized<\/a>","tag_info":"Uncategorized","comment_count":"0","jetpack_featured_media_url":"https:\/\/pornuestrolaredo.com\/wp-content\/uploads\/2023\/03\/Negocios.jpeg","jetpack_sharing_enabled":true,"_links":{"self":[{"href":"https:\/\/pornuestrolaredo.com\/index.php?rest_route=\/wp\/v2\/posts\/2014","targetHints":{"allow":["GET"]}}],"collection":[{"href":"https:\/\/pornuestrolaredo.com\/index.php?rest_route=\/wp\/v2\/posts"}],"about":[{"href":"https:\/\/pornuestrolaredo.com\/index.php?rest_route=\/wp\/v2\/types\/post"}],"author":[{"embeddable":true,"href":"https:\/\/pornuestrolaredo.com\/index.php?rest_route=\/wp\/v2\/users\/1"}],"replies":[{"embeddable":true,"href":"https:\/\/pornuestrolaredo.com\/index.php?rest_route=%2Fwp%2Fv2%2Fcomments&post=2014"}],"version-history":[{"count":1,"href":"https:\/\/pornuestrolaredo.com\/index.php?rest_route=\/wp\/v2\/posts\/2014\/revisions"}],"predecessor-version":[{"id":2016,"href":"https:\/\/pornuestrolaredo.com\/index.php?rest_route=\/wp\/v2\/posts\/2014\/revisions\/2016"}],"wp:featuredmedia":[{"embeddable":true,"href":"https:\/\/pornuestrolaredo.com\/index.php?rest_route=\/wp\/v2\/media\/2015"}],"wp:attachment":[{"href":"https:\/\/pornuestrolaredo.com\/index.php?rest_route=%2Fwp%2Fv2%2Fmedia&parent=2014"}],"wp:term":[{"taxonomy":"category","embeddable":true,"href":"https:\/\/pornuestrolaredo.com\/index.php?rest_route=%2Fwp%2Fv2%2Fcategories&post=2014"},{"taxonomy":"post_tag","embeddable":true,"href":"https:\/\/pornuestrolaredo.com\/index.php?rest_route=%2Fwp%2Fv2%2Ftags&post=2014"}],"curies":[{"name":"wp","href":"https:\/\/api.w.org\/{rel}","templated":true}]}}