{"id":2017,"date":"2023-03-10T22:19:22","date_gmt":"2023-03-10T22:19:22","guid":{"rendered":"https:\/\/pornuestrolaredo.com\/?p=2017"},"modified":"2023-03-10T22:19:22","modified_gmt":"2023-03-10T22:19:22","slug":"ataque-a-congregacion-deja-seis-muertos","status":"publish","type":"post","link":"https:\/\/pornuestrolaredo.com\/?p=2017","title":{"rendered":"Ataque a congregaci\u00f3n deja seis muertos"},"content":{"rendered":"<p><strong><em>HAMBURGO, Alemania.-<\/em><\/strong> Un exmiembro de los Testigos de Jehov\u00e1 mat\u00f3 a seis personas a tiros en una sala de la congregaci\u00f3n en la ciudad alemana de Hamburgo antes de quitarse la vida tras la llegada de la polic\u00eda, informaron las autoridades el viernes.<\/p>\n<p>La polic\u00eda no revel\u00f3 los motivos del ataque del jueves por la noche, pero reconoci\u00f3 haber recibido recientemente una denuncia an\u00f3nima que afirmaba que el hombre identificado como el agresor manifest\u00f3 su enojo hacia los Testigos de Jehov\u00e1 y que podr\u00eda no ser psicol\u00f3gicamente apto para poseer un arma de fuego.<\/p>\n<p>Ocho personas resultaron heridas, entre ellas una mujer que ten\u00eda 28 semanas de embarazo y que perdi\u00f3 al beb\u00e9. El canciller Olaf Scholz advirti\u00f3 que el n\u00famero de muertos podr\u00eda aumentar.<\/p>\n<p>Aparentemente, los agentes llegaron a la sala de la congregaci\u00f3n cuando el ataque segu\u00eda en curso y escucharon un disparo m\u00e1s, seg\u00fan testigos y autoridades. No dispararon sus armas, pero las autoridades dijeron que su intervenci\u00f3n probablemente evit\u00f3 m\u00e1s p\u00e9rdidas de vidas en el inmueble ubicado junto a un taller de autos a unos pocos kil\u00f3metros del centro de la ciudad.<\/p>\n<p>Scholz, exalcalde de Hamburgo, dijo que la ciudad estaba \u201cestupefacta ante este acto de violencia\u201d y \u201cde luto por aquellos cuyas vidas fueron arrebatadas de manera tan brutal\u201d.<\/p>\n<p>Todas las v\u00edctimas eran ciudadanos alemanes excepto dos mujeres heridas, una con ciudadan\u00eda ugandesa y otra con ciudadan\u00eda ucraniana.<\/p>\n<p>Las autoridades dijeron que el presunto agresor era un hombre de nacionalidad alemana de 35 a\u00f1os identificado \u00fanicamente como Philipp F., de acuerdo con las leyes de privacidad del pa\u00eds. De acuerdo con la polic\u00eda, el hombre hab\u00eda dejado la congregaci\u00f3n hace aproximadamente un a\u00f1o y medio, \u201cvoluntariamente, pero aparentemente no en buenos t\u00e9rminos\u201d.<\/p>\n<p> Un sitio web registrado a nombre de alguien que se ajusta a la descripci\u00f3n hecha por la polic\u00eda dice que creci\u00f3 en la ciudad b\u00e1vara de Kempten en \u201cun hogar evang\u00e9lico estrictamente religioso\u201d.<\/p>\n","protected":false},"excerpt":{"rendered":"<p>Un exmiembro de los Testigos de Jehov\u00e1 ingresa a una sala en Hamburgo y abre fuego contra todos los presentes; se suicida al llegar la polic\u00eda<\/p>\n","protected":false},"author":1,"featured_media":2018,"comment_status":"closed","ping_status":"open","sticky":false,"template":"","format":"standard","meta":{"_crdt_document":"","_jetpack_memberships_contains_paid_content":false,"footnotes":"","jetpack_publicize_message":"","jetpack_publicize_feature_enabled":true,"jetpack_social_post_already_shared":true,"jetpack_social_options":{"image_generator_settings":{"template":"highway","default_image_id":0,"font":"","enabled":false},"version":2},"_wpas_customize_per_network":false},"categories":[1],"tags":[],"class_list":["post-2017","post","type-post","status-publish","format-standard","has-post-thumbnail","hentry","category-uncategorized"],"magazineBlocksPostFeaturedMedia":{"thumbnail":"https:\/\/pornuestrolaredo.com\/wp-content\/uploads\/2023\/03\/Ataque-150x150.jpg","medium":"https:\/\/pornuestrolaredo.com\/wp-content\/uploads\/2023\/03\/Ataque-300x200.jpg","medium_large":"https:\/\/pornuestrolaredo.com\/wp-content\/uploads\/2023\/03\/Ataque-768x512.jpg","large":"https:\/\/pornuestrolaredo.com\/wp-content\/uploads\/2023\/03\/Ataque.jpg","1536x1536":"https:\/\/pornuestrolaredo.com\/wp-content\/uploads\/2023\/03\/Ataque.jpg","2048x2048":"https:\/\/pornuestrolaredo.com\/wp-content\/uploads\/2023\/03\/Ataque.jpg","morenews-large":"https:\/\/pornuestrolaredo.com\/wp-content\/uploads\/2023\/03\/Ataque.jpg","morenews-medium":"https:\/\/pornuestrolaredo.com\/wp-content\/uploads\/2023\/03\/Ataque.jpg"},"magazineBlocksPostAuthor":{"name":"Redactor","avatar":"https:\/\/pornuestrolaredo.com\/wp-content\/litespeed\/avatar\/dca1d7ec750c399f025f23b0b314f4cf.jpg?ver=1777612120"},"magazineBlocksPostCommentsNumber":false,"magazineBlocksPostExcerpt":"Un exmiembro de los Testigos de Jehov\u00e1 ingresa a una sala en Hamburgo y abre fuego contra todos los presentes; se suicida al llegar la polic\u00eda","magazineBlocksPostCategories":["Uncategorized"],"magazineBlocksPostViewCount":132,"magazineBlocksPostReadTime":2,"magazine_blocks_featured_image_url":{"full":["https:\/\/pornuestrolaredo.com\/wp-content\/uploads\/2023\/03\/Ataque.jpg",1000,667,false],"medium":["https:\/\/pornuestrolaredo.com\/wp-content\/uploads\/2023\/03\/Ataque-300x200.jpg",300,200,true],"thumbnail":["https:\/\/pornuestrolaredo.com\/wp-content\/uploads\/2023\/03\/Ataque-150x150.jpg",150,150,true]},"magazine_blocks_author":{"display_name":"Redactor","author_link":"https:\/\/pornuestrolaredo.com\/?author=1"},"magazine_blocks_comment":0,"magazine_blocks_author_image":"https:\/\/pornuestrolaredo.com\/wp-content\/litespeed\/avatar\/dca1d7ec750c399f025f23b0b314f4cf.jpg?ver=1777612120","magazine_blocks_category":"<a href=\"#\" class=\"category-link category-link-1\">Uncategorized<\/a>","jetpack_publicize_connections":[],"featured_image_urls":{"full":["https:\/\/pornuestrolaredo.com\/wp-content\/uploads\/2023\/03\/Ataque.jpg",1000,667,false],"thumbnail":["https:\/\/pornuestrolaredo.com\/wp-content\/uploads\/2023\/03\/Ataque-150x150.jpg",150,150,true],"medium":["https:\/\/pornuestrolaredo.com\/wp-content\/uploads\/2023\/03\/Ataque-300x200.jpg",300,200,true],"medium_large":["https:\/\/pornuestrolaredo.com\/wp-content\/uploads\/2023\/03\/Ataque-768x512.jpg",640,427,true],"large":["https:\/\/pornuestrolaredo.com\/wp-content\/uploads\/2023\/03\/Ataque.jpg",640,427,false],"1536x1536":["https:\/\/pornuestrolaredo.com\/wp-content\/uploads\/2023\/03\/Ataque.jpg",1000,667,false],"2048x2048":["https:\/\/pornuestrolaredo.com\/wp-content\/uploads\/2023\/03\/Ataque.jpg",1000,667,false],"morenews-large":["https:\/\/pornuestrolaredo.com\/wp-content\/uploads\/2023\/03\/Ataque.jpg",825,550,false],"morenews-medium":["https:\/\/pornuestrolaredo.com\/wp-content\/uploads\/2023\/03\/Ataque.jpg",590,394,false]},"author_info":{"info":["Redactor"]},"category_info":"<a href=\"https:\/\/pornuestrolaredo.com\/?cat=1\" rel=\"category\">Uncategorized<\/a>","tag_info":"Uncategorized","comment_count":"0","jetpack_featured_media_url":"https:\/\/pornuestrolaredo.com\/wp-content\/uploads\/2023\/03\/Ataque.jpg","jetpack_sharing_enabled":true,"_links":{"self":[{"href":"https:\/\/pornuestrolaredo.com\/index.php?rest_route=\/wp\/v2\/posts\/2017","targetHints":{"allow":["GET"]}}],"collection":[{"href":"https:\/\/pornuestrolaredo.com\/index.php?rest_route=\/wp\/v2\/posts"}],"about":[{"href":"https:\/\/pornuestrolaredo.com\/index.php?rest_route=\/wp\/v2\/types\/post"}],"author":[{"embeddable":true,"href":"https:\/\/pornuestrolaredo.com\/index.php?rest_route=\/wp\/v2\/users\/1"}],"replies":[{"embeddable":true,"href":"https:\/\/pornuestrolaredo.com\/index.php?rest_route=%2Fwp%2Fv2%2Fcomments&post=2017"}],"version-history":[{"count":1,"href":"https:\/\/pornuestrolaredo.com\/index.php?rest_route=\/wp\/v2\/posts\/2017\/revisions"}],"predecessor-version":[{"id":2019,"href":"https:\/\/pornuestrolaredo.com\/index.php?rest_route=\/wp\/v2\/posts\/2017\/revisions\/2019"}],"wp:featuredmedia":[{"embeddable":true,"href":"https:\/\/pornuestrolaredo.com\/index.php?rest_route=\/wp\/v2\/media\/2018"}],"wp:attachment":[{"href":"https:\/\/pornuestrolaredo.com\/index.php?rest_route=%2Fwp%2Fv2%2Fmedia&parent=2017"}],"wp:term":[{"taxonomy":"category","embeddable":true,"href":"https:\/\/pornuestrolaredo.com\/index.php?rest_route=%2Fwp%2Fv2%2Fcategories&post=2017"},{"taxonomy":"post_tag","embeddable":true,"href":"https:\/\/pornuestrolaredo.com\/index.php?rest_route=%2Fwp%2Fv2%2Ftags&post=2017"}],"curies":[{"name":"wp","href":"https:\/\/api.w.org\/{rel}","templated":true}]}}