{"id":2023,"date":"2023-03-11T23:08:23","date_gmt":"2023-03-11T23:08:23","guid":{"rendered":"https:\/\/pornuestrolaredo.com\/?p=2023"},"modified":"2023-03-11T23:08:54","modified_gmt":"2023-03-11T23:08:54","slug":"conmemoran-a-mujeres-con-exhibicion-artistica","status":"publish","type":"post","link":"https:\/\/pornuestrolaredo.com\/?p=2023","title":{"rendered":"Conmemoran a mujeres con exhibici\u00f3n art\u00edstica"},"content":{"rendered":"<p><strong><em>NUEVO LAREDO.-<\/em><\/strong> Realizan una exposici\u00f3n de artes pl\u00e1sticas en la que participaron 29 talentosas f\u00e9minas locales organizado por el Gobierno Municipal por medio del Instituto Municipal de la Mujer y dentro marco conmemorativo del D\u00eda Internacional de la Mujer.<\/p>\n<p>Adem\u00e1s, se hizo entrega de un reconocimiento a las 29 participantes por su contribuci\u00f3n.<\/p>\n<p>Los trabajos fueron expuestos\u00a0 en el Centro Cultural y se denomin\u00f3 \u201cMujeres por el Arte\u201d, en esta galer\u00eda abierta al p\u00fablico se podr\u00e1n encontrar diversos cuadros realizados con diversas t\u00e9cnicas.<\/p>\n<p>En el evento se realiz\u00f3 una condecoraci\u00f3n especial a mujeres talentosas de Nuevo Laredo como: la se\u00f1ora Claudette Villarreal de Cant\u00fa Rosas, quien ha realizado numerosas piezas de arte y la presidenta del Colegio de Arquitectos NLD, Mar\u00eda Dolores P\u00e9rez Cruz, ciudadana que ha contribuido a embellecer el municipio con sus proyectos.<\/p>\n<p>La alcaldesa Carmen Lilia Canturosas Villarreal, recalc\u00f3 que en su gobierno se trabaja para desarrollar pol\u00edticas p\u00fablicas en beneficio de todos los ciudadanos sin distinci\u00f3n y regidas en la igualdad de g\u00e9nero, inclusi\u00f3n social, defensa de derechos humanos.<\/p>\n<blockquote><p>Hemos laborado para descentralizar las actividades culturales para que llegue a cada rinc\u00f3n de Nuevo Laredo, seguiremos con esta iniciativa para apoyar a la formaci\u00f3n de nuestros futuros artistas para que tengan lugares en los que puedan exponer sus trabajos como en este espacio y brinden su mensaje a trav\u00e9s del arte\u201d, se\u00f1al\u00f3.<\/p><\/blockquote>\n<p>Carolina Elizabeth Mac\u00edas del Monte, expositora, destac\u00f3 que mediante estas iniciativas se puede dar a conocer el trabajo de las artistas y motivar a m\u00e1s mujeres a que incursionen a practicar alguna actividad.<\/p>\n<blockquote><p>Es importante que el Gobierno Municipal haga esto para darnos a conocer y poder levantar la mano para que vean que aqu\u00ed estamos los artistas, yo espero que sea un ejemplo para que m\u00e1s mujeres tomen valor y se atrevan a hacer cosas diferentes\u201d, expres\u00f3.<\/p><\/blockquote>\n<p>Mientras que Anal\u00ed Garza, participante, agradeci\u00f3 al Ayuntamiento la oportunidad de brindar un mensaje mediante el arte a trav\u00e9s de esta exposici\u00f3n y as\u00ed dar a conocer su sentir de ser mujer al igual que las dem\u00e1s compa\u00f1eras.<\/p>\n<blockquote><p>Mi obra quiere decir que la mujer no tiene un l\u00edmite y puede llegar a donde ella quiera, cumplir sus metas y objetivos. Es importante lo que hace el ayuntamiento porque antes no ten\u00edamos estas oportunidades y ahora s\u00ed, agradezco a todas las autoridades por hacerlo posible\u201d, manifest\u00f3. <\/p><\/blockquote>\n<p>Estuvieron presentes; el secretario de Educaci\u00f3n, Cultura y Deporte, H\u00e9ctor Adolfo Mondrag\u00f3n Mass; el director de Cultura, Marcos Rodr\u00edguez Leija; el regidor Santos Francisco Aguilar; la Presidenta del Consejo Consultivo de INMUJER, Cynthia Canturosas Villarreal, la se\u00f1ora Belinda Serna as\u00ed como miembros del Cabildo y autoridades municipales.<\/p>\n","protected":false},"excerpt":{"rendered":"<p>Participan 29 talentos locales, a las que se les brinda un reconocimiento por su contribuci\u00f3n<\/p>\n","protected":false},"author":1,"featured_media":2025,"comment_status":"closed","ping_status":"closed","sticky":false,"template":"","format":"standard","meta":{"_crdt_document":"","_jetpack_memberships_contains_paid_content":false,"footnotes":"","jetpack_publicize_message":"","jetpack_publicize_feature_enabled":true,"jetpack_social_post_already_shared":true,"jetpack_social_options":{"image_generator_settings":{"template":"highway","default_image_id":0,"font":"","enabled":false},"version":2},"_wpas_customize_per_network":false},"categories":[1],"tags":[],"class_list":["post-2023","post","type-post","status-publish","format-standard","has-post-thumbnail","hentry","category-uncategorized"],"magazineBlocksPostFeaturedMedia":{"thumbnail":"https:\/\/pornuestrolaredo.com\/wp-content\/uploads\/2023\/03\/Montan2-150x150.jpg","medium":"https:\/\/pornuestrolaredo.com\/wp-content\/uploads\/2023\/03\/Montan2-300x200.jpg","medium_large":"https:\/\/pornuestrolaredo.com\/wp-content\/uploads\/2023\/03\/Montan2-768x512.jpg","large":"https:\/\/pornuestrolaredo.com\/wp-content\/uploads\/2023\/03\/Montan2-1024x682.jpg","1536x1536":"https:\/\/pornuestrolaredo.com\/wp-content\/uploads\/2023\/03\/Montan2.jpg","2048x2048":"https:\/\/pornuestrolaredo.com\/wp-content\/uploads\/2023\/03\/Montan2.jpg","morenews-large":"https:\/\/pornuestrolaredo.com\/wp-content\/uploads\/2023\/03\/Montan2.jpg","morenews-medium":"https:\/\/pornuestrolaredo.com\/wp-content\/uploads\/2023\/03\/Montan2.jpg"},"magazineBlocksPostAuthor":{"name":"Redactor","avatar":"https:\/\/pornuestrolaredo.com\/wp-content\/litespeed\/avatar\/dca1d7ec750c399f025f23b0b314f4cf.jpg?ver=1777612120"},"magazineBlocksPostCommentsNumber":false,"magazineBlocksPostExcerpt":"Participan 29 talentos locales, a las que se les brinda un reconocimiento por su contribuci\u00f3n","magazineBlocksPostCategories":["Uncategorized"],"magazineBlocksPostViewCount":133,"magazineBlocksPostReadTime":3,"magazine_blocks_featured_image_url":{"full":["https:\/\/pornuestrolaredo.com\/wp-content\/uploads\/2023\/03\/Montan2.jpg",1280,853,false],"medium":["https:\/\/pornuestrolaredo.com\/wp-content\/uploads\/2023\/03\/Montan2-300x200.jpg",300,200,true],"thumbnail":["https:\/\/pornuestrolaredo.com\/wp-content\/uploads\/2023\/03\/Montan2-150x150.jpg",150,150,true]},"magazine_blocks_author":{"display_name":"Redactor","author_link":"https:\/\/pornuestrolaredo.com\/?author=1"},"magazine_blocks_comment":0,"magazine_blocks_author_image":"https:\/\/pornuestrolaredo.com\/wp-content\/litespeed\/avatar\/dca1d7ec750c399f025f23b0b314f4cf.jpg?ver=1777612120","magazine_blocks_category":"<a href=\"#\" class=\"category-link category-link-1\">Uncategorized<\/a>","jetpack_publicize_connections":[],"featured_image_urls":{"full":["https:\/\/pornuestrolaredo.com\/wp-content\/uploads\/2023\/03\/Montan2.jpg",1280,853,false],"thumbnail":["https:\/\/pornuestrolaredo.com\/wp-content\/uploads\/2023\/03\/Montan2-150x150.jpg",150,150,true],"medium":["https:\/\/pornuestrolaredo.com\/wp-content\/uploads\/2023\/03\/Montan2-300x200.jpg",300,200,true],"medium_large":["https:\/\/pornuestrolaredo.com\/wp-content\/uploads\/2023\/03\/Montan2-768x512.jpg",640,427,true],"large":["https:\/\/pornuestrolaredo.com\/wp-content\/uploads\/2023\/03\/Montan2-1024x682.jpg",640,426,true],"1536x1536":["https:\/\/pornuestrolaredo.com\/wp-content\/uploads\/2023\/03\/Montan2.jpg",1280,853,false],"2048x2048":["https:\/\/pornuestrolaredo.com\/wp-content\/uploads\/2023\/03\/Montan2.jpg",1280,853,false],"morenews-large":["https:\/\/pornuestrolaredo.com\/wp-content\/uploads\/2023\/03\/Montan2.jpg",825,550,false],"morenews-medium":["https:\/\/pornuestrolaredo.com\/wp-content\/uploads\/2023\/03\/Montan2.jpg",590,393,false]},"author_info":{"info":["Redactor"]},"category_info":"<a href=\"https:\/\/pornuestrolaredo.com\/?cat=1\" rel=\"category\">Uncategorized<\/a>","tag_info":"Uncategorized","comment_count":"0","jetpack_featured_media_url":"https:\/\/pornuestrolaredo.com\/wp-content\/uploads\/2023\/03\/Montan2.jpg","jetpack_sharing_enabled":true,"_links":{"self":[{"href":"https:\/\/pornuestrolaredo.com\/index.php?rest_route=\/wp\/v2\/posts\/2023","targetHints":{"allow":["GET"]}}],"collection":[{"href":"https:\/\/pornuestrolaredo.com\/index.php?rest_route=\/wp\/v2\/posts"}],"about":[{"href":"https:\/\/pornuestrolaredo.com\/index.php?rest_route=\/wp\/v2\/types\/post"}],"author":[{"embeddable":true,"href":"https:\/\/pornuestrolaredo.com\/index.php?rest_route=\/wp\/v2\/users\/1"}],"replies":[{"embeddable":true,"href":"https:\/\/pornuestrolaredo.com\/index.php?rest_route=%2Fwp%2Fv2%2Fcomments&post=2023"}],"version-history":[{"count":1,"href":"https:\/\/pornuestrolaredo.com\/index.php?rest_route=\/wp\/v2\/posts\/2023\/revisions"}],"predecessor-version":[{"id":2024,"href":"https:\/\/pornuestrolaredo.com\/index.php?rest_route=\/wp\/v2\/posts\/2023\/revisions\/2024"}],"wp:featuredmedia":[{"embeddable":true,"href":"https:\/\/pornuestrolaredo.com\/index.php?rest_route=\/wp\/v2\/media\/2025"}],"wp:attachment":[{"href":"https:\/\/pornuestrolaredo.com\/index.php?rest_route=%2Fwp%2Fv2%2Fmedia&parent=2023"}],"wp:term":[{"taxonomy":"category","embeddable":true,"href":"https:\/\/pornuestrolaredo.com\/index.php?rest_route=%2Fwp%2Fv2%2Fcategories&post=2023"},{"taxonomy":"post_tag","embeddable":true,"href":"https:\/\/pornuestrolaredo.com\/index.php?rest_route=%2Fwp%2Fv2%2Ftags&post=2023"}],"curies":[{"name":"wp","href":"https:\/\/api.w.org\/{rel}","templated":true}]}}