{"id":2031,"date":"2023-03-13T05:04:53","date_gmt":"2023-03-13T05:04:53","guid":{"rendered":"https:\/\/pornuestrolaredo.com\/?p=2031"},"modified":"2023-03-13T05:04:53","modified_gmt":"2023-03-13T05:04:53","slug":"llenan-de-musica-y-color-el-centro-historico-de-nld","status":"publish","type":"post","link":"https:\/\/pornuestrolaredo.com\/?p=2031","title":{"rendered":"Llenan de m\u00fasica y color el Centro Hist\u00f3rico de NLD"},"content":{"rendered":"<p><strong>NUEVO LAREDO.-<\/strong> El Centro Hist\u00f3rico de Nuevo Laredo se llen\u00f3 de color, de m\u00fasica y de alegr\u00eda con la primera edici\u00f3n del evento \u201cEl Mercadito y su Folclor\u201d.<\/p>\n<p>Este evento tiene el objetivo de reactivar el Centro Hist\u00f3rico de Nuevo Laredo, y es organizado por el Gobierno Municipal a trav\u00e9s de la Direcci\u00f3n de Turismo y en colaboraci\u00f3n con la Direcci\u00f3n de Cultura.<\/p>\n<p>El programa tuvo lugar en el mercado Maclovio Herrera y reuni\u00f3 a familias neolaredenses, y  turistas provenientes de Estados Unidos y del interior de la Rep\u00fablica Mexicana. Todos disfrutaron de m\u00fasica en vivo, mariachi, rifa de regalos y una tardeada de karaoke.<\/p>\n<p>El director de turismo municipal, Ernesto Salda\u00f1a Medrano, inform\u00f3 que la temporada de esta iniciativa se replicar\u00e1 cada s\u00e1bado en el mismo lugar en punto de las 5:00 PM hasta las 7:30 PM y finalizar\u00e1 hasta mayo.<\/p>\n<blockquote><p>Buscamos promocionar la ciudad mediante artistas locales e impulsar la econom\u00eda del primer cuadro del municipio; los neolaredenses tenemos mucho que aportar a la comunidad y tenemos grandes cosas que ofrecer a los de fuera, somos los principales promotores de Nuevo Laredo y seguiremos en la importante labor de enaltecer nuestra localidad\u201d, recalc\u00f3.<\/p><\/blockquote>\n<p>El lugar sembr\u00f3 ambiente familiar y de baile que todos gozaron, los locatarios del mercado tuvieron una importante derrama econ\u00f3mica y tambi\u00e9n se vieron beneficiados vendedores de comercio informal.<\/p>\n<p>Rogelio Francia, visitante de Laredo, Texas, acudi\u00f3 con su esposa y destac\u00f3 que este tipo de eventos son agradables, muestran un ambiente sano y ellos disfrutan venir a Nuevo Laredo a vivir estas fiestas.<\/p>\n<blockquote><p>Ya echabamos de menos este evento, el a\u00f1o pasamos ven\u00edamos seguido a convivir. Me motiva mucho venir porque la paso bien con mi esposa y porque Nuevo Laredo es una ciudad muy tranquila, aqu\u00ed todo es muy seguro\u201d expres\u00f3.<\/p><\/blockquote>\n<p>Gabriela Lozano Espinoza, originaria de Tabasco, particip\u00f3 mediante el karaoke y deslumbr\u00f3 a los asistentes. Tambi\u00e9n mencion\u00f3 que estos eventos avivan la ciudad y brinda momentos de felicidad a los ciudadanos.<\/p>\n<blockquote><p>Me gusta mucho cantar y aportar al ambiente de la fiesta que se vive en Nuevo Laredo, espero que la pr\u00f3xima vez se animen m\u00e1s personas a venir porque aqu\u00ed est\u00e1n desde los m\u00e1s peque\u00f1os hasta los m\u00e1s grandes, es algo familiar y todos debemos aprovecharlo\u201d, manifest\u00f3.<\/p><\/blockquote>\n<p>Fernando Mac\u00edas, turista que proviene de San Antonio, Texas, explic\u00f3 que acudi\u00f3 al evento por invitaci\u00f3n de sus amigos neolaredenses y describi\u00f3 que en el mercadito se aprende acerca de las costumbres y tradiciones mexicanas.<\/p>\n<blockquote><p>Me gusta mucho como muestran la cultura con esta fiesta, todo est\u00e1 muy bien y lo disfruto con mis amigos, me gusta Nuevo Laredo y lo que hace el Gobierno Municipal de involucrar a la ciudadan\u00eda, todo es muy divertido para todas las edades\u201d, subray\u00f3.<\/p><\/blockquote>\n<p>Otras actividades que se realizan para la reactivaci\u00f3n del Centro Hist\u00f3rico de Nuevo Laredo son los \u201cJueves en la Plaza Hidalgo\u201d y los viernes con \u201cTardes de Danz\u00f3n y Fiesta\u201d, eventos que favorecen la reconstrucci\u00f3n del tejido social y que aportan a la econom\u00eda de los negocios y vendedores del \u00e1rea.<\/p>\n","protected":false},"excerpt":{"rendered":"<p>Realizan la primera edici\u00f3n del evento \u2018El Mercadito y su Folclor\u2019 con. La participaci\u00f3n de artistas locales<\/p>\n","protected":false},"author":1,"featured_media":2032,"comment_status":"closed","ping_status":"closed","sticky":false,"template":"","format":"standard","meta":{"_crdt_document":"","_jetpack_memberships_contains_paid_content":false,"footnotes":"","jetpack_publicize_message":"","jetpack_publicize_feature_enabled":true,"jetpack_social_post_already_shared":true,"jetpack_social_options":{"image_generator_settings":{"template":"highway","default_image_id":0,"font":"","enabled":false},"version":2},"_wpas_customize_per_network":false},"categories":[4],"tags":[],"class_list":["post-2031","post","type-post","status-publish","format-standard","has-post-thumbnail","hentry","category-los-dos-laredos"],"magazineBlocksPostFeaturedMedia":{"thumbnail":"https:\/\/pornuestrolaredo.com\/wp-content\/uploads\/2023\/03\/Stereo91-20230312-5-150x150.jpg","medium":"https:\/\/pornuestrolaredo.com\/wp-content\/uploads\/2023\/03\/Stereo91-20230312-5-300x200.jpg","medium_large":"https:\/\/pornuestrolaredo.com\/wp-content\/uploads\/2023\/03\/Stereo91-20230312-5-768x512.jpg","large":"https:\/\/pornuestrolaredo.com\/wp-content\/uploads\/2023\/03\/Stereo91-20230312-5-1024x682.jpg","1536x1536":"https:\/\/pornuestrolaredo.com\/wp-content\/uploads\/2023\/03\/Stereo91-20230312-5.jpg","2048x2048":"https:\/\/pornuestrolaredo.com\/wp-content\/uploads\/2023\/03\/Stereo91-20230312-5.jpg","morenews-large":"https:\/\/pornuestrolaredo.com\/wp-content\/uploads\/2023\/03\/Stereo91-20230312-5.jpg","morenews-medium":"https:\/\/pornuestrolaredo.com\/wp-content\/uploads\/2023\/03\/Stereo91-20230312-5.jpg"},"magazineBlocksPostAuthor":{"name":"Redactor","avatar":"https:\/\/pornuestrolaredo.com\/wp-content\/litespeed\/avatar\/dca1d7ec750c399f025f23b0b314f4cf.jpg?ver=1777612120"},"magazineBlocksPostCommentsNumber":false,"magazineBlocksPostExcerpt":"Realizan la primera edici\u00f3n del evento \u2018El Mercadito y su Folclor\u2019 con. La participaci\u00f3n de artistas locales","magazineBlocksPostCategories":["Los dos Laredos"],"magazineBlocksPostViewCount":131,"magazineBlocksPostReadTime":3,"magazine_blocks_featured_image_url":{"full":["https:\/\/pornuestrolaredo.com\/wp-content\/uploads\/2023\/03\/Stereo91-20230312-5.jpg",1280,853,false],"medium":["https:\/\/pornuestrolaredo.com\/wp-content\/uploads\/2023\/03\/Stereo91-20230312-5-300x200.jpg",300,200,true],"thumbnail":["https:\/\/pornuestrolaredo.com\/wp-content\/uploads\/2023\/03\/Stereo91-20230312-5-150x150.jpg",150,150,true]},"magazine_blocks_author":{"display_name":"Redactor","author_link":"https:\/\/pornuestrolaredo.com\/?author=1"},"magazine_blocks_comment":0,"magazine_blocks_author_image":"https:\/\/pornuestrolaredo.com\/wp-content\/litespeed\/avatar\/dca1d7ec750c399f025f23b0b314f4cf.jpg?ver=1777612120","magazine_blocks_category":"<a href=\"#\" class=\"category-link category-link-4\">Los dos Laredos<\/a>","jetpack_publicize_connections":[],"featured_image_urls":{"full":["https:\/\/pornuestrolaredo.com\/wp-content\/uploads\/2023\/03\/Stereo91-20230312-5.jpg",1280,853,false],"thumbnail":["https:\/\/pornuestrolaredo.com\/wp-content\/uploads\/2023\/03\/Stereo91-20230312-5-150x150.jpg",150,150,true],"medium":["https:\/\/pornuestrolaredo.com\/wp-content\/uploads\/2023\/03\/Stereo91-20230312-5-300x200.jpg",300,200,true],"medium_large":["https:\/\/pornuestrolaredo.com\/wp-content\/uploads\/2023\/03\/Stereo91-20230312-5-768x512.jpg",640,427,true],"large":["https:\/\/pornuestrolaredo.com\/wp-content\/uploads\/2023\/03\/Stereo91-20230312-5-1024x682.jpg",640,426,true],"1536x1536":["https:\/\/pornuestrolaredo.com\/wp-content\/uploads\/2023\/03\/Stereo91-20230312-5.jpg",1280,853,false],"2048x2048":["https:\/\/pornuestrolaredo.com\/wp-content\/uploads\/2023\/03\/Stereo91-20230312-5.jpg",1280,853,false],"morenews-large":["https:\/\/pornuestrolaredo.com\/wp-content\/uploads\/2023\/03\/Stereo91-20230312-5.jpg",825,550,false],"morenews-medium":["https:\/\/pornuestrolaredo.com\/wp-content\/uploads\/2023\/03\/Stereo91-20230312-5.jpg",590,393,false]},"author_info":{"info":["Redactor"]},"category_info":"<a href=\"https:\/\/pornuestrolaredo.com\/?cat=4\" rel=\"category\">Los dos Laredos<\/a>","tag_info":"Los dos Laredos","comment_count":"0","jetpack_featured_media_url":"https:\/\/pornuestrolaredo.com\/wp-content\/uploads\/2023\/03\/Stereo91-20230312-5.jpg","jetpack_sharing_enabled":true,"_links":{"self":[{"href":"https:\/\/pornuestrolaredo.com\/index.php?rest_route=\/wp\/v2\/posts\/2031","targetHints":{"allow":["GET"]}}],"collection":[{"href":"https:\/\/pornuestrolaredo.com\/index.php?rest_route=\/wp\/v2\/posts"}],"about":[{"href":"https:\/\/pornuestrolaredo.com\/index.php?rest_route=\/wp\/v2\/types\/post"}],"author":[{"embeddable":true,"href":"https:\/\/pornuestrolaredo.com\/index.php?rest_route=\/wp\/v2\/users\/1"}],"replies":[{"embeddable":true,"href":"https:\/\/pornuestrolaredo.com\/index.php?rest_route=%2Fwp%2Fv2%2Fcomments&post=2031"}],"version-history":[{"count":1,"href":"https:\/\/pornuestrolaredo.com\/index.php?rest_route=\/wp\/v2\/posts\/2031\/revisions"}],"predecessor-version":[{"id":2033,"href":"https:\/\/pornuestrolaredo.com\/index.php?rest_route=\/wp\/v2\/posts\/2031\/revisions\/2033"}],"wp:featuredmedia":[{"embeddable":true,"href":"https:\/\/pornuestrolaredo.com\/index.php?rest_route=\/wp\/v2\/media\/2032"}],"wp:attachment":[{"href":"https:\/\/pornuestrolaredo.com\/index.php?rest_route=%2Fwp%2Fv2%2Fmedia&parent=2031"}],"wp:term":[{"taxonomy":"category","embeddable":true,"href":"https:\/\/pornuestrolaredo.com\/index.php?rest_route=%2Fwp%2Fv2%2Fcategories&post=2031"},{"taxonomy":"post_tag","embeddable":true,"href":"https:\/\/pornuestrolaredo.com\/index.php?rest_route=%2Fwp%2Fv2%2Ftags&post=2031"}],"curies":[{"name":"wp","href":"https:\/\/api.w.org\/{rel}","templated":true}]}}