{"id":2040,"date":"2023-03-13T21:32:46","date_gmt":"2023-03-13T21:32:46","guid":{"rendered":"https:\/\/pornuestrolaredo.com\/?p=2040"},"modified":"2023-03-13T21:32:46","modified_gmt":"2023-03-13T21:32:46","slug":"se-unen-alcaldes-para-respaldar-a-americo","status":"publish","type":"post","link":"https:\/\/pornuestrolaredo.com\/?p=2040","title":{"rendered":"Se unen alcaldes para respaldar a Am\u00e9rico"},"content":{"rendered":"<p>NUEVO LAREDO.- La presidenta municipal de Nuevo Laredo, Carmen Lilia Canturosas habl\u00f3 fuerte y claro para respaldar al gobernador de Tamaulipas, Am\u00e9rico Villarreal Anaya y su pol\u00edtica de seguridad, luego de que el exiliado del exgobernador Francisco Garc\u00eda Cabeza de Vaca, hiciera declaraciones en un intento desesperado por figurar en la escena pol\u00edtica.<\/p>\n<p>La alcaldesa utiliz\u00f3 la tribuna de Cabildo para reprobar el actuar de Cabeza de Vaca de quien\u00a0 dijo \u201ca trav\u00e9s de injurias pretende enga\u00f1ar al pueblo tamaulipeco, ese pueblo, al que por seis a\u00f1os someti\u00f3 con su indolencia\u201d.<\/p>\n<p>Y para que no le quede duda remat\u00f3 diciendo que los gobiernos de la transformaci\u00f3n trabajan sin descanso por el restablecimiento de la seguridad y estado de derecho, es una tarea prioritaria, para resarcir el grave da\u00f1o que dej\u00f3 la administraci\u00f3n fallida de Cabeza de Vaca. <\/p>\n<p>Esto luego de la publicaci\u00f3n de una carta donde otros alcaldes, diputados locales y federales, as\u00ed como senadores de Tamaulipas, firmaron otorgando todo el respaldo al Doctor Am\u00e9rico Villarreal tras lo que calificaron como mentiras dichas por el exgobernador.<\/p>\n","protected":false},"excerpt":{"rendered":"<p>En claro mensaje, la alcaldesa de Nuevo Laredo, Carmen Lilia Canturosas, reprueba el actuar del exgobernador Francisco Garc\u00eda Cabeza de Vaca \u2018por intentar enga\u00f1ar al pueblo\u2019<\/p>\n","protected":false},"author":1,"featured_media":2041,"comment_status":"closed","ping_status":"closed","sticky":false,"template":"","format":"standard","meta":{"_crdt_document":"","_jetpack_memberships_contains_paid_content":false,"footnotes":"","jetpack_publicize_message":"","jetpack_publicize_feature_enabled":true,"jetpack_social_post_already_shared":true,"jetpack_social_options":{"image_generator_settings":{"template":"highway","default_image_id":0,"font":"","enabled":false},"version":2},"_wpas_customize_per_network":false},"categories":[4],"tags":[],"class_list":["post-2040","post","type-post","status-publish","format-standard","has-post-thumbnail","hentry","category-los-dos-laredos"],"magazineBlocksPostFeaturedMedia":{"thumbnail":"https:\/\/pornuestrolaredo.com\/wp-content\/uploads\/2023\/03\/Carmen-Carta-1-150x150.jpg","medium":"https:\/\/pornuestrolaredo.com\/wp-content\/uploads\/2023\/03\/Carmen-Carta-1-300x200.jpg","medium_large":"https:\/\/pornuestrolaredo.com\/wp-content\/uploads\/2023\/03\/Carmen-Carta-1-768x511.jpg","large":"https:\/\/pornuestrolaredo.com\/wp-content\/uploads\/2023\/03\/Carmen-Carta-1.jpg","1536x1536":"https:\/\/pornuestrolaredo.com\/wp-content\/uploads\/2023\/03\/Carmen-Carta-1.jpg","2048x2048":"https:\/\/pornuestrolaredo.com\/wp-content\/uploads\/2023\/03\/Carmen-Carta-1.jpg","morenews-large":"https:\/\/pornuestrolaredo.com\/wp-content\/uploads\/2023\/03\/Carmen-Carta-1.jpg","morenews-medium":"https:\/\/pornuestrolaredo.com\/wp-content\/uploads\/2023\/03\/Carmen-Carta-1.jpg"},"magazineBlocksPostAuthor":{"name":"Redactor","avatar":"https:\/\/pornuestrolaredo.com\/wp-content\/litespeed\/avatar\/dca1d7ec750c399f025f23b0b314f4cf.jpg?ver=1777612120"},"magazineBlocksPostCommentsNumber":false,"magazineBlocksPostExcerpt":"En claro mensaje, la alcaldesa de Nuevo Laredo, Carmen Lilia Canturosas, reprueba el actuar del exgobernador Francisco Garc\u00eda Cabeza de Vaca \u2018por intentar enga\u00f1ar al pueblo\u2019","magazineBlocksPostCategories":["Los dos Laredos"],"magazineBlocksPostViewCount":106,"magazineBlocksPostReadTime":1,"magazine_blocks_featured_image_url":{"full":["https:\/\/pornuestrolaredo.com\/wp-content\/uploads\/2023\/03\/Carmen-Carta-1.jpg",850,566,false],"medium":["https:\/\/pornuestrolaredo.com\/wp-content\/uploads\/2023\/03\/Carmen-Carta-1-300x200.jpg",300,200,true],"thumbnail":["https:\/\/pornuestrolaredo.com\/wp-content\/uploads\/2023\/03\/Carmen-Carta-1-150x150.jpg",150,150,true]},"magazine_blocks_author":{"display_name":"Redactor","author_link":"https:\/\/pornuestrolaredo.com\/?author=1"},"magazine_blocks_comment":0,"magazine_blocks_author_image":"https:\/\/pornuestrolaredo.com\/wp-content\/litespeed\/avatar\/dca1d7ec750c399f025f23b0b314f4cf.jpg?ver=1777612120","magazine_blocks_category":"<a href=\"#\" class=\"category-link category-link-4\">Los dos Laredos<\/a>","jetpack_publicize_connections":[],"featured_image_urls":{"full":["https:\/\/pornuestrolaredo.com\/wp-content\/uploads\/2023\/03\/Carmen-Carta-1.jpg",850,566,false],"thumbnail":["https:\/\/pornuestrolaredo.com\/wp-content\/uploads\/2023\/03\/Carmen-Carta-1-150x150.jpg",150,150,true],"medium":["https:\/\/pornuestrolaredo.com\/wp-content\/uploads\/2023\/03\/Carmen-Carta-1-300x200.jpg",300,200,true],"medium_large":["https:\/\/pornuestrolaredo.com\/wp-content\/uploads\/2023\/03\/Carmen-Carta-1-768x511.jpg",640,426,true],"large":["https:\/\/pornuestrolaredo.com\/wp-content\/uploads\/2023\/03\/Carmen-Carta-1.jpg",640,426,false],"1536x1536":["https:\/\/pornuestrolaredo.com\/wp-content\/uploads\/2023\/03\/Carmen-Carta-1.jpg",850,566,false],"2048x2048":["https:\/\/pornuestrolaredo.com\/wp-content\/uploads\/2023\/03\/Carmen-Carta-1.jpg",850,566,false],"morenews-large":["https:\/\/pornuestrolaredo.com\/wp-content\/uploads\/2023\/03\/Carmen-Carta-1.jpg",825,549,false],"morenews-medium":["https:\/\/pornuestrolaredo.com\/wp-content\/uploads\/2023\/03\/Carmen-Carta-1.jpg",590,393,false]},"author_info":{"info":["Redactor"]},"category_info":"<a href=\"https:\/\/pornuestrolaredo.com\/?cat=4\" rel=\"category\">Los dos Laredos<\/a>","tag_info":"Los dos Laredos","comment_count":"0","jetpack_featured_media_url":"https:\/\/pornuestrolaredo.com\/wp-content\/uploads\/2023\/03\/Carmen-Carta-1.jpg","jetpack_sharing_enabled":true,"_links":{"self":[{"href":"https:\/\/pornuestrolaredo.com\/index.php?rest_route=\/wp\/v2\/posts\/2040","targetHints":{"allow":["GET"]}}],"collection":[{"href":"https:\/\/pornuestrolaredo.com\/index.php?rest_route=\/wp\/v2\/posts"}],"about":[{"href":"https:\/\/pornuestrolaredo.com\/index.php?rest_route=\/wp\/v2\/types\/post"}],"author":[{"embeddable":true,"href":"https:\/\/pornuestrolaredo.com\/index.php?rest_route=\/wp\/v2\/users\/1"}],"replies":[{"embeddable":true,"href":"https:\/\/pornuestrolaredo.com\/index.php?rest_route=%2Fwp%2Fv2%2Fcomments&post=2040"}],"version-history":[{"count":1,"href":"https:\/\/pornuestrolaredo.com\/index.php?rest_route=\/wp\/v2\/posts\/2040\/revisions"}],"predecessor-version":[{"id":2042,"href":"https:\/\/pornuestrolaredo.com\/index.php?rest_route=\/wp\/v2\/posts\/2040\/revisions\/2042"}],"wp:featuredmedia":[{"embeddable":true,"href":"https:\/\/pornuestrolaredo.com\/index.php?rest_route=\/wp\/v2\/media\/2041"}],"wp:attachment":[{"href":"https:\/\/pornuestrolaredo.com\/index.php?rest_route=%2Fwp%2Fv2%2Fmedia&parent=2040"}],"wp:term":[{"taxonomy":"category","embeddable":true,"href":"https:\/\/pornuestrolaredo.com\/index.php?rest_route=%2Fwp%2Fv2%2Fcategories&post=2040"},{"taxonomy":"post_tag","embeddable":true,"href":"https:\/\/pornuestrolaredo.com\/index.php?rest_route=%2Fwp%2Fv2%2Ftags&post=2040"}],"curies":[{"name":"wp","href":"https:\/\/api.w.org\/{rel}","templated":true}]}}