{"id":2044,"date":"2023-03-14T20:09:44","date_gmt":"2023-03-14T20:09:44","guid":{"rendered":"https:\/\/pornuestrolaredo.com\/?p=2044"},"modified":"2023-03-14T20:09:44","modified_gmt":"2023-03-14T20:09:44","slug":"ofreceran-mil-500-empleos-en-la-primera-feria","status":"publish","type":"post","link":"https:\/\/pornuestrolaredo.com\/?p=2044","title":{"rendered":"Ofrecer\u00e1n mil 500 empleos en la Primera Feria"},"content":{"rendered":"<p><strong><em>NUEVO LAREDO.-<\/em><\/strong> Si necesitas trabajo, pero quieres ver varias oportunidades a la vez, este martes 21 acude de 9:00 de la ma\u00f1ana a las 2:00 de la tarde, a la primera gran Feria del Empleo del 2023, en el Centro C\u00edvico \u201cCarlos Cant\u00fa Rosas\u201d.<\/p>\n<p>Rolando Guevara Gonz\u00e1lez, secretario de Desarrollo Econ\u00f3mico del Gobierno Municipal, inform\u00f3 que en este evento, primero de los cinco programados en el a\u00f1o,\u00a0 se espera la presencia de representantes de 60 empresas que ofertar\u00e1n en m\u00e1s de mil 500 empleos.<\/p>\n<blockquote><p>Es muy importante y es la indicaci\u00f3n de la presidenta, tratar de vincular\u00a0 m\u00e1s gente de Nuevo Laredo a alg\u00fan empleo para darle estabilidad econ\u00f3mica familiar\u201d, dijo Guevara Gonz\u00e1lez.<\/p><\/blockquote>\n<p>Habr\u00e1 vacantes para\u00a0 t\u00e9cnicos, operarios, administrativos, contadores, personal especializado para la rama aduanera, hotelero y maquiladora; asimismo, se espera tambi\u00e9n la presencia de representantes de las grandes tiendas de autoservicios pr\u00f3ximas a instalarse en la Ciudad.<\/p>\n<p>Un detalle muy importante es que de los mil 500 empleos que se ofrecer\u00e1n, 50 de ellos est\u00e1n destinados para personas con alguna discapacidad.<\/p>\n<p><strong>CAMPA\u00d1A CON EFECTIVIDAD<\/strong><\/p>\n<p>El a\u00f1o pasado se realizaron 53 eventos de bolsa de trabajo y\u00a0 5 ferias del empleo para vincular a alrededor de 11 mil 500 neolaredenses.<\/p>\n<p>El resultado de estas jornadas ha\u00a0 sido de que el 85 por ciento del personal contratado, se queda en\u00a0 definitiva en ese puesto, por ello, el Instituto Mexicano de\u00a0 Competitividad (IMCO), ubica a Nuevo Laredo\u00a0 como \u201cEl Municipio n\u00famero 1 en Empleo\u201d.<\/p>\n<p>El Secretario de Desarrollo Econ\u00f3mico,\u00a0 inform\u00f3 que durante este 2023, se han realizado 16 eventos de bolsa de trabajo donde se han contratado a alrededor de 2 mil 660 personas. Invit\u00f3 a acercarse a quienes no tienen empleo, as\u00ed mismo a las empresas que deseen ofertar vacantes\u00a0 se les har\u00e1 un espacio en esta primera feria del empleo.<\/p>\n","protected":false},"excerpt":{"rendered":"<p>NUEVO LAREDO.- Si necesitas trabajo, pero quieres ver varias oportunidades a la vez, este martes 21 acude de<\/p>\n","protected":false},"author":1,"featured_media":2045,"comment_status":"closed","ping_status":"closed","sticky":false,"template":"","format":"standard","meta":{"_crdt_document":"","_jetpack_memberships_contains_paid_content":false,"footnotes":"","jetpack_publicize_message":"","jetpack_publicize_feature_enabled":true,"jetpack_social_post_already_shared":true,"jetpack_social_options":{"image_generator_settings":{"template":"highway","default_image_id":0,"font":"","enabled":false},"version":2},"_wpas_customize_per_network":false},"categories":[1],"tags":[],"class_list":["post-2044","post","type-post","status-publish","format-standard","has-post-thumbnail","hentry","category-uncategorized"],"magazineBlocksPostFeaturedMedia":{"thumbnail":"https:\/\/pornuestrolaredo.com\/wp-content\/uploads\/2023\/03\/Stereo91-20230314-2-150x150.jpg","medium":"https:\/\/pornuestrolaredo.com\/wp-content\/uploads\/2023\/03\/Stereo91-20230314-2-300x200.jpg","medium_large":"https:\/\/pornuestrolaredo.com\/wp-content\/uploads\/2023\/03\/Stereo91-20230314-2-768x512.jpg","large":"https:\/\/pornuestrolaredo.com\/wp-content\/uploads\/2023\/03\/Stereo91-20230314-2-1024x682.jpg","1536x1536":"https:\/\/pornuestrolaredo.com\/wp-content\/uploads\/2023\/03\/Stereo91-20230314-2.jpg","2048x2048":"https:\/\/pornuestrolaredo.com\/wp-content\/uploads\/2023\/03\/Stereo91-20230314-2.jpg","morenews-large":"https:\/\/pornuestrolaredo.com\/wp-content\/uploads\/2023\/03\/Stereo91-20230314-2.jpg","morenews-medium":"https:\/\/pornuestrolaredo.com\/wp-content\/uploads\/2023\/03\/Stereo91-20230314-2.jpg"},"magazineBlocksPostAuthor":{"name":"Redactor","avatar":"https:\/\/pornuestrolaredo.com\/wp-content\/litespeed\/avatar\/dca1d7ec750c399f025f23b0b314f4cf.jpg?ver=1777612120"},"magazineBlocksPostCommentsNumber":false,"magazineBlocksPostExcerpt":"NUEVO LAREDO.- Si necesitas trabajo, pero quieres ver varias oportunidades a la vez, este martes 21 acude de","magazineBlocksPostCategories":["Uncategorized"],"magazineBlocksPostViewCount":125,"magazineBlocksPostReadTime":2,"magazine_blocks_featured_image_url":{"full":["https:\/\/pornuestrolaredo.com\/wp-content\/uploads\/2023\/03\/Stereo91-20230314-2.jpg",1280,853,false],"medium":["https:\/\/pornuestrolaredo.com\/wp-content\/uploads\/2023\/03\/Stereo91-20230314-2-300x200.jpg",300,200,true],"thumbnail":["https:\/\/pornuestrolaredo.com\/wp-content\/uploads\/2023\/03\/Stereo91-20230314-2-150x150.jpg",150,150,true]},"magazine_blocks_author":{"display_name":"Redactor","author_link":"https:\/\/pornuestrolaredo.com\/?author=1"},"magazine_blocks_comment":0,"magazine_blocks_author_image":"https:\/\/pornuestrolaredo.com\/wp-content\/litespeed\/avatar\/dca1d7ec750c399f025f23b0b314f4cf.jpg?ver=1777612120","magazine_blocks_category":"<a href=\"#\" class=\"category-link category-link-1\">Uncategorized<\/a>","jetpack_publicize_connections":[],"featured_image_urls":{"full":["https:\/\/pornuestrolaredo.com\/wp-content\/uploads\/2023\/03\/Stereo91-20230314-2.jpg",1280,853,false],"thumbnail":["https:\/\/pornuestrolaredo.com\/wp-content\/uploads\/2023\/03\/Stereo91-20230314-2-150x150.jpg",150,150,true],"medium":["https:\/\/pornuestrolaredo.com\/wp-content\/uploads\/2023\/03\/Stereo91-20230314-2-300x200.jpg",300,200,true],"medium_large":["https:\/\/pornuestrolaredo.com\/wp-content\/uploads\/2023\/03\/Stereo91-20230314-2-768x512.jpg",640,427,true],"large":["https:\/\/pornuestrolaredo.com\/wp-content\/uploads\/2023\/03\/Stereo91-20230314-2-1024x682.jpg",640,426,true],"1536x1536":["https:\/\/pornuestrolaredo.com\/wp-content\/uploads\/2023\/03\/Stereo91-20230314-2.jpg",1280,853,false],"2048x2048":["https:\/\/pornuestrolaredo.com\/wp-content\/uploads\/2023\/03\/Stereo91-20230314-2.jpg",1280,853,false],"morenews-large":["https:\/\/pornuestrolaredo.com\/wp-content\/uploads\/2023\/03\/Stereo91-20230314-2.jpg",825,550,false],"morenews-medium":["https:\/\/pornuestrolaredo.com\/wp-content\/uploads\/2023\/03\/Stereo91-20230314-2.jpg",590,393,false]},"author_info":{"info":["Redactor"]},"category_info":"<a href=\"https:\/\/pornuestrolaredo.com\/?cat=1\" rel=\"category\">Uncategorized<\/a>","tag_info":"Uncategorized","comment_count":"0","jetpack_featured_media_url":"https:\/\/pornuestrolaredo.com\/wp-content\/uploads\/2023\/03\/Stereo91-20230314-2.jpg","jetpack_sharing_enabled":true,"_links":{"self":[{"href":"https:\/\/pornuestrolaredo.com\/index.php?rest_route=\/wp\/v2\/posts\/2044","targetHints":{"allow":["GET"]}}],"collection":[{"href":"https:\/\/pornuestrolaredo.com\/index.php?rest_route=\/wp\/v2\/posts"}],"about":[{"href":"https:\/\/pornuestrolaredo.com\/index.php?rest_route=\/wp\/v2\/types\/post"}],"author":[{"embeddable":true,"href":"https:\/\/pornuestrolaredo.com\/index.php?rest_route=\/wp\/v2\/users\/1"}],"replies":[{"embeddable":true,"href":"https:\/\/pornuestrolaredo.com\/index.php?rest_route=%2Fwp%2Fv2%2Fcomments&post=2044"}],"version-history":[{"count":1,"href":"https:\/\/pornuestrolaredo.com\/index.php?rest_route=\/wp\/v2\/posts\/2044\/revisions"}],"predecessor-version":[{"id":2046,"href":"https:\/\/pornuestrolaredo.com\/index.php?rest_route=\/wp\/v2\/posts\/2044\/revisions\/2046"}],"wp:featuredmedia":[{"embeddable":true,"href":"https:\/\/pornuestrolaredo.com\/index.php?rest_route=\/wp\/v2\/media\/2045"}],"wp:attachment":[{"href":"https:\/\/pornuestrolaredo.com\/index.php?rest_route=%2Fwp%2Fv2%2Fmedia&parent=2044"}],"wp:term":[{"taxonomy":"category","embeddable":true,"href":"https:\/\/pornuestrolaredo.com\/index.php?rest_route=%2Fwp%2Fv2%2Fcategories&post=2044"},{"taxonomy":"post_tag","embeddable":true,"href":"https:\/\/pornuestrolaredo.com\/index.php?rest_route=%2Fwp%2Fv2%2Ftags&post=2044"}],"curies":[{"name":"wp","href":"https:\/\/api.w.org\/{rel}","templated":true}]}}