{"id":2047,"date":"2023-03-14T20:40:09","date_gmt":"2023-03-14T20:40:09","guid":{"rendered":"https:\/\/pornuestrolaredo.com\/?p=2047"},"modified":"2023-03-14T20:40:09","modified_gmt":"2023-03-14T20:40:09","slug":"paris-pierde-su-lustre-se-llena-de-basura-por-huelga","status":"publish","type":"post","link":"https:\/\/pornuestrolaredo.com\/?p=2047","title":{"rendered":"Par\u00eds pierde su lustre; se llena de basura por huelga"},"content":{"rendered":"<p><strong><em>PAR\u00cdS.-<\/em> <\/strong>La Ciudad de la Luz est\u00e1 perdiendo su lustre mientras en las aceras de Par\u00eds se acumulaban el martes toneladas de basura en el noveno d\u00eda de huelga de los recolectores. La creciente suciedad es el signo m\u00e1s visible de la indignaci\u00f3n generalizada causada por una propuesta de ley del gobierno de Francia para aumentar en dos a\u00f1os la edad de jubilaci\u00f3n.<\/p>\n<p>El maloliente perfume de la comida podrida ha comenzado a escaparse de algunas bolsas de basura y cubos desbordados. Ni el Palacio de Luxemburgo, la sede del Senado ubicado en la orilla izquierda del r\u00edo Sena, ni, al otro lado de la ciudad, una calle a pocos pasos del Palacio del El\u00edseo, donde aparentemente se acumulan los desechos de la residencia presidencial, se han librado de la huelga.<\/p>\n<p>M\u00e1s de 7 mil toneladas de basura se acumulaban en las calles hasta el lunes, provocando las quejas de varios alcaldes de distrito. Algunos de los montones fueron retirados de la ruta de una marcha de protesta prevista para el mi\u00e9rcoles, la tercera en nueve d\u00edas. La polic\u00eda dijo que la limpieza se efectu\u00f3 por razones de seguridad.<\/p>\n<p>Otras ciudades francesas sufren un problema similar pero el caos en Par\u00eds, el escaparate de Francia, se ha convertido r\u00e1pidamente en un emblema del descontento de los huelguistas.<\/p>\n<blockquote><p>Es demasiado porque incluso era dif\u00edcil circular\u201d por algunas calles, dijo Nadiia Turkay, una turista brit\u00e1nica de 24 a\u00f1os, tras recorrer la capital francesa. Seg\u00fan dijo, era \u201cmolesto, para ser sincera\u201d porque en \u201ccalles bonitas ves toda la basura y todo. El olor\u201d.<\/p><\/blockquote>\n<p>Sin embargo, Turkay simpatizaba con los trabajadores en huelga e indic\u00f3 que los inconvenientes eran \u201cpor una buena causa\u201d.<\/p>\n<p>Hasta los propios huelguistas, entre los que hay recolectores de basura, barrenderos y trabajadores de las alcantarillas, est\u00e1n preocupados por en qu\u00e9 se est\u00e1 convirtiendo Par\u00eds en su ausencia.<\/p>\n<blockquote><p>Me pone enfermo\u201d, se\u00f1al\u00f3 Gursel Durnaz, quien lleva nueve d\u00edas en un piquete. \u201cHay contenedores en todas partes, cosas por todas partes. La gente no puede pasar. Somos totalmente conscientes\u201d.<\/p><\/blockquote>\n<p>Pero, a\u00f1adi\u00f3, el presidente, Emmanuel Macron, solo tiene que retirar su plan para retrasar la edad de jubilaci\u00f3n \u201cy Par\u00eds estar\u00e1 limpio en tres d\u00edas\u201d.<\/p>\n<p>Los paros han afectado intermitentemente a otros sectores como el transporte, la energ\u00eda y los puertos, pero Macron se mantiene firme mientras su gobierno sigue adelante para hacer que la impopular reforma de las pensiones sea aprobada en el parlamento. <\/p>\n<p>El plan elevar\u00e1 la edad de jubilaci\u00f3n de los 62 a los 64 a\u00f1os para la mayor\u00eda de la gente, y de los 57 a los 59 en el sector de la gesti\u00f3n de residuos. Quienes trabajan en la recolecci\u00f3n de basuras afirman que dos a\u00f1os m\u00e1s es demasiado para el servicio esencial, aunque ignorado, que prestan.<\/p>\n","protected":false},"excerpt":{"rendered":"<p>PAR\u00cdS.- La Ciudad de la Luz est\u00e1 perdiendo su lustre mientras en las aceras de Par\u00eds se acumulaban<\/p>\n","protected":false},"author":1,"featured_media":2048,"comment_status":"closed","ping_status":"closed","sticky":false,"template":"","format":"standard","meta":{"_crdt_document":"","_jetpack_memberships_contains_paid_content":false,"footnotes":"","jetpack_publicize_message":"","jetpack_publicize_feature_enabled":true,"jetpack_social_post_already_shared":true,"jetpack_social_options":{"image_generator_settings":{"template":"highway","default_image_id":0,"font":"","enabled":false},"version":2},"_wpas_customize_per_network":false},"categories":[9],"tags":[],"class_list":["post-2047","post","type-post","status-publish","format-standard","has-post-thumbnail","hentry","category-el-mundo"],"magazineBlocksPostFeaturedMedia":{"thumbnail":"https:\/\/pornuestrolaredo.com\/wp-content\/uploads\/2023\/03\/Stereo91-20230314-1-150x150.jpg","medium":"https:\/\/pornuestrolaredo.com\/wp-content\/uploads\/2023\/03\/Stereo91-20230314-1-300x203.jpg","medium_large":"https:\/\/pornuestrolaredo.com\/wp-content\/uploads\/2023\/03\/Stereo91-20230314-1-768x520.jpg","large":"https:\/\/pornuestrolaredo.com\/wp-content\/uploads\/2023\/03\/Stereo91-20230314-1.jpg","1536x1536":"https:\/\/pornuestrolaredo.com\/wp-content\/uploads\/2023\/03\/Stereo91-20230314-1.jpg","2048x2048":"https:\/\/pornuestrolaredo.com\/wp-content\/uploads\/2023\/03\/Stereo91-20230314-1.jpg","morenews-large":"https:\/\/pornuestrolaredo.com\/wp-content\/uploads\/2023\/03\/Stereo91-20230314-1.jpg","morenews-medium":"https:\/\/pornuestrolaredo.com\/wp-content\/uploads\/2023\/03\/Stereo91-20230314-1.jpg"},"magazineBlocksPostAuthor":{"name":"Redactor","avatar":"https:\/\/pornuestrolaredo.com\/wp-content\/litespeed\/avatar\/dca1d7ec750c399f025f23b0b314f4cf.jpg?ver=1777612120"},"magazineBlocksPostCommentsNumber":false,"magazineBlocksPostExcerpt":"PAR\u00cdS.- La Ciudad de la Luz est\u00e1 perdiendo su lustre mientras en las aceras de Par\u00eds se acumulaban","magazineBlocksPostCategories":["El Mundo"],"magazineBlocksPostViewCount":119,"magazineBlocksPostReadTime":3,"magazine_blocks_featured_image_url":{"full":["https:\/\/pornuestrolaredo.com\/wp-content\/uploads\/2023\/03\/Stereo91-20230314-1.jpg",1000,677,false],"medium":["https:\/\/pornuestrolaredo.com\/wp-content\/uploads\/2023\/03\/Stereo91-20230314-1-300x203.jpg",300,203,true],"thumbnail":["https:\/\/pornuestrolaredo.com\/wp-content\/uploads\/2023\/03\/Stereo91-20230314-1-150x150.jpg",150,150,true]},"magazine_blocks_author":{"display_name":"Redactor","author_link":"https:\/\/pornuestrolaredo.com\/?author=1"},"magazine_blocks_comment":0,"magazine_blocks_author_image":"https:\/\/pornuestrolaredo.com\/wp-content\/litespeed\/avatar\/dca1d7ec750c399f025f23b0b314f4cf.jpg?ver=1777612120","magazine_blocks_category":"<a href=\"#\" class=\"category-link category-link-9\">El Mundo<\/a>","jetpack_publicize_connections":[],"featured_image_urls":{"full":["https:\/\/pornuestrolaredo.com\/wp-content\/uploads\/2023\/03\/Stereo91-20230314-1.jpg",1000,677,false],"thumbnail":["https:\/\/pornuestrolaredo.com\/wp-content\/uploads\/2023\/03\/Stereo91-20230314-1-150x150.jpg",150,150,true],"medium":["https:\/\/pornuestrolaredo.com\/wp-content\/uploads\/2023\/03\/Stereo91-20230314-1-300x203.jpg",300,203,true],"medium_large":["https:\/\/pornuestrolaredo.com\/wp-content\/uploads\/2023\/03\/Stereo91-20230314-1-768x520.jpg",640,433,true],"large":["https:\/\/pornuestrolaredo.com\/wp-content\/uploads\/2023\/03\/Stereo91-20230314-1.jpg",640,433,false],"1536x1536":["https:\/\/pornuestrolaredo.com\/wp-content\/uploads\/2023\/03\/Stereo91-20230314-1.jpg",1000,677,false],"2048x2048":["https:\/\/pornuestrolaredo.com\/wp-content\/uploads\/2023\/03\/Stereo91-20230314-1.jpg",1000,677,false],"morenews-large":["https:\/\/pornuestrolaredo.com\/wp-content\/uploads\/2023\/03\/Stereo91-20230314-1.jpg",825,559,false],"morenews-medium":["https:\/\/pornuestrolaredo.com\/wp-content\/uploads\/2023\/03\/Stereo91-20230314-1.jpg",590,399,false]},"author_info":{"info":["Redactor"]},"category_info":"<a href=\"https:\/\/pornuestrolaredo.com\/?cat=9\" rel=\"category\">El Mundo<\/a>","tag_info":"El Mundo","comment_count":"0","jetpack_featured_media_url":"https:\/\/pornuestrolaredo.com\/wp-content\/uploads\/2023\/03\/Stereo91-20230314-1.jpg","jetpack_sharing_enabled":true,"_links":{"self":[{"href":"https:\/\/pornuestrolaredo.com\/index.php?rest_route=\/wp\/v2\/posts\/2047","targetHints":{"allow":["GET"]}}],"collection":[{"href":"https:\/\/pornuestrolaredo.com\/index.php?rest_route=\/wp\/v2\/posts"}],"about":[{"href":"https:\/\/pornuestrolaredo.com\/index.php?rest_route=\/wp\/v2\/types\/post"}],"author":[{"embeddable":true,"href":"https:\/\/pornuestrolaredo.com\/index.php?rest_route=\/wp\/v2\/users\/1"}],"replies":[{"embeddable":true,"href":"https:\/\/pornuestrolaredo.com\/index.php?rest_route=%2Fwp%2Fv2%2Fcomments&post=2047"}],"version-history":[{"count":1,"href":"https:\/\/pornuestrolaredo.com\/index.php?rest_route=\/wp\/v2\/posts\/2047\/revisions"}],"predecessor-version":[{"id":2049,"href":"https:\/\/pornuestrolaredo.com\/index.php?rest_route=\/wp\/v2\/posts\/2047\/revisions\/2049"}],"wp:featuredmedia":[{"embeddable":true,"href":"https:\/\/pornuestrolaredo.com\/index.php?rest_route=\/wp\/v2\/media\/2048"}],"wp:attachment":[{"href":"https:\/\/pornuestrolaredo.com\/index.php?rest_route=%2Fwp%2Fv2%2Fmedia&parent=2047"}],"wp:term":[{"taxonomy":"category","embeddable":true,"href":"https:\/\/pornuestrolaredo.com\/index.php?rest_route=%2Fwp%2Fv2%2Fcategories&post=2047"},{"taxonomy":"post_tag","embeddable":true,"href":"https:\/\/pornuestrolaredo.com\/index.php?rest_route=%2Fwp%2Fv2%2Ftags&post=2047"}],"curies":[{"name":"wp","href":"https:\/\/api.w.org\/{rel}","templated":true}]}}