{"id":2054,"date":"2023-03-15T21:38:54","date_gmt":"2023-03-15T21:38:54","guid":{"rendered":"https:\/\/pornuestrolaredo.com\/?p=2054"},"modified":"2023-03-15T21:40:22","modified_gmt":"2023-03-15T21:40:22","slug":"aproveche-y-casese-gratis","status":"publish","type":"post","link":"https:\/\/pornuestrolaredo.com\/?p=2054","title":{"rendered":"Aproveche y c\u00e1sese \u00a1gratis!"},"content":{"rendered":"<p><strong>NUEVO LAREDO.- <\/strong>Si ya decidi\u00f3 dejar de vivir en uni\u00f3n libre y dar el siente paso o si la situaci\u00f3n econ\u00f3mica no le permite casarse, aproveche la Campa\u00f1a Municipal\u00a0 de Matrimonios Colectivos, pero h\u00e1galo pronto que el plazo est\u00e1 por terminar.<\/p>\n<p>El Sistema para el Desarrollo Integral de la Familia (DIF ) de Nuevo Laredo que preside Claudette Canturosas Villarreal, invita a las parejas que no han formalizado su relaci\u00f3n, a casarse en la Campa\u00f1a Municipal\u00a0 de Matrimonios Colectivos.<\/p>\n<p>El director general del DIF, Jos\u00e9 Luis Pintado Gamboa, mencion\u00f3 que este pr\u00f3ximo viernes es el \u00faltimo d\u00eda para recibir la documentaci\u00f3n, por lo que exhort\u00f3\u00a0 a las parejas en situaci\u00f3n vulnerable a aprovechar esta oportunidad y disfrutar del festejo que est\u00e1 preparando el Sistema DIF para todos ellos.<\/p>\n<blockquote><p>Queremos invitar a las parejas a que aprovechen esta oportunidad que el DIF est\u00e1 ofreciendo para que le den certeza jur\u00eddica a su relaci\u00f3n,\u00a0 ya son los \u00faltimos d\u00edas en lo que podr\u00e1n registrarse para casarse\u201d, mencion\u00f3 el funcionario.<\/p><\/blockquote>\n<p>La convocatoria tiene como fecha l\u00edmite el 17 de marzo, en la que los interesados mayores de edad, de nacionalidad mexicana, deber\u00e1n de llevar sus documentos al Sistema DIF en H\u00e9roes de Nacataz 2244, de 8:00 de la ma\u00f1ana a 3:00 de la tarde, para llenar su solicitud y que les realicen el estudio socioecon\u00f3mico.<\/p>\n<p>Posterior al cierre de la convocatoria, el Sistema DIF notificar\u00e1 a las personas aceptadas para compartirles la fecha en la que firmar\u00e1n el acta de matrimonio, las cuales se entregar\u00e1n en un rom\u00e1ntico evento en honor a los reci\u00e9n casados.\u00a0<\/p>\n<p>Para dar mayor agilidad al proceso de inscripci\u00f3n, los futuros contrayentes deber\u00e1n cumplir con los siguientes requisitos y acompa\u00f1ar esta documentaci\u00f3n:<\/p>\n<p>-Solicitud de matrimonio llena (con firmas y huellas de contrayentes, as\u00ed como de testigos).<\/p>\n<p>-Original y copia del acta de nacimiento de ambos contrayentes, sin tachaduras, ni enmendaduras.<\/p>\n<p>-Original y copia de una identificaci\u00f3n oficial con fotograf\u00eda de ambos contrayentes.<\/p>\n<p>-Copia de CURP de ambos contrayentes (nuevo formato).<\/p>\n<p>-Una fotograf\u00eda tama\u00f1o infantil reciente de cada uno de los contrayentes.<\/p>\n<p>-Una copia legible de identificaci\u00f3n oficial de 4 testigos mayores de 18 a\u00f1os (dos por cada uno de los solicitantes). No podr\u00e1n ser testigos los padres de los contrayentes.<\/p>\n<p>-Ex\u00e1menes de laboratorio pre-nupciales (original).<\/p>\n<p>-Certificado suscrito por un m\u00e9dico certificando la ausencia\u00a0 de enfermedades cr\u00f3nicas y\/o contagiosas y que son aptos para matrimonio.<\/p>\n<p>\u00a0-Constancia que han sido debidamente informados de los m\u00e9todos y riesgos concepcionales.<\/p>\n<p>-Constancia de haber recibido pl\u00e1ticas para evitar la violencia familiar, expedido por el Instituto para la Mujer.<\/p>\n<p>-Manifestar el tipo de r\u00e9gimen bajo el cual van a contraer matrimonio.<\/p>\n<p>-Divorciados, presentar acta de divorcio.<\/p>\n<p>-Viudos, presentar una copia del acta de defunci\u00f3n. -Nulidad de matrimonio, presentar copia certificada de la sentencia de nulidad de matrimonio.<\/p>\n","protected":false},"excerpt":{"rendered":"<p>El DIF y el Gobierno Municipal organizan la la Campa\u00f1a Municipal  de Matrimonios Colectivos<\/p>\n","protected":false},"author":1,"featured_media":2055,"comment_status":"closed","ping_status":"closed","sticky":false,"template":"","format":"standard","meta":{"_crdt_document":"","_jetpack_memberships_contains_paid_content":false,"footnotes":"","jetpack_publicize_message":"","jetpack_publicize_feature_enabled":true,"jetpack_social_post_already_shared":true,"jetpack_social_options":{"image_generator_settings":{"template":"highway","default_image_id":0,"font":"","enabled":false},"version":2},"_wpas_customize_per_network":false},"categories":[4],"tags":[],"class_list":["post-2054","post","type-post","status-publish","format-standard","has-post-thumbnail","hentry","category-los-dos-laredos"],"magazineBlocksPostFeaturedMedia":{"thumbnail":"https:\/\/pornuestrolaredo.com\/wp-content\/uploads\/2023\/03\/Casamientos-2-150x150.jpg","medium":"https:\/\/pornuestrolaredo.com\/wp-content\/uploads\/2023\/03\/Casamientos-2-300x200.jpg","medium_large":"https:\/\/pornuestrolaredo.com\/wp-content\/uploads\/2023\/03\/Casamientos-2-768x512.jpg","large":"https:\/\/pornuestrolaredo.com\/wp-content\/uploads\/2023\/03\/Casamientos-2.jpg","1536x1536":"https:\/\/pornuestrolaredo.com\/wp-content\/uploads\/2023\/03\/Casamientos-2.jpg","2048x2048":"https:\/\/pornuestrolaredo.com\/wp-content\/uploads\/2023\/03\/Casamientos-2.jpg","morenews-large":"https:\/\/pornuestrolaredo.com\/wp-content\/uploads\/2023\/03\/Casamientos-2.jpg","morenews-medium":"https:\/\/pornuestrolaredo.com\/wp-content\/uploads\/2023\/03\/Casamientos-2.jpg"},"magazineBlocksPostAuthor":{"name":"Redactor","avatar":"https:\/\/pornuestrolaredo.com\/wp-content\/litespeed\/avatar\/dca1d7ec750c399f025f23b0b314f4cf.jpg?ver=1777612120"},"magazineBlocksPostCommentsNumber":false,"magazineBlocksPostExcerpt":"El DIF y el Gobierno Municipal organizan la la Campa\u00f1a Municipal  de Matrimonios Colectivos","magazineBlocksPostCategories":["Los dos Laredos"],"magazineBlocksPostViewCount":107,"magazineBlocksPostReadTime":3,"magazine_blocks_featured_image_url":{"full":["https:\/\/pornuestrolaredo.com\/wp-content\/uploads\/2023\/03\/Casamientos-2.jpg",1024,683,false],"medium":["https:\/\/pornuestrolaredo.com\/wp-content\/uploads\/2023\/03\/Casamientos-2-300x200.jpg",300,200,true],"thumbnail":["https:\/\/pornuestrolaredo.com\/wp-content\/uploads\/2023\/03\/Casamientos-2-150x150.jpg",150,150,true]},"magazine_blocks_author":{"display_name":"Redactor","author_link":"https:\/\/pornuestrolaredo.com\/?author=1"},"magazine_blocks_comment":0,"magazine_blocks_author_image":"https:\/\/pornuestrolaredo.com\/wp-content\/litespeed\/avatar\/dca1d7ec750c399f025f23b0b314f4cf.jpg?ver=1777612120","magazine_blocks_category":"<a href=\"#\" class=\"category-link category-link-4\">Los dos Laredos<\/a>","jetpack_publicize_connections":[],"featured_image_urls":{"full":["https:\/\/pornuestrolaredo.com\/wp-content\/uploads\/2023\/03\/Casamientos-2.jpg",1024,683,false],"thumbnail":["https:\/\/pornuestrolaredo.com\/wp-content\/uploads\/2023\/03\/Casamientos-2-150x150.jpg",150,150,true],"medium":["https:\/\/pornuestrolaredo.com\/wp-content\/uploads\/2023\/03\/Casamientos-2-300x200.jpg",300,200,true],"medium_large":["https:\/\/pornuestrolaredo.com\/wp-content\/uploads\/2023\/03\/Casamientos-2-768x512.jpg",640,427,true],"large":["https:\/\/pornuestrolaredo.com\/wp-content\/uploads\/2023\/03\/Casamientos-2.jpg",640,427,false],"1536x1536":["https:\/\/pornuestrolaredo.com\/wp-content\/uploads\/2023\/03\/Casamientos-2.jpg",1024,683,false],"2048x2048":["https:\/\/pornuestrolaredo.com\/wp-content\/uploads\/2023\/03\/Casamientos-2.jpg",1024,683,false],"morenews-large":["https:\/\/pornuestrolaredo.com\/wp-content\/uploads\/2023\/03\/Casamientos-2.jpg",825,550,false],"morenews-medium":["https:\/\/pornuestrolaredo.com\/wp-content\/uploads\/2023\/03\/Casamientos-2.jpg",590,394,false]},"author_info":{"info":["Redactor"]},"category_info":"<a href=\"https:\/\/pornuestrolaredo.com\/?cat=4\" rel=\"category\">Los dos Laredos<\/a>","tag_info":"Los dos Laredos","comment_count":"0","jetpack_featured_media_url":"https:\/\/pornuestrolaredo.com\/wp-content\/uploads\/2023\/03\/Casamientos-2.jpg","jetpack_sharing_enabled":true,"_links":{"self":[{"href":"https:\/\/pornuestrolaredo.com\/index.php?rest_route=\/wp\/v2\/posts\/2054","targetHints":{"allow":["GET"]}}],"collection":[{"href":"https:\/\/pornuestrolaredo.com\/index.php?rest_route=\/wp\/v2\/posts"}],"about":[{"href":"https:\/\/pornuestrolaredo.com\/index.php?rest_route=\/wp\/v2\/types\/post"}],"author":[{"embeddable":true,"href":"https:\/\/pornuestrolaredo.com\/index.php?rest_route=\/wp\/v2\/users\/1"}],"replies":[{"embeddable":true,"href":"https:\/\/pornuestrolaredo.com\/index.php?rest_route=%2Fwp%2Fv2%2Fcomments&post=2054"}],"version-history":[{"count":2,"href":"https:\/\/pornuestrolaredo.com\/index.php?rest_route=\/wp\/v2\/posts\/2054\/revisions"}],"predecessor-version":[{"id":2057,"href":"https:\/\/pornuestrolaredo.com\/index.php?rest_route=\/wp\/v2\/posts\/2054\/revisions\/2057"}],"wp:featuredmedia":[{"embeddable":true,"href":"https:\/\/pornuestrolaredo.com\/index.php?rest_route=\/wp\/v2\/media\/2055"}],"wp:attachment":[{"href":"https:\/\/pornuestrolaredo.com\/index.php?rest_route=%2Fwp%2Fv2%2Fmedia&parent=2054"}],"wp:term":[{"taxonomy":"category","embeddable":true,"href":"https:\/\/pornuestrolaredo.com\/index.php?rest_route=%2Fwp%2Fv2%2Fcategories&post=2054"},{"taxonomy":"post_tag","embeddable":true,"href":"https:\/\/pornuestrolaredo.com\/index.php?rest_route=%2Fwp%2Fv2%2Ftags&post=2054"}],"curies":[{"name":"wp","href":"https:\/\/api.w.org\/{rel}","templated":true}]}}