{"id":2061,"date":"2023-03-15T23:00:51","date_gmt":"2023-03-15T23:00:51","guid":{"rendered":"https:\/\/pornuestrolaredo.com\/?p=2061"},"modified":"2023-03-15T23:00:51","modified_gmt":"2023-03-15T23:00:51","slug":"aprenden-estudiantes-a-salvar-vidas","status":"publish","type":"post","link":"https:\/\/pornuestrolaredo.com\/?p=2061","title":{"rendered":"Aprenden estudiantes a salvar vidas"},"content":{"rendered":"<p><strong>NUEVO LAREDO.-<\/strong> M\u00e1s de 100 estudiantes de la Preparatoria Federal N\u00famero 1, \u201cJuvenal Boone Flores\u201d, estan listos para salvar vidas.<\/p>\n<p>Fue a trav\u00e9s del programa \u201cRuta Joven\u201d, del Instituto Municipal para el Desarrollo de la Juventud (IMJUVE), que estudiantes conocieron la importancia de compartir t\u00e9cnicas para actuar en caso de emergencia durante el periodo vacacional que se aproxima.<\/p>\n<blockquote><p>La juventud necesita tener estas herramientas y que en caso de alguna emergencia, tengan este aprendizaje y sepan c\u00f3mo reanimar a una persona\u201d, dijo Jes\u00fas Espinoza Hern\u00e1ndez, director del IMJUVE.<\/p><\/blockquote>\n<p>La capacitaci\u00f3n fue impartida por personal de la Direcci\u00f3n de Protecci\u00f3n Civil, quienes les ense\u00f1aron t\u00e9cnicas de Reanimaci\u00f3n Cardio Pulmonar (RCP), Maniobra de Heimlich, entre otras.<\/p>\n<p>La directora del Preparatoria Federal N\u00famero 1 manifest\u00f3 que es la primera vez que un gobierno municipal tiene un acercamiento para el beneficio del alumnado y lo agradeci\u00f3 a la administraci\u00f3n.<\/p>\n<blockquote><p>No hab\u00eda un acercamiento\u2026 Agradecemos mucho a la presidenta municipal, Carmen Lilia Canturosas, por esta oportunidad que nos est\u00e1n brindando y nos permiten ser parte de todos estos nuevos proyectos\u201d, mencion\u00f3 la directora Sara\u00e9 Avalos Lim\u00f3n.<\/p><\/blockquote>\n<p>El titular del IMJUVE, se\u00f1al\u00f3 que contin\u00faan visitando las diferentes preparatorias de Nuevo Laredo con pl\u00e1ticas de inclusi\u00f3n, diversidad sexual, personas con discapacidad.<\/p>\n<blockquote><p>Seguimos llevando capacitaciones, vamos a seguir involucrando a los j\u00f3venes en nuestro plan de trabajo consultando sus opiniones para reforzar los programas que tenemos\u201d, indic\u00f3 Espinoza Hern\u00e1ndez.\u00a0 <\/p><\/blockquote>\n<p>Durante la capacitaci\u00f3n, j\u00f3venes participaron conforme explicaban las t\u00e9cnicas junto al personal de Protecci\u00f3n Civil.<\/p>\n","protected":false},"excerpt":{"rendered":"<p>Recibe alumnado de la Prepa 1 herramientas y que en caso de alguna emergencia intervengan y otorguen los primeros auxilios<\/p>\n","protected":false},"author":1,"featured_media":2062,"comment_status":"closed","ping_status":"closed","sticky":false,"template":"","format":"standard","meta":{"_crdt_document":"","_jetpack_memberships_contains_paid_content":false,"footnotes":"","jetpack_publicize_message":"","jetpack_publicize_feature_enabled":true,"jetpack_social_post_already_shared":true,"jetpack_social_options":{"image_generator_settings":{"template":"highway","default_image_id":0,"font":"","enabled":false},"version":2},"_wpas_customize_per_network":false},"categories":[4],"tags":[],"class_list":["post-2061","post","type-post","status-publish","format-standard","has-post-thumbnail","hentry","category-los-dos-laredos"],"magazineBlocksPostFeaturedMedia":{"thumbnail":"https:\/\/pornuestrolaredo.com\/wp-content\/uploads\/2023\/03\/Bole-Estudiantes-3-150x150.jpg","medium":"https:\/\/pornuestrolaredo.com\/wp-content\/uploads\/2023\/03\/Bole-Estudiantes-3-300x200.jpg","medium_large":"https:\/\/pornuestrolaredo.com\/wp-content\/uploads\/2023\/03\/Bole-Estudiantes-3-768x512.jpg","large":"https:\/\/pornuestrolaredo.com\/wp-content\/uploads\/2023\/03\/Bole-Estudiantes-3-1024x682.jpg","1536x1536":"https:\/\/pornuestrolaredo.com\/wp-content\/uploads\/2023\/03\/Bole-Estudiantes-3.jpg","2048x2048":"https:\/\/pornuestrolaredo.com\/wp-content\/uploads\/2023\/03\/Bole-Estudiantes-3.jpg","morenews-large":"https:\/\/pornuestrolaredo.com\/wp-content\/uploads\/2023\/03\/Bole-Estudiantes-3.jpg","morenews-medium":"https:\/\/pornuestrolaredo.com\/wp-content\/uploads\/2023\/03\/Bole-Estudiantes-3.jpg"},"magazineBlocksPostAuthor":{"name":"Redactor","avatar":"https:\/\/pornuestrolaredo.com\/wp-content\/litespeed\/avatar\/dca1d7ec750c399f025f23b0b314f4cf.jpg?ver=1777612120"},"magazineBlocksPostCommentsNumber":false,"magazineBlocksPostExcerpt":"Recibe alumnado de la Prepa 1 herramientas y que en caso de alguna emergencia intervengan y otorguen los primeros auxilios","magazineBlocksPostCategories":["Los dos Laredos"],"magazineBlocksPostViewCount":124,"magazineBlocksPostReadTime":2,"magazine_blocks_featured_image_url":{"full":["https:\/\/pornuestrolaredo.com\/wp-content\/uploads\/2023\/03\/Bole-Estudiantes-3.jpg",1280,853,false],"medium":["https:\/\/pornuestrolaredo.com\/wp-content\/uploads\/2023\/03\/Bole-Estudiantes-3-300x200.jpg",300,200,true],"thumbnail":["https:\/\/pornuestrolaredo.com\/wp-content\/uploads\/2023\/03\/Bole-Estudiantes-3-150x150.jpg",150,150,true]},"magazine_blocks_author":{"display_name":"Redactor","author_link":"https:\/\/pornuestrolaredo.com\/?author=1"},"magazine_blocks_comment":0,"magazine_blocks_author_image":"https:\/\/pornuestrolaredo.com\/wp-content\/litespeed\/avatar\/dca1d7ec750c399f025f23b0b314f4cf.jpg?ver=1777612120","magazine_blocks_category":"<a href=\"#\" class=\"category-link category-link-4\">Los dos Laredos<\/a>","jetpack_publicize_connections":[],"featured_image_urls":{"full":["https:\/\/pornuestrolaredo.com\/wp-content\/uploads\/2023\/03\/Bole-Estudiantes-3.jpg",1280,853,false],"thumbnail":["https:\/\/pornuestrolaredo.com\/wp-content\/uploads\/2023\/03\/Bole-Estudiantes-3-150x150.jpg",150,150,true],"medium":["https:\/\/pornuestrolaredo.com\/wp-content\/uploads\/2023\/03\/Bole-Estudiantes-3-300x200.jpg",300,200,true],"medium_large":["https:\/\/pornuestrolaredo.com\/wp-content\/uploads\/2023\/03\/Bole-Estudiantes-3-768x512.jpg",640,427,true],"large":["https:\/\/pornuestrolaredo.com\/wp-content\/uploads\/2023\/03\/Bole-Estudiantes-3-1024x682.jpg",640,426,true],"1536x1536":["https:\/\/pornuestrolaredo.com\/wp-content\/uploads\/2023\/03\/Bole-Estudiantes-3.jpg",1280,853,false],"2048x2048":["https:\/\/pornuestrolaredo.com\/wp-content\/uploads\/2023\/03\/Bole-Estudiantes-3.jpg",1280,853,false],"morenews-large":["https:\/\/pornuestrolaredo.com\/wp-content\/uploads\/2023\/03\/Bole-Estudiantes-3.jpg",825,550,false],"morenews-medium":["https:\/\/pornuestrolaredo.com\/wp-content\/uploads\/2023\/03\/Bole-Estudiantes-3.jpg",590,393,false]},"author_info":{"info":["Redactor"]},"category_info":"<a href=\"https:\/\/pornuestrolaredo.com\/?cat=4\" rel=\"category\">Los dos Laredos<\/a>","tag_info":"Los dos Laredos","comment_count":"0","jetpack_featured_media_url":"https:\/\/pornuestrolaredo.com\/wp-content\/uploads\/2023\/03\/Bole-Estudiantes-3.jpg","jetpack_sharing_enabled":true,"_links":{"self":[{"href":"https:\/\/pornuestrolaredo.com\/index.php?rest_route=\/wp\/v2\/posts\/2061","targetHints":{"allow":["GET"]}}],"collection":[{"href":"https:\/\/pornuestrolaredo.com\/index.php?rest_route=\/wp\/v2\/posts"}],"about":[{"href":"https:\/\/pornuestrolaredo.com\/index.php?rest_route=\/wp\/v2\/types\/post"}],"author":[{"embeddable":true,"href":"https:\/\/pornuestrolaredo.com\/index.php?rest_route=\/wp\/v2\/users\/1"}],"replies":[{"embeddable":true,"href":"https:\/\/pornuestrolaredo.com\/index.php?rest_route=%2Fwp%2Fv2%2Fcomments&post=2061"}],"version-history":[{"count":1,"href":"https:\/\/pornuestrolaredo.com\/index.php?rest_route=\/wp\/v2\/posts\/2061\/revisions"}],"predecessor-version":[{"id":2063,"href":"https:\/\/pornuestrolaredo.com\/index.php?rest_route=\/wp\/v2\/posts\/2061\/revisions\/2063"}],"wp:featuredmedia":[{"embeddable":true,"href":"https:\/\/pornuestrolaredo.com\/index.php?rest_route=\/wp\/v2\/media\/2062"}],"wp:attachment":[{"href":"https:\/\/pornuestrolaredo.com\/index.php?rest_route=%2Fwp%2Fv2%2Fmedia&parent=2061"}],"wp:term":[{"taxonomy":"category","embeddable":true,"href":"https:\/\/pornuestrolaredo.com\/index.php?rest_route=%2Fwp%2Fv2%2Fcategories&post=2061"},{"taxonomy":"post_tag","embeddable":true,"href":"https:\/\/pornuestrolaredo.com\/index.php?rest_route=%2Fwp%2Fv2%2Ftags&post=2061"}],"curies":[{"name":"wp","href":"https:\/\/api.w.org\/{rel}","templated":true}]}}