{"id":2064,"date":"2023-03-16T00:55:28","date_gmt":"2023-03-16T00:55:28","guid":{"rendered":"https:\/\/pornuestrolaredo.com\/?p=2064"},"modified":"2023-03-16T02:17:11","modified_gmt":"2023-03-16T02:17:11","slug":"consolidad-americo-villarreal-anaya-la-transformacion","status":"publish","type":"post","link":"https:\/\/pornuestrolaredo.com\/?p=2064","title":{"rendered":"Consolida Am\u00e9rico Villarreal Anaya la transformaci\u00f3n"},"content":{"rendered":"<p><strong>CIUDAD VICTORIA.- <\/strong>Con s\u00f3lo cinco meses de gesti\u00f3n, el gobernador Am\u00e9rico Villarreal Anaya ha consolidado la transformaci\u00f3n de Tamaulipas, as\u00ed lo consider\u00f3 la alcaldesa Carmen Lilia Canturosas Villarreal.<\/p>\n<p>En el marco del Primer Informe de Gobierno, la presidenta municipal neolaredense, reconoci\u00f3 y respald\u00f3 el trabajo emprendido por Villarreal Anaya en beneficio de todos los tamaulipecos.<\/p>\n<p>Canturosas destac\u00f3 que el trabajo del mandatario estatal ha impactado positivamente en Nuevo Laredo mediante la llegada de nuevos proyectos que catapultan al municipio y su frontera como l\u00edder comercial y lo refrendan como el puerto aduanero m\u00e1s importante de Am\u00e9rica Latina.<\/p>\n<p>La alcaldesa agradeci\u00f3 el compromiso del gobernador Am\u00e9rico Villarreal Anaya y del presidente Andr\u00e9s Manuel L\u00f3pez Obrador, quienes a trav\u00e9s de sus gestiones han impulsado la transformaci\u00f3n de Nuevo Laredo, donde ya se vive una nueva era de bienestar.<\/p>\n<blockquote><p>En Tamaulipas estamos viviendo un nuevo estado de derecho que es lo m\u00e1s importante y en este tiempo ya se han visto los cambios, en Nuevo Laredo ya tenemos la cercan\u00eda con el Estado que anteriormente no ten\u00edamos. Ahora, en colaboraci\u00f3n, ya tenemos planes para corto y largo plazo a beneficio de los ciudadanos&#8221;, indic\u00f3 Canturosas Villarreal.<\/p><\/blockquote>\n<p>Las facilidades del trabajo en equipo entre municipio, estado y federaci\u00f3n han contribuido a que inversionistas extranjeros y nacionales tomen como primera opci\u00f3n a Nuevo Laredo. La ciudad fortaleci\u00f3 la industria y la proveedur\u00eda con recursos que generaron m\u00e1s oportunidades laborales y potencializan el sector maquilador de la localidad.<\/p>\n<p>La presidenta municipal recalc\u00f3 que en conjunto con los tres \u00f3rdenes de gobierno continuar\u00e1 con la gesti\u00f3n de pol\u00edticas p\u00fablicas que mejoren la calidad de vida de los neolaredenses y conlleven un mejor futuro para la sociedad.<\/p>\n<p>Uno de los proyectos que emprenden las tres principales autoridades, es la construcci\u00f3n de la Agencia Nacional de Aduanas de M\u00e9xico (ANAM), misma que potencializar\u00e1 el dinamismo comercial de Nuevo Laredo, en ese mismo rubro, tambi\u00e9n destac\u00f3 la obra de ampliaci\u00f3n del Puente del Comercio Mundial que ayudar\u00e1 a mejorar los tiempos de cruce y aumentar el dinamismo del puerto terrestre. <\/p>\n<p>Adem\u00e1s, para garantizar la seguridad ciudadana, se instalar\u00e1 un regimiento de la Secretar\u00eda de Defensa Nacional (SEDENA), al igual que de la Guardia Nacional (GN) y para reforzar la salud p\u00fablica, el municipio contribuy\u00f3 con un terreno para la construcci\u00f3n de un hospital que ser\u00e1 dirigido por el Instituto Mexicano del Seguro Social (IMSS).<\/p>\n","protected":false},"excerpt":{"rendered":"<p>Reconoce Carmen Lilia Canturosas Villarreal el trabajo que realiza el gobernador de Tamaulipas <\/p>\n","protected":false},"author":1,"featured_media":2065,"comment_status":"closed","ping_status":"closed","sticky":false,"template":"","format":"standard","meta":{"_crdt_document":"","_jetpack_memberships_contains_paid_content":false,"footnotes":"","jetpack_publicize_message":"","jetpack_publicize_feature_enabled":true,"jetpack_social_post_already_shared":true,"jetpack_social_options":{"image_generator_settings":{"template":"highway","default_image_id":0,"font":"","enabled":false},"version":2},"_wpas_customize_per_network":false},"categories":[11],"tags":[],"class_list":["post-2064","post","type-post","status-publish","format-standard","has-post-thumbnail","hentry","category-tamaulipas"],"magazineBlocksPostFeaturedMedia":{"thumbnail":"https:\/\/pornuestrolaredo.com\/wp-content\/uploads\/2023\/03\/Americo-y-Carmen-150x150.jpg","medium":"https:\/\/pornuestrolaredo.com\/wp-content\/uploads\/2023\/03\/Americo-y-Carmen-300x192.jpg","medium_large":"https:\/\/pornuestrolaredo.com\/wp-content\/uploads\/2023\/03\/Americo-y-Carmen.jpg","large":"https:\/\/pornuestrolaredo.com\/wp-content\/uploads\/2023\/03\/Americo-y-Carmen.jpg","1536x1536":"https:\/\/pornuestrolaredo.com\/wp-content\/uploads\/2023\/03\/Americo-y-Carmen.jpg","2048x2048":"https:\/\/pornuestrolaredo.com\/wp-content\/uploads\/2023\/03\/Americo-y-Carmen.jpg","morenews-large":"https:\/\/pornuestrolaredo.com\/wp-content\/uploads\/2023\/03\/Americo-y-Carmen.jpg","morenews-medium":"https:\/\/pornuestrolaredo.com\/wp-content\/uploads\/2023\/03\/Americo-y-Carmen.jpg"},"magazineBlocksPostAuthor":{"name":"Redactor","avatar":"https:\/\/pornuestrolaredo.com\/wp-content\/litespeed\/avatar\/dca1d7ec750c399f025f23b0b314f4cf.jpg?ver=1777612120"},"magazineBlocksPostCommentsNumber":false,"magazineBlocksPostExcerpt":"Reconoce Carmen Lilia Canturosas Villarreal el trabajo que realiza el gobernador de Tamaulipas ","magazineBlocksPostCategories":["Tamaulipas"],"magazineBlocksPostViewCount":124,"magazineBlocksPostReadTime":3,"magazine_blocks_featured_image_url":{"full":["https:\/\/pornuestrolaredo.com\/wp-content\/uploads\/2023\/03\/Americo-y-Carmen.jpg",768,491,false],"medium":["https:\/\/pornuestrolaredo.com\/wp-content\/uploads\/2023\/03\/Americo-y-Carmen-300x192.jpg",300,192,true],"thumbnail":["https:\/\/pornuestrolaredo.com\/wp-content\/uploads\/2023\/03\/Americo-y-Carmen-150x150.jpg",150,150,true]},"magazine_blocks_author":{"display_name":"Redactor","author_link":"https:\/\/pornuestrolaredo.com\/?author=1"},"magazine_blocks_comment":0,"magazine_blocks_author_image":"https:\/\/pornuestrolaredo.com\/wp-content\/litespeed\/avatar\/dca1d7ec750c399f025f23b0b314f4cf.jpg?ver=1777612120","magazine_blocks_category":"<a href=\"#\" class=\"category-link category-link-11\">Tamaulipas<\/a>","jetpack_publicize_connections":[],"featured_image_urls":{"full":["https:\/\/pornuestrolaredo.com\/wp-content\/uploads\/2023\/03\/Americo-y-Carmen.jpg",768,491,false],"thumbnail":["https:\/\/pornuestrolaredo.com\/wp-content\/uploads\/2023\/03\/Americo-y-Carmen-150x150.jpg",150,150,true],"medium":["https:\/\/pornuestrolaredo.com\/wp-content\/uploads\/2023\/03\/Americo-y-Carmen-300x192.jpg",300,192,true],"medium_large":["https:\/\/pornuestrolaredo.com\/wp-content\/uploads\/2023\/03\/Americo-y-Carmen.jpg",640,409,false],"large":["https:\/\/pornuestrolaredo.com\/wp-content\/uploads\/2023\/03\/Americo-y-Carmen.jpg",640,409,false],"1536x1536":["https:\/\/pornuestrolaredo.com\/wp-content\/uploads\/2023\/03\/Americo-y-Carmen.jpg",768,491,false],"2048x2048":["https:\/\/pornuestrolaredo.com\/wp-content\/uploads\/2023\/03\/Americo-y-Carmen.jpg",768,491,false],"morenews-large":["https:\/\/pornuestrolaredo.com\/wp-content\/uploads\/2023\/03\/Americo-y-Carmen.jpg",768,491,false],"morenews-medium":["https:\/\/pornuestrolaredo.com\/wp-content\/uploads\/2023\/03\/Americo-y-Carmen.jpg",590,377,false]},"author_info":{"info":["Redactor"]},"category_info":"<a href=\"https:\/\/pornuestrolaredo.com\/?cat=11\" rel=\"category\">Tamaulipas<\/a>","tag_info":"Tamaulipas","comment_count":"0","jetpack_featured_media_url":"https:\/\/pornuestrolaredo.com\/wp-content\/uploads\/2023\/03\/Americo-y-Carmen.jpg","jetpack_sharing_enabled":true,"_links":{"self":[{"href":"https:\/\/pornuestrolaredo.com\/index.php?rest_route=\/wp\/v2\/posts\/2064","targetHints":{"allow":["GET"]}}],"collection":[{"href":"https:\/\/pornuestrolaredo.com\/index.php?rest_route=\/wp\/v2\/posts"}],"about":[{"href":"https:\/\/pornuestrolaredo.com\/index.php?rest_route=\/wp\/v2\/types\/post"}],"author":[{"embeddable":true,"href":"https:\/\/pornuestrolaredo.com\/index.php?rest_route=\/wp\/v2\/users\/1"}],"replies":[{"embeddable":true,"href":"https:\/\/pornuestrolaredo.com\/index.php?rest_route=%2Fwp%2Fv2%2Fcomments&post=2064"}],"version-history":[{"count":2,"href":"https:\/\/pornuestrolaredo.com\/index.php?rest_route=\/wp\/v2\/posts\/2064\/revisions"}],"predecessor-version":[{"id":2067,"href":"https:\/\/pornuestrolaredo.com\/index.php?rest_route=\/wp\/v2\/posts\/2064\/revisions\/2067"}],"wp:featuredmedia":[{"embeddable":true,"href":"https:\/\/pornuestrolaredo.com\/index.php?rest_route=\/wp\/v2\/media\/2065"}],"wp:attachment":[{"href":"https:\/\/pornuestrolaredo.com\/index.php?rest_route=%2Fwp%2Fv2%2Fmedia&parent=2064"}],"wp:term":[{"taxonomy":"category","embeddable":true,"href":"https:\/\/pornuestrolaredo.com\/index.php?rest_route=%2Fwp%2Fv2%2Fcategories&post=2064"},{"taxonomy":"post_tag","embeddable":true,"href":"https:\/\/pornuestrolaredo.com\/index.php?rest_route=%2Fwp%2Fv2%2Ftags&post=2064"}],"curies":[{"name":"wp","href":"https:\/\/api.w.org\/{rel}","templated":true}]}}