{"id":2072,"date":"2023-03-16T18:34:35","date_gmt":"2023-03-16T18:34:35","guid":{"rendered":"https:\/\/pornuestrolaredo.com\/?p=2072"},"modified":"2023-03-16T18:34:35","modified_gmt":"2023-03-16T18:34:35","slug":"instalan-comite-de-constructores-de-nuevo-laredo","status":"publish","type":"post","link":"https:\/\/pornuestrolaredo.com\/?p=2072","title":{"rendered":"Instalan Comit\u00e9 de Constructores de Nuevo Laredo"},"content":{"rendered":"<p><strong><em>NUEVO LAREDO.-<\/em><\/strong> Qued\u00f3 instalado el Comit\u00e9 Constructores de Nuevo Laredo, que tiene la finalidad de fortalecer el desarrollo en la infraestructura de la ciudad.<\/p>\n<p>El comit\u00e9 fue instalado por el Gobierno Municipal mediante la Secretar\u00eda de Obras P\u00fablicas, Desarrollo Urbano y Medio Ambiente.<\/p>\n<p>Obras P\u00fablicas uni\u00f3 fuerzas con el Colegio de Arquitectos y el Colegio de Ingenieros Civiles para crear un comit\u00e9 capaz de enfocar y mejorar el desempe\u00f1o de los m\u00e1s de 60 directores responsables de obra que integran ambas asociaciones.<\/p>\n<p>El secretario de Obras P\u00fablicas, Carlos Germ\u00e1n de Anda Hern\u00e1ndez, se\u00f1al\u00f3 que en el comit\u00e9 se trabaja en un reglamento que dar\u00e1 certeza jur\u00eddica a los encargados de obra en cuanto tr\u00e1mites y dem\u00e1s solicitudes.<\/p>\n<blockquote><p>A trav\u00e9s del comit\u00e9 se dar\u00e1 con mayor fluidez el reparto de informaci\u00f3n hacia los directores responsables de obras como nuevos proyectos, cr\u00edticas constructivas o modificaci\u00f3n de trabajos\u201d, explic\u00f3.<\/p><\/blockquote>\n<p>Recalc\u00f3 que esto apoyar\u00e1 al crecimiento ordenado, sostenible y sustentable de Nuevo Laredo. Este nuevo comit\u00e9, que programar\u00e1 reuniones al menos una vez al mes, tambi\u00e9n est\u00e1 conformado por los regidores Mariza Z\u00e1rate, quien es la presidenta de la Comisi\u00f3n de Planeaci\u00f3n y Ernesto Ferrara Theriot, encargado de actualizar la normatividad del municipio.<\/p>\n","protected":false},"excerpt":{"rendered":"<p>Trabajar\u00e1n para fortalecer el desarrollo en la infraestructura de la ciudad<\/p>\n","protected":false},"author":1,"featured_media":2073,"comment_status":"closed","ping_status":"closed","sticky":false,"template":"","format":"standard","meta":{"_crdt_document":"","_jetpack_memberships_contains_paid_content":false,"footnotes":"","jetpack_publicize_message":"","jetpack_publicize_feature_enabled":true,"jetpack_social_post_already_shared":true,"jetpack_social_options":{"image_generator_settings":{"template":"highway","default_image_id":0,"font":"","enabled":false},"version":2},"_wpas_customize_per_network":false},"categories":[4],"tags":[],"class_list":["post-2072","post","type-post","status-publish","format-standard","has-post-thumbnail","hentry","category-los-dos-laredos"],"magazineBlocksPostFeaturedMedia":{"thumbnail":"https:\/\/pornuestrolaredo.com\/wp-content\/uploads\/2023\/03\/Stereo91-20230316-7-150x150.jpg","medium":"https:\/\/pornuestrolaredo.com\/wp-content\/uploads\/2023\/03\/Stereo91-20230316-7-300x200.jpg","medium_large":"https:\/\/pornuestrolaredo.com\/wp-content\/uploads\/2023\/03\/Stereo91-20230316-7-768x511.jpg","large":"https:\/\/pornuestrolaredo.com\/wp-content\/uploads\/2023\/03\/Stereo91-20230316-7.jpg","1536x1536":"https:\/\/pornuestrolaredo.com\/wp-content\/uploads\/2023\/03\/Stereo91-20230316-7.jpg","2048x2048":"https:\/\/pornuestrolaredo.com\/wp-content\/uploads\/2023\/03\/Stereo91-20230316-7.jpg","morenews-large":"https:\/\/pornuestrolaredo.com\/wp-content\/uploads\/2023\/03\/Stereo91-20230316-7.jpg","morenews-medium":"https:\/\/pornuestrolaredo.com\/wp-content\/uploads\/2023\/03\/Stereo91-20230316-7.jpg"},"magazineBlocksPostAuthor":{"name":"Redactor","avatar":"https:\/\/pornuestrolaredo.com\/wp-content\/litespeed\/avatar\/dca1d7ec750c399f025f23b0b314f4cf.jpg?ver=1777612120"},"magazineBlocksPostCommentsNumber":false,"magazineBlocksPostExcerpt":"Trabajar\u00e1n para fortalecer el desarrollo en la infraestructura de la ciudad","magazineBlocksPostCategories":["Los dos Laredos"],"magazineBlocksPostViewCount":130,"magazineBlocksPostReadTime":2,"magazine_blocks_featured_image_url":{"full":["https:\/\/pornuestrolaredo.com\/wp-content\/uploads\/2023\/03\/Stereo91-20230316-7.jpg",903,601,false],"medium":["https:\/\/pornuestrolaredo.com\/wp-content\/uploads\/2023\/03\/Stereo91-20230316-7-300x200.jpg",300,200,true],"thumbnail":["https:\/\/pornuestrolaredo.com\/wp-content\/uploads\/2023\/03\/Stereo91-20230316-7-150x150.jpg",150,150,true]},"magazine_blocks_author":{"display_name":"Redactor","author_link":"https:\/\/pornuestrolaredo.com\/?author=1"},"magazine_blocks_comment":0,"magazine_blocks_author_image":"https:\/\/pornuestrolaredo.com\/wp-content\/litespeed\/avatar\/dca1d7ec750c399f025f23b0b314f4cf.jpg?ver=1777612120","magazine_blocks_category":"<a href=\"#\" class=\"category-link category-link-4\">Los dos Laredos<\/a>","jetpack_publicize_connections":[],"featured_image_urls":{"full":["https:\/\/pornuestrolaredo.com\/wp-content\/uploads\/2023\/03\/Stereo91-20230316-7.jpg",903,601,false],"thumbnail":["https:\/\/pornuestrolaredo.com\/wp-content\/uploads\/2023\/03\/Stereo91-20230316-7-150x150.jpg",150,150,true],"medium":["https:\/\/pornuestrolaredo.com\/wp-content\/uploads\/2023\/03\/Stereo91-20230316-7-300x200.jpg",300,200,true],"medium_large":["https:\/\/pornuestrolaredo.com\/wp-content\/uploads\/2023\/03\/Stereo91-20230316-7-768x511.jpg",640,426,true],"large":["https:\/\/pornuestrolaredo.com\/wp-content\/uploads\/2023\/03\/Stereo91-20230316-7.jpg",640,426,false],"1536x1536":["https:\/\/pornuestrolaredo.com\/wp-content\/uploads\/2023\/03\/Stereo91-20230316-7.jpg",903,601,false],"2048x2048":["https:\/\/pornuestrolaredo.com\/wp-content\/uploads\/2023\/03\/Stereo91-20230316-7.jpg",903,601,false],"morenews-large":["https:\/\/pornuestrolaredo.com\/wp-content\/uploads\/2023\/03\/Stereo91-20230316-7.jpg",825,549,false],"morenews-medium":["https:\/\/pornuestrolaredo.com\/wp-content\/uploads\/2023\/03\/Stereo91-20230316-7.jpg",590,393,false]},"author_info":{"info":["Redactor"]},"category_info":"<a href=\"https:\/\/pornuestrolaredo.com\/?cat=4\" rel=\"category\">Los dos Laredos<\/a>","tag_info":"Los dos Laredos","comment_count":"0","jetpack_featured_media_url":"https:\/\/pornuestrolaredo.com\/wp-content\/uploads\/2023\/03\/Stereo91-20230316-7.jpg","jetpack_sharing_enabled":true,"_links":{"self":[{"href":"https:\/\/pornuestrolaredo.com\/index.php?rest_route=\/wp\/v2\/posts\/2072","targetHints":{"allow":["GET"]}}],"collection":[{"href":"https:\/\/pornuestrolaredo.com\/index.php?rest_route=\/wp\/v2\/posts"}],"about":[{"href":"https:\/\/pornuestrolaredo.com\/index.php?rest_route=\/wp\/v2\/types\/post"}],"author":[{"embeddable":true,"href":"https:\/\/pornuestrolaredo.com\/index.php?rest_route=\/wp\/v2\/users\/1"}],"replies":[{"embeddable":true,"href":"https:\/\/pornuestrolaredo.com\/index.php?rest_route=%2Fwp%2Fv2%2Fcomments&post=2072"}],"version-history":[{"count":1,"href":"https:\/\/pornuestrolaredo.com\/index.php?rest_route=\/wp\/v2\/posts\/2072\/revisions"}],"predecessor-version":[{"id":2074,"href":"https:\/\/pornuestrolaredo.com\/index.php?rest_route=\/wp\/v2\/posts\/2072\/revisions\/2074"}],"wp:featuredmedia":[{"embeddable":true,"href":"https:\/\/pornuestrolaredo.com\/index.php?rest_route=\/wp\/v2\/media\/2073"}],"wp:attachment":[{"href":"https:\/\/pornuestrolaredo.com\/index.php?rest_route=%2Fwp%2Fv2%2Fmedia&parent=2072"}],"wp:term":[{"taxonomy":"category","embeddable":true,"href":"https:\/\/pornuestrolaredo.com\/index.php?rest_route=%2Fwp%2Fv2%2Fcategories&post=2072"},{"taxonomy":"post_tag","embeddable":true,"href":"https:\/\/pornuestrolaredo.com\/index.php?rest_route=%2Fwp%2Fv2%2Ftags&post=2072"}],"curies":[{"name":"wp","href":"https:\/\/api.w.org\/{rel}","templated":true}]}}