{"id":2075,"date":"2023-03-17T19:57:08","date_gmt":"2023-03-17T19:57:08","guid":{"rendered":"https:\/\/pornuestrolaredo.com\/?p=2075"},"modified":"2023-03-17T19:57:08","modified_gmt":"2023-03-17T19:57:08","slug":"muere-fito-olivares-creador-de-juana-la-cubana","status":"publish","type":"post","link":"https:\/\/pornuestrolaredo.com\/?p=2075","title":{"rendered":"Muere Fito Olivares, creador de &#8216;Juana la Cubana&#8217;"},"content":{"rendered":"<p><strong><em>McALLEN.- <\/em><\/strong>Fito Olivares, famoso cantante y saxofonista tamaulipeco, falleci\u00f3 la ma\u00f1ana de hoy viernes, v\u00edctima de un c\u00e1ncer terminal que le fue diagnosticado hace ocho meses, enlutando al mundo del espect\u00e1culo.<\/p>\n<p>El creador de temas como &#8216;Juana la Cubana&#8217; y &#8216;El Colesterol&#8217;, pas\u00f3 una mala noche seg\u00fan dio a conocer su esposa, Gris Olivares, en entrevista con Ra\u00fal Brindis, minutos despu\u00e9s de su p\u00e9rdida.<\/p>\n<blockquote><p>Desgraciadamente esto pas\u00f3 hace una hora, tuvo muy mala noche y aqu\u00ed estuve con \u00e9l todo este tiempo. Sab\u00eda que estaba muy cerca y desgraciadamente pas\u00f3 hace un momento&#8221;, dijo.<\/p><\/blockquote>\n<p>Seg\u00fan lo informado por la esposa del int\u00e9rprete de \u201cEl Colesterol\u201d, hace ocho meses le detectaron un m\u00faltiple mieloma, y tras una serie de estudios le dieron solo unos meses de vida.<\/p>\n<blockquote><p>\u00c9l nunca supo, ni yo, ni nadie nos imagin\u00e1bamos que pod\u00eda tener c\u00e1ncer. \u00c9l fue diagnosticado hace como ocho meses y no nos imagin\u00e1bamos que tan grave iba a ser&#8221;, mencion\u00f3.<\/p><\/blockquote>\n<p>Al famoso, los m\u00e9dicos le dieron menos tiempo de vida.<\/p>\n<blockquote><p>Gracias a Dios, dur\u00f3 un poquito m\u00e1s de lo que los doctores nos dijeron, su c\u00e1ncer estaba ya muy avanzado. Es un c\u00e1ncer que se llama m\u00faltiple mieloma y no mucha gente lo sabe&#8221;, dijo su esposa.<\/p><\/blockquote>\n<p>El tipo de c\u00e1ncer que le fue diagnosticado al m\u00fasico, afecta las c\u00e9lulas blancas, la m\u00e9dula \u00f3sea y los huesos, mencion\u00f3 la mujer, quien asegura que Fito ya estaba muy d\u00e9bil.<\/p>\n<p>Los \u00faltimos d\u00edas, Fito Olivares solo los pasaba dormido y sin comer: &#8220;Desde tres d\u00edas para ac\u00e1, empez\u00f3 a no despertarse, a no comer, no nada. Pero s\u00ed me reconoc\u00eda, reconoc\u00eda a los muchachos, sonre\u00eda cuando ven\u00edan a verlo&#8221;.<\/p>\n<p>La esposa del m\u00fasico dijo estar orgullosa de lo que \u00e9l pudo lograr, pues su m\u00fasica sigue siendo recordada: &#8220;Es incre\u00edble c\u00f3mo la m\u00fasica de \u00e9l se fue pasando de generaci\u00f3n en generaci\u00f3n porque \u00e9l estuvo 58 a\u00f1os tocando&#8221;.<\/p>\n<p><strong>\u00bfQUI\u00c9N FUE FITO OLIVARES?<\/strong><\/p>\n<p>Fito Olivares naci\u00f3 el 19 de abril en Tamaulipas, M\u00e9xico. El primer instrumento que aprendi\u00f3 a tocar fue una arm\u00f3nica que le compr\u00f3 su padre, quien tambi\u00e9n era saxofonista.<\/p>\n<p>A los 12 a\u00f1os aprendi\u00f3 a tocar el saxof\u00f3n. A los 16 a\u00f1os se involucr\u00f3 de lleno en la m\u00fasica y en 1962 lo invitaron a formar para del Dueto Estrella, donde aprendi\u00f3 a tocar el acorde\u00f3n.<\/p>\n<p>La primera canci\u00f3n que compuso fue &#8216;Ya no eres m\u00eda&#8217;. En 1980 crea Fito Olivares y su Grupo, con quienes compuso &#8216;Juana La Cubana&#8217;, tema que lo llev\u00f3 a presentarse en programas como &#8216;Siempre en Domingo. Tras el \u00e9xito, con el pasar de los a\u00f1os Fito Olivares cre\u00f3 su propio estudio de grabaci\u00f3n, Japonica Studio, as\u00ed como su editora, Sabrosura Music, con la que registr\u00f3 sus canciones.<\/p>\n","protected":false},"excerpt":{"rendered":"<p>El m\u00fasico tamaulipeco sufr\u00eda de c\u00e1ncer y vivi\u00f3 a\u00fan m\u00e1s tiempo del pronosticado por los m\u00e9dicos; ten\u00eda <\/p>\n","protected":false},"author":1,"featured_media":2076,"comment_status":"closed","ping_status":"closed","sticky":false,"template":"","format":"standard","meta":{"_crdt_document":"","_jetpack_memberships_contains_paid_content":false,"footnotes":"","jetpack_publicize_message":"","jetpack_publicize_feature_enabled":true,"jetpack_social_post_already_shared":true,"jetpack_social_options":{"image_generator_settings":{"template":"highway","default_image_id":0,"font":"","enabled":false},"version":2},"_wpas_customize_per_network":false},"categories":[34],"tags":[],"class_list":["post-2075","post","type-post","status-publish","format-standard","has-post-thumbnail","hentry","category-farandula"],"magazineBlocksPostFeaturedMedia":{"thumbnail":"https:\/\/pornuestrolaredo.com\/wp-content\/uploads\/2023\/03\/PNL-20230317-1-150x150.jpeg","medium":"https:\/\/pornuestrolaredo.com\/wp-content\/uploads\/2023\/03\/PNL-20230317-1-300x169.jpeg","medium_large":"https:\/\/pornuestrolaredo.com\/wp-content\/uploads\/2023\/03\/PNL-20230317-1-768x432.jpeg","large":"https:\/\/pornuestrolaredo.com\/wp-content\/uploads\/2023\/03\/PNL-20230317-1-1024x576.jpeg","1536x1536":"https:\/\/pornuestrolaredo.com\/wp-content\/uploads\/2023\/03\/PNL-20230317-1.jpeg","2048x2048":"https:\/\/pornuestrolaredo.com\/wp-content\/uploads\/2023\/03\/PNL-20230317-1.jpeg","morenews-large":"https:\/\/pornuestrolaredo.com\/wp-content\/uploads\/2023\/03\/PNL-20230317-1.jpeg","morenews-medium":"https:\/\/pornuestrolaredo.com\/wp-content\/uploads\/2023\/03\/PNL-20230317-1.jpeg"},"magazineBlocksPostAuthor":{"name":"Redactor","avatar":"https:\/\/pornuestrolaredo.com\/wp-content\/litespeed\/avatar\/dca1d7ec750c399f025f23b0b314f4cf.jpg?ver=1777612120"},"magazineBlocksPostCommentsNumber":false,"magazineBlocksPostExcerpt":"El m\u00fasico tamaulipeco sufr\u00eda de c\u00e1ncer y vivi\u00f3 a\u00fan m\u00e1s tiempo del pronosticado por los m\u00e9dicos; ten\u00eda ","magazineBlocksPostCategories":["Far\u00e1ndula"],"magazineBlocksPostViewCount":125,"magazineBlocksPostReadTime":3,"magazine_blocks_featured_image_url":{"full":["https:\/\/pornuestrolaredo.com\/wp-content\/uploads\/2023\/03\/PNL-20230317-1.jpeg",1200,675,false],"medium":["https:\/\/pornuestrolaredo.com\/wp-content\/uploads\/2023\/03\/PNL-20230317-1-300x169.jpeg",300,169,true],"thumbnail":["https:\/\/pornuestrolaredo.com\/wp-content\/uploads\/2023\/03\/PNL-20230317-1-150x150.jpeg",150,150,true]},"magazine_blocks_author":{"display_name":"Redactor","author_link":"https:\/\/pornuestrolaredo.com\/?author=1"},"magazine_blocks_comment":0,"magazine_blocks_author_image":"https:\/\/pornuestrolaredo.com\/wp-content\/litespeed\/avatar\/dca1d7ec750c399f025f23b0b314f4cf.jpg?ver=1777612120","magazine_blocks_category":"<a href=\"#\" class=\"category-link category-link-34\">Far\u00e1ndula<\/a>","jetpack_publicize_connections":[],"featured_image_urls":{"full":["https:\/\/pornuestrolaredo.com\/wp-content\/uploads\/2023\/03\/PNL-20230317-1.jpeg",1200,675,false],"thumbnail":["https:\/\/pornuestrolaredo.com\/wp-content\/uploads\/2023\/03\/PNL-20230317-1-150x150.jpeg",150,150,true],"medium":["https:\/\/pornuestrolaredo.com\/wp-content\/uploads\/2023\/03\/PNL-20230317-1-300x169.jpeg",300,169,true],"medium_large":["https:\/\/pornuestrolaredo.com\/wp-content\/uploads\/2023\/03\/PNL-20230317-1-768x432.jpeg",640,360,true],"large":["https:\/\/pornuestrolaredo.com\/wp-content\/uploads\/2023\/03\/PNL-20230317-1-1024x576.jpeg",640,360,true],"1536x1536":["https:\/\/pornuestrolaredo.com\/wp-content\/uploads\/2023\/03\/PNL-20230317-1.jpeg",1200,675,false],"2048x2048":["https:\/\/pornuestrolaredo.com\/wp-content\/uploads\/2023\/03\/PNL-20230317-1.jpeg",1200,675,false],"morenews-large":["https:\/\/pornuestrolaredo.com\/wp-content\/uploads\/2023\/03\/PNL-20230317-1.jpeg",825,464,false],"morenews-medium":["https:\/\/pornuestrolaredo.com\/wp-content\/uploads\/2023\/03\/PNL-20230317-1.jpeg",590,332,false]},"author_info":{"info":["Redactor"]},"category_info":"<a href=\"https:\/\/pornuestrolaredo.com\/?cat=34\" rel=\"category\">Far\u00e1ndula<\/a>","tag_info":"Far\u00e1ndula","comment_count":"0","jetpack_featured_media_url":"https:\/\/pornuestrolaredo.com\/wp-content\/uploads\/2023\/03\/PNL-20230317-1.jpeg","jetpack_sharing_enabled":true,"_links":{"self":[{"href":"https:\/\/pornuestrolaredo.com\/index.php?rest_route=\/wp\/v2\/posts\/2075","targetHints":{"allow":["GET"]}}],"collection":[{"href":"https:\/\/pornuestrolaredo.com\/index.php?rest_route=\/wp\/v2\/posts"}],"about":[{"href":"https:\/\/pornuestrolaredo.com\/index.php?rest_route=\/wp\/v2\/types\/post"}],"author":[{"embeddable":true,"href":"https:\/\/pornuestrolaredo.com\/index.php?rest_route=\/wp\/v2\/users\/1"}],"replies":[{"embeddable":true,"href":"https:\/\/pornuestrolaredo.com\/index.php?rest_route=%2Fwp%2Fv2%2Fcomments&post=2075"}],"version-history":[{"count":1,"href":"https:\/\/pornuestrolaredo.com\/index.php?rest_route=\/wp\/v2\/posts\/2075\/revisions"}],"predecessor-version":[{"id":2077,"href":"https:\/\/pornuestrolaredo.com\/index.php?rest_route=\/wp\/v2\/posts\/2075\/revisions\/2077"}],"wp:featuredmedia":[{"embeddable":true,"href":"https:\/\/pornuestrolaredo.com\/index.php?rest_route=\/wp\/v2\/media\/2076"}],"wp:attachment":[{"href":"https:\/\/pornuestrolaredo.com\/index.php?rest_route=%2Fwp%2Fv2%2Fmedia&parent=2075"}],"wp:term":[{"taxonomy":"category","embeddable":true,"href":"https:\/\/pornuestrolaredo.com\/index.php?rest_route=%2Fwp%2Fv2%2Fcategories&post=2075"},{"taxonomy":"post_tag","embeddable":true,"href":"https:\/\/pornuestrolaredo.com\/index.php?rest_route=%2Fwp%2Fv2%2Ftags&post=2075"}],"curies":[{"name":"wp","href":"https:\/\/api.w.org\/{rel}","templated":true}]}}