{"id":2082,"date":"2023-03-18T07:12:39","date_gmt":"2023-03-18T07:12:39","guid":{"rendered":"https:\/\/pornuestrolaredo.com\/?p=2082"},"modified":"2023-03-18T07:12:39","modified_gmt":"2023-03-18T07:12:39","slug":"transforman-predio-abandonado-en-plaza-familiar","status":"publish","type":"post","link":"https:\/\/pornuestrolaredo.com\/?p=2082","title":{"rendered":"Transforman predio abandonado en plaza familiar"},"content":{"rendered":"<p><strong>NUEVO LAREDO.-<\/strong> Una nueva plaza p\u00fablica entreg\u00f3 el Gobierno Municipal en la colonia Nueva Era, en un terreno que durante a\u00f1os luci\u00f3 abandonado y que ahora fue transformado en un espacio digno para mejorar la calidad de vida de m\u00e1s de 21 mil vecinos.<\/p>\n<p>Con una inversi\u00f3n de m\u00e1s de un mill\u00f3n 794 mil pesos, la alcaldesa Carmen Lilia Canturosas Villarreal, junto a integrantes de Cabildo, entregaron la construcci\u00f3n de una plaza que abarca una superficie de 696 metros cuadrados y que est\u00e1 completamente equipada con juegos infantiles, palapas, asadores, cancha de baloncesto, alumbrado p\u00fablico, aparatos ejercitadores y pasto sint\u00e9tico.<\/p>\n<p>La presidenta municipal, destac\u00f3 que con la construcci\u00f3n de esta plaza ubicada en la Privada 13-C en la colonia Nueva Era, no s\u00f3lo servir\u00e1 para que las familias cuenten con espacios recreativos y de esparcimiento, sino que ahora transitar\u00e1n por un entorno m\u00e1s seguro.<\/p>\n<blockquote><p>Hicimos el compromiso de transformar estos espacios en lugares dignos y me llena de orgullo entregar la primera de cuatro plazas que estamos construyendo para que las familias puedan reunirse, jugar con nuestros hijos, donde podamos compartir y convivir en un entorno seguro y completamente renovado\u201d, se\u00f1al\u00f3.<\/p><\/blockquote>\n<p>Canturosas Villarreal se\u00f1al\u00f3 que esta obra  es muestra de que  su gobierno realiza acciones pensadas en mejorar la infraestructura urbana, pero sobre todo en el bienestar de las y los neolaredenses. <\/p>\n<p>Los ciudadanos que habitan la colonia donde se construy\u00f3 la plaza expresaron su agradecimiento hacia el Gobierno Municipal por las obras que transforman su sector en espacios dignos.<\/p>\n<p>Sandra Jocelyn Sa\u00e9nz, vecina, recalc\u00f3 que en la colonia ya se vive un gran cambio gracias a las gestiones de la presidenta municipal y ahora tienen espacios dignos y bellos donde podr\u00e1n convivir los habitantes.<\/p>\n<blockquote><p>Aqu\u00ed ya podemos venir a realizar varias actividades todos, estoy muy contenta con el trabajo de Carmen Lilia y le agradezco todo su trabajo, se nota su preocupaci\u00f3n por nosotros y nadie nos ha apoyado tanto como ella\u201d, coment\u00f3.<\/p><\/blockquote>\n<p>Carmen Notero Campos, habitante, enfatiz\u00f3 que estos lugares de recreaci\u00f3n ayudan a que los menores de edad no tomen caminos de tentaciones y se centren en practicar alg\u00fan deporte con las nuevas canchas deportivas.<\/p>\n<blockquote><p>La presidenta municipal tambi\u00e9n le dio vida aqu\u00ed con este parque, quit\u00f3 todo lo malo como los carros y puso este hermoso lugar, ella marc\u00f3 historia aqu\u00ed en la colonia y en Nuevo Laredo porque es una mujer que no tiene miedo y le entra a todo\u201d, manifest\u00f3.<\/p><\/blockquote>\n<p>Mientras que Virginia Rodr\u00edguez Cruz, vecina, reconoci\u00f3 que la alcaldesa realiza trabajos de la mejor forma posible para mejorar la infraestructura de Nuevo Laredo.<\/p>\n<blockquote><p>Ella est\u00e1 dejando su coraz\u00f3n en todos sus proyectos y se nota porque siempre deja una sonrisa en los habitantes con las obras que entrega, ella promete y cumple, es una mujer incansable y hace mucho por nosotros\u201d, subray\u00f3.<\/p><\/blockquote>\n<p><img decoding=\"async\" src=\"https:\/\/pornuestrolaredo.com\/wp-content\/uploads\/2023\/03\/Stereo91-20230317-4-1-300x169.jpg\" alt=\"\" width=\"300\" height=\"169\" class=\"alignnone size-medium wp-image-2083\" srcset=\"https:\/\/pornuestrolaredo.com\/wp-content\/uploads\/2023\/03\/Stereo91-20230317-4-1-300x169.jpg 300w, https:\/\/pornuestrolaredo.com\/wp-content\/uploads\/2023\/03\/Stereo91-20230317-4-1-1024x576.jpg 1024w, https:\/\/pornuestrolaredo.com\/wp-content\/uploads\/2023\/03\/Stereo91-20230317-4-1-768x432.jpg 768w, https:\/\/pornuestrolaredo.com\/wp-content\/uploads\/2023\/03\/Stereo91-20230317-4-1-1536x864.jpg 1536w, https:\/\/pornuestrolaredo.com\/wp-content\/uploads\/2023\/03\/Stereo91-20230317-4-1.jpg 1600w\" sizes=\"(max-width: 300px) 100vw, 300px\" \/><\/p>\n<p><img decoding=\"async\" src=\"https:\/\/pornuestrolaredo.com\/wp-content\/uploads\/2023\/03\/Stereo91-20230317-4-2-300x200.jpg\" alt=\"\" width=\"300\" height=\"200\" class=\"alignnone size-medium wp-image-2084\" srcset=\"https:\/\/pornuestrolaredo.com\/wp-content\/uploads\/2023\/03\/Stereo91-20230317-4-2-300x200.jpg 300w, https:\/\/pornuestrolaredo.com\/wp-content\/uploads\/2023\/03\/Stereo91-20230317-4-2-1024x682.jpg 1024w, https:\/\/pornuestrolaredo.com\/wp-content\/uploads\/2023\/03\/Stereo91-20230317-4-2-768x512.jpg 768w, https:\/\/pornuestrolaredo.com\/wp-content\/uploads\/2023\/03\/Stereo91-20230317-4-2.jpg 1280w\" sizes=\"(max-width: 300px) 100vw, 300px\" \/><\/p>\n<p><img decoding=\"async\" src=\"https:\/\/pornuestrolaredo.com\/wp-content\/uploads\/2023\/03\/Stereo91-20230317-4-3-300x200.jpg\" alt=\"\" width=\"300\" height=\"200\" class=\"alignnone size-medium wp-image-2085\" srcset=\"https:\/\/pornuestrolaredo.com\/wp-content\/uploads\/2023\/03\/Stereo91-20230317-4-3-300x200.jpg 300w, https:\/\/pornuestrolaredo.com\/wp-content\/uploads\/2023\/03\/Stereo91-20230317-4-3-1024x682.jpg 1024w, https:\/\/pornuestrolaredo.com\/wp-content\/uploads\/2023\/03\/Stereo91-20230317-4-3-768x512.jpg 768w, https:\/\/pornuestrolaredo.com\/wp-content\/uploads\/2023\/03\/Stereo91-20230317-4-3.jpg 1280w\" sizes=\"(max-width: 300px) 100vw, 300px\" \/><\/p>\n<p><img decoding=\"async\" src=\"https:\/\/pornuestrolaredo.com\/wp-content\/uploads\/2023\/03\/Stereo91-20230317-4-4-300x200.jpg\" alt=\"\" width=\"300\" height=\"200\" class=\"alignnone size-medium wp-image-2086\" srcset=\"https:\/\/pornuestrolaredo.com\/wp-content\/uploads\/2023\/03\/Stereo91-20230317-4-4-300x200.jpg 300w, https:\/\/pornuestrolaredo.com\/wp-content\/uploads\/2023\/03\/Stereo91-20230317-4-4-1024x682.jpg 1024w, https:\/\/pornuestrolaredo.com\/wp-content\/uploads\/2023\/03\/Stereo91-20230317-4-4-768x512.jpg 768w, https:\/\/pornuestrolaredo.com\/wp-content\/uploads\/2023\/03\/Stereo91-20230317-4-4.jpg 1280w\" sizes=\"(max-width: 300px) 100vw, 300px\" \/><\/p>\n<p>Durante la entrega de la plaza estuvieron presentes miembros del Cabildo y autoridades municipales.<\/p>\n","protected":false},"excerpt":{"rendered":"<p>Invierten mill\u00f3n 794 mil pesos para darle un espacio de esparcimiento a las familias de la colonia Nueva Era<\/p>\n","protected":false},"author":1,"featured_media":2087,"comment_status":"closed","ping_status":"closed","sticky":false,"template":"","format":"standard","meta":{"_crdt_document":"","_jetpack_memberships_contains_paid_content":false,"footnotes":"","jetpack_publicize_message":"","jetpack_publicize_feature_enabled":true,"jetpack_social_post_already_shared":true,"jetpack_social_options":{"image_generator_settings":{"template":"highway","default_image_id":0,"font":"","enabled":false},"version":2},"_wpas_customize_per_network":false},"categories":[4],"tags":[],"class_list":["post-2082","post","type-post","status-publish","format-standard","has-post-thumbnail","hentry","category-los-dos-laredos"],"magazineBlocksPostFeaturedMedia":{"thumbnail":"https:\/\/pornuestrolaredo.com\/wp-content\/uploads\/2023\/03\/Stereo91-20230317-4-5-150x150.jpg","medium":"https:\/\/pornuestrolaredo.com\/wp-content\/uploads\/2023\/03\/Stereo91-20230317-4-5-300x200.jpg","medium_large":"https:\/\/pornuestrolaredo.com\/wp-content\/uploads\/2023\/03\/Stereo91-20230317-4-5-768x512.jpg","large":"https:\/\/pornuestrolaredo.com\/wp-content\/uploads\/2023\/03\/Stereo91-20230317-4-5-1024x682.jpg","1536x1536":"https:\/\/pornuestrolaredo.com\/wp-content\/uploads\/2023\/03\/Stereo91-20230317-4-5.jpg","2048x2048":"https:\/\/pornuestrolaredo.com\/wp-content\/uploads\/2023\/03\/Stereo91-20230317-4-5.jpg","morenews-large":"https:\/\/pornuestrolaredo.com\/wp-content\/uploads\/2023\/03\/Stereo91-20230317-4-5.jpg","morenews-medium":"https:\/\/pornuestrolaredo.com\/wp-content\/uploads\/2023\/03\/Stereo91-20230317-4-5.jpg"},"magazineBlocksPostAuthor":{"name":"Redactor","avatar":"https:\/\/pornuestrolaredo.com\/wp-content\/litespeed\/avatar\/dca1d7ec750c399f025f23b0b314f4cf.jpg?ver=1777612120"},"magazineBlocksPostCommentsNumber":false,"magazineBlocksPostExcerpt":"Invierten mill\u00f3n 794 mil pesos para darle un espacio de esparcimiento a las familias de la colonia Nueva Era","magazineBlocksPostCategories":["Los dos Laredos"],"magazineBlocksPostViewCount":108,"magazineBlocksPostReadTime":3,"magazine_blocks_featured_image_url":{"full":["https:\/\/pornuestrolaredo.com\/wp-content\/uploads\/2023\/03\/Stereo91-20230317-4-5.jpg",1280,853,false],"medium":["https:\/\/pornuestrolaredo.com\/wp-content\/uploads\/2023\/03\/Stereo91-20230317-4-5-300x200.jpg",300,200,true],"thumbnail":["https:\/\/pornuestrolaredo.com\/wp-content\/uploads\/2023\/03\/Stereo91-20230317-4-5-150x150.jpg",150,150,true]},"magazine_blocks_author":{"display_name":"Redactor","author_link":"https:\/\/pornuestrolaredo.com\/?author=1"},"magazine_blocks_comment":0,"magazine_blocks_author_image":"https:\/\/pornuestrolaredo.com\/wp-content\/litespeed\/avatar\/dca1d7ec750c399f025f23b0b314f4cf.jpg?ver=1777612120","magazine_blocks_category":"<a href=\"#\" class=\"category-link category-link-4\">Los dos Laredos<\/a>","jetpack_publicize_connections":[],"featured_image_urls":{"full":["https:\/\/pornuestrolaredo.com\/wp-content\/uploads\/2023\/03\/Stereo91-20230317-4-5.jpg",1280,853,false],"thumbnail":["https:\/\/pornuestrolaredo.com\/wp-content\/uploads\/2023\/03\/Stereo91-20230317-4-5-150x150.jpg",150,150,true],"medium":["https:\/\/pornuestrolaredo.com\/wp-content\/uploads\/2023\/03\/Stereo91-20230317-4-5-300x200.jpg",300,200,true],"medium_large":["https:\/\/pornuestrolaredo.com\/wp-content\/uploads\/2023\/03\/Stereo91-20230317-4-5-768x512.jpg",640,427,true],"large":["https:\/\/pornuestrolaredo.com\/wp-content\/uploads\/2023\/03\/Stereo91-20230317-4-5-1024x682.jpg",640,426,true],"1536x1536":["https:\/\/pornuestrolaredo.com\/wp-content\/uploads\/2023\/03\/Stereo91-20230317-4-5.jpg",1280,853,false],"2048x2048":["https:\/\/pornuestrolaredo.com\/wp-content\/uploads\/2023\/03\/Stereo91-20230317-4-5.jpg",1280,853,false],"morenews-large":["https:\/\/pornuestrolaredo.com\/wp-content\/uploads\/2023\/03\/Stereo91-20230317-4-5.jpg",825,550,false],"morenews-medium":["https:\/\/pornuestrolaredo.com\/wp-content\/uploads\/2023\/03\/Stereo91-20230317-4-5.jpg",590,393,false]},"author_info":{"info":["Redactor"]},"category_info":"<a href=\"https:\/\/pornuestrolaredo.com\/?cat=4\" rel=\"category\">Los dos Laredos<\/a>","tag_info":"Los dos Laredos","comment_count":"0","jetpack_featured_media_url":"https:\/\/pornuestrolaredo.com\/wp-content\/uploads\/2023\/03\/Stereo91-20230317-4-5.jpg","jetpack_sharing_enabled":true,"_links":{"self":[{"href":"https:\/\/pornuestrolaredo.com\/index.php?rest_route=\/wp\/v2\/posts\/2082","targetHints":{"allow":["GET"]}}],"collection":[{"href":"https:\/\/pornuestrolaredo.com\/index.php?rest_route=\/wp\/v2\/posts"}],"about":[{"href":"https:\/\/pornuestrolaredo.com\/index.php?rest_route=\/wp\/v2\/types\/post"}],"author":[{"embeddable":true,"href":"https:\/\/pornuestrolaredo.com\/index.php?rest_route=\/wp\/v2\/users\/1"}],"replies":[{"embeddable":true,"href":"https:\/\/pornuestrolaredo.com\/index.php?rest_route=%2Fwp%2Fv2%2Fcomments&post=2082"}],"version-history":[{"count":1,"href":"https:\/\/pornuestrolaredo.com\/index.php?rest_route=\/wp\/v2\/posts\/2082\/revisions"}],"predecessor-version":[{"id":2088,"href":"https:\/\/pornuestrolaredo.com\/index.php?rest_route=\/wp\/v2\/posts\/2082\/revisions\/2088"}],"wp:featuredmedia":[{"embeddable":true,"href":"https:\/\/pornuestrolaredo.com\/index.php?rest_route=\/wp\/v2\/media\/2087"}],"wp:attachment":[{"href":"https:\/\/pornuestrolaredo.com\/index.php?rest_route=%2Fwp%2Fv2%2Fmedia&parent=2082"}],"wp:term":[{"taxonomy":"category","embeddable":true,"href":"https:\/\/pornuestrolaredo.com\/index.php?rest_route=%2Fwp%2Fv2%2Fcategories&post=2082"},{"taxonomy":"post_tag","embeddable":true,"href":"https:\/\/pornuestrolaredo.com\/index.php?rest_route=%2Fwp%2Fv2%2Ftags&post=2082"}],"curies":[{"name":"wp","href":"https:\/\/api.w.org\/{rel}","templated":true}]}}