{"id":2090,"date":"2023-03-19T05:51:31","date_gmt":"2023-03-19T05:51:31","guid":{"rendered":"https:\/\/pornuestrolaredo.com\/?p=2090"},"modified":"2023-03-19T05:51:31","modified_gmt":"2023-03-19T05:51:31","slug":"luces-causan-asombro-en-california","status":"publish","type":"post","link":"https:\/\/pornuestrolaredo.com\/?p=2090","title":{"rendered":"Luces causan asombro en California"},"content":{"rendered":"<p><strong><em>LOS \u00c1NGELES.-<\/em><\/strong> Misteriosos rayos de luz que surcaron el cielo sobre la zona de Sacramento, California, el viernes por la noche provocaron estupor a los que festejaban el D\u00eda de San Patricio, quienes publicaron videos en redes sociales de la ins\u00f3lita visi\u00f3n.<\/p>\n<p>Jaime Hern\u00e1ndez festejaba la fecha detr\u00e1s de la cervecer\u00eda King Cong Brewing Company en Sacramento cuando algunos en su grupo vieron las luces. Hernandez grab\u00f3 el fen\u00f3meno que acab\u00f3 en unos 40 segundos, dijo el s\u00e1bado.<\/p>\n<blockquote><p>Est\u00e1bamos at\u00f3nitos, pero asombrados que pudimos verlo\u201d, dijo Hernandez en un correo electr\u00f3nico. \u201cNinguno de nosotros hab\u00eda visto algo parecido\u201d.<\/p><\/blockquote>\n<p>El due\u00f1o de la cervecer\u00eda public\u00f3 el video de Hern\u00e1ndez en Instagram y pregunt\u00f3 si alguien pod\u00eda resolver el misterio.<\/p>\n<p>Jonathan McDowell dijo tener la respuesta. Este astr\u00f3nomo del Centro de Astrof\u00edsica Harvard-Smithsonian dijo en una entrevista con Associated Press que est\u00e1 convencido en un 99.9% que se trata de escombros espaciales en llamas.<\/p>\n<p>McDowell dijo que un paquete de comunicaciones japon\u00e9s que transmit\u00eda informaci\u00f3n de la Estaci\u00f3n Espacial Internacional a un sat\u00e9lite y de all\u00ed a la Tierra qued\u00f3 obsoleto en 2017, cuando retiraron el sat\u00e9lite. El equipo de 310 kilos (683 libras) de peso fue arrojado de la estaci\u00f3n en 2020 porque ocupaba demasiado espacio y se consumir\u00eda totalmente en la atm\u00f3sfera, a\u00f1adi\u00f3.<\/p>\n<p>Los escombros en llamas crearon un \u201cespect\u00e1culo de luz en el cielo\u201d, dijo McDowell. Calcul\u00f3 que se encontraban a 65 kil\u00f3metros (40 millas) de altura y surcaban el cielo a miles de kil\u00f3metros (millas) por hora. <\/p>\n<p>La fuerza espacial estadounidense confirm\u00f3 el camino de reingreso sobre California del Sistema de Comunicaci\u00f3n Interorbital y que el momento coincidi\u00f3 con lo que vio la gente en el cielo.<\/p>\n","protected":false},"excerpt":{"rendered":"<p>El fen\u00f3meno dura unos 40 segundos y un astr\u00f3nomo asegura que se trata de escombros espaciales<\/p>\n","protected":false},"author":1,"featured_media":2091,"comment_status":"open","ping_status":"open","sticky":false,"template":"","format":"standard","meta":{"_crdt_document":"","_jetpack_memberships_contains_paid_content":false,"footnotes":"","jetpack_publicize_message":"","jetpack_publicize_feature_enabled":true,"jetpack_social_post_already_shared":true,"jetpack_social_options":{"image_generator_settings":{"template":"highway","default_image_id":0,"font":"","enabled":false},"version":2},"_wpas_customize_per_network":false},"categories":[9],"tags":[],"class_list":["post-2090","post","type-post","status-publish","format-standard","has-post-thumbnail","hentry","category-el-mundo"],"magazineBlocksPostFeaturedMedia":{"thumbnail":"https:\/\/pornuestrolaredo.com\/wp-content\/uploads\/2023\/03\/107Fm-20230319-1-150x150.jpg","medium":"https:\/\/pornuestrolaredo.com\/wp-content\/uploads\/2023\/03\/107Fm-20230319-1-300x205.jpg","medium_large":"https:\/\/pornuestrolaredo.com\/wp-content\/uploads\/2023\/03\/107Fm-20230319-1-768x525.jpg","large":"https:\/\/pornuestrolaredo.com\/wp-content\/uploads\/2023\/03\/107Fm-20230319-1.jpg","1536x1536":"https:\/\/pornuestrolaredo.com\/wp-content\/uploads\/2023\/03\/107Fm-20230319-1.jpg","2048x2048":"https:\/\/pornuestrolaredo.com\/wp-content\/uploads\/2023\/03\/107Fm-20230319-1.jpg","morenews-large":"https:\/\/pornuestrolaredo.com\/wp-content\/uploads\/2023\/03\/107Fm-20230319-1.jpg","morenews-medium":"https:\/\/pornuestrolaredo.com\/wp-content\/uploads\/2023\/03\/107Fm-20230319-1.jpg"},"magazineBlocksPostAuthor":{"name":"Redactor","avatar":"https:\/\/pornuestrolaredo.com\/wp-content\/litespeed\/avatar\/dca1d7ec750c399f025f23b0b314f4cf.jpg?ver=1777612120"},"magazineBlocksPostCommentsNumber":false,"magazineBlocksPostExcerpt":"El fen\u00f3meno dura unos 40 segundos y un astr\u00f3nomo asegura que se trata de escombros espaciales","magazineBlocksPostCategories":["El Mundo"],"magazineBlocksPostViewCount":121,"magazineBlocksPostReadTime":2,"magazine_blocks_featured_image_url":{"full":["https:\/\/pornuestrolaredo.com\/wp-content\/uploads\/2023\/03\/107Fm-20230319-1.jpg",1000,683,false],"medium":["https:\/\/pornuestrolaredo.com\/wp-content\/uploads\/2023\/03\/107Fm-20230319-1-300x205.jpg",300,205,true],"thumbnail":["https:\/\/pornuestrolaredo.com\/wp-content\/uploads\/2023\/03\/107Fm-20230319-1-150x150.jpg",150,150,true]},"magazine_blocks_author":{"display_name":"Redactor","author_link":"https:\/\/pornuestrolaredo.com\/?author=1"},"magazine_blocks_comment":0,"magazine_blocks_author_image":"https:\/\/pornuestrolaredo.com\/wp-content\/litespeed\/avatar\/dca1d7ec750c399f025f23b0b314f4cf.jpg?ver=1777612120","magazine_blocks_category":"<a href=\"#\" class=\"category-link category-link-9\">El Mundo<\/a>","jetpack_publicize_connections":[],"featured_image_urls":{"full":["https:\/\/pornuestrolaredo.com\/wp-content\/uploads\/2023\/03\/107Fm-20230319-1.jpg",1000,683,false],"thumbnail":["https:\/\/pornuestrolaredo.com\/wp-content\/uploads\/2023\/03\/107Fm-20230319-1-150x150.jpg",150,150,true],"medium":["https:\/\/pornuestrolaredo.com\/wp-content\/uploads\/2023\/03\/107Fm-20230319-1-300x205.jpg",300,205,true],"medium_large":["https:\/\/pornuestrolaredo.com\/wp-content\/uploads\/2023\/03\/107Fm-20230319-1-768x525.jpg",640,438,true],"large":["https:\/\/pornuestrolaredo.com\/wp-content\/uploads\/2023\/03\/107Fm-20230319-1.jpg",640,437,false],"1536x1536":["https:\/\/pornuestrolaredo.com\/wp-content\/uploads\/2023\/03\/107Fm-20230319-1.jpg",1000,683,false],"2048x2048":["https:\/\/pornuestrolaredo.com\/wp-content\/uploads\/2023\/03\/107Fm-20230319-1.jpg",1000,683,false],"morenews-large":["https:\/\/pornuestrolaredo.com\/wp-content\/uploads\/2023\/03\/107Fm-20230319-1.jpg",825,563,false],"morenews-medium":["https:\/\/pornuestrolaredo.com\/wp-content\/uploads\/2023\/03\/107Fm-20230319-1.jpg",590,403,false]},"author_info":{"info":["Redactor"]},"category_info":"<a href=\"https:\/\/pornuestrolaredo.com\/?cat=9\" rel=\"category\">El Mundo<\/a>","tag_info":"El Mundo","comment_count":"0","jetpack_featured_media_url":"https:\/\/pornuestrolaredo.com\/wp-content\/uploads\/2023\/03\/107Fm-20230319-1.jpg","jetpack_sharing_enabled":true,"_links":{"self":[{"href":"https:\/\/pornuestrolaredo.com\/index.php?rest_route=\/wp\/v2\/posts\/2090","targetHints":{"allow":["GET"]}}],"collection":[{"href":"https:\/\/pornuestrolaredo.com\/index.php?rest_route=\/wp\/v2\/posts"}],"about":[{"href":"https:\/\/pornuestrolaredo.com\/index.php?rest_route=\/wp\/v2\/types\/post"}],"author":[{"embeddable":true,"href":"https:\/\/pornuestrolaredo.com\/index.php?rest_route=\/wp\/v2\/users\/1"}],"replies":[{"embeddable":true,"href":"https:\/\/pornuestrolaredo.com\/index.php?rest_route=%2Fwp%2Fv2%2Fcomments&post=2090"}],"version-history":[{"count":1,"href":"https:\/\/pornuestrolaredo.com\/index.php?rest_route=\/wp\/v2\/posts\/2090\/revisions"}],"predecessor-version":[{"id":2092,"href":"https:\/\/pornuestrolaredo.com\/index.php?rest_route=\/wp\/v2\/posts\/2090\/revisions\/2092"}],"wp:featuredmedia":[{"embeddable":true,"href":"https:\/\/pornuestrolaredo.com\/index.php?rest_route=\/wp\/v2\/media\/2091"}],"wp:attachment":[{"href":"https:\/\/pornuestrolaredo.com\/index.php?rest_route=%2Fwp%2Fv2%2Fmedia&parent=2090"}],"wp:term":[{"taxonomy":"category","embeddable":true,"href":"https:\/\/pornuestrolaredo.com\/index.php?rest_route=%2Fwp%2Fv2%2Fcategories&post=2090"},{"taxonomy":"post_tag","embeddable":true,"href":"https:\/\/pornuestrolaredo.com\/index.php?rest_route=%2Fwp%2Fv2%2Ftags&post=2090"}],"curies":[{"name":"wp","href":"https:\/\/api.w.org\/{rel}","templated":true}]}}