{"id":2093,"date":"2023-03-19T06:09:17","date_gmt":"2023-03-19T06:09:17","guid":{"rendered":"https:\/\/pornuestrolaredo.com\/?p=2093"},"modified":"2023-03-19T06:09:17","modified_gmt":"2023-03-19T06:09:17","slug":"encabeza-amlo-multitudinario-festejo-por-expropiacion-petrolera","status":"publish","type":"post","link":"https:\/\/pornuestrolaredo.com\/?p=2093","title":{"rendered":"Encabeza AMLO multitudinario festejo por expropiaci\u00f3n petrolera"},"content":{"rendered":"<p><strong><em>CIUDAD DE M\u00c9XICO.-<\/em><\/strong> El presidente mexicano Andr\u00e9s Manuel L\u00f3pez Obrador encabez\u00f3 el s\u00e1bado una multitudinaria concentraci\u00f3n en la principal plaza de la Ciudad de M\u00e9xico a la que asistieron decenas de miles de personas.<\/p>\n<p>Aunque la reuni\u00f3n fue convocada para conmemorar la expropiaci\u00f3n de la industria petrolera en 1938 en M\u00e9xico, muchos participantes coincidieron en que el acto pol\u00edtico constituy\u00f3 la salva de apertura de la contienda presidencial 2024 de la que saldr\u00e1 el siguiente mandatario o mandataria.<\/p>\n<p>Quiz\u00e1 consciente de las recientes tensiones con Estados Unidos por las muertes en ese pa\u00eds de sobredosis con fentanilo traficado desde M\u00e9xico, L\u00f3pez Obrador dedic\u00f3 parte de su discurso a elogiar al expresidente estadounidense Franklin Delano Roosevelt, quien no se opuso activamente a la expropiaci\u00f3n petrolera de 1938 a pesar de que muchas compa\u00f1\u00edas eran estadounidenses.<\/p>\n<blockquote><p>La autenticidad de su pol\u00edtica de buena vecindad tuvo su mejor ejemplo en el respeto a la soberan\u00eda de nuestro pa\u00eds\u201d, dijo L\u00f3pez Obrador en referencia a Roosevelt.<\/p><\/blockquote>\n<p>La movilizaci\u00f3n podr\u00eda ser una de las ultimas que encabece L\u00f3pez Obrador, famoso por su carisma y temperamento campechano. El proceso para nombrar al candidato o candidata presidencial del partido de L\u00f3pez Obrador, Morena, comenzar\u00e1 este a\u00f1o. Despu\u00e9s, el candidato o candidata de esa fuerza pol\u00edtica posiblemente pase al primer plano.<\/p>\n<p>Como sea, la mayor\u00eda coincide en que pocos aspirantes presidenciales pueden igualar la popularidad del presidente, cuya aprobaci\u00f3n rebasa habitualmente el 60%. Esto es especialmente cierto para el partido Morena, que se construy\u00f3 mayoritariamente en torno a la figura de L\u00f3pez Obrador.<\/p>\n<p>Alberto Martinez, de 59 a\u00f1os, dijo confiar en que la jefa de gobierno de la Ciudad de M\u00e9xico, Claudia Sheinbaum, sea la candidata de Morena. Mart\u00ednez se\u00f1al\u00f3 que a muchos le gusta la preparaci\u00f3n y prudencia de Sheinbaum, pero aceptar\u00e1 al candidato o candidata que surja de Morena.<\/p>\n<p>La mayor\u00eda de las encuestas muestran que Sheinbaum es la favorita en la contienda interna seguida del secretario de Relaciones Exteriores Marcelo Ebrard, que tambi\u00e9n gobern\u00f3 la capital mexicana.<\/p>\n<blockquote><p>Lo importante es que siga la ideolog\u00eda de L\u00f3pez Obrador\u201d, se\u00f1al\u00f3 Mart\u00ednez. \u201cEste tren est\u00e1 encarrilado, s\u00f3lo hay que subirse y manejarlo\u201d.<\/p><\/blockquote>\n<p>El expresidente L\u00e1zaro C\u00e1rdenas, uno de los h\u00e9roes de L\u00f3pez Obrador, caus\u00f3 la felicidad de los mexicanos cuando el 18 de marzo de 1938 expropi\u00f3 la industria petrolera, que estaba principalmente en manos de empresas extranjeras.<\/p>\n<p>Una de las principales iniciativas pol\u00edticas de L\u00f3pez Obrador ha sido el rescate de la empresa petrolera estatal que C\u00e1rdenas fund\u00f3 a partir de una aplastante deuda y baja producci\u00f3n de hidrocarburos.<\/p>\n<p>Los que asistieron a la concentraci\u00f3n en el Z\u00f3calo aprueban sin reservas a L\u00f3pez Obrador, quien con su postura nacionalista redujo dr\u00e1sticamente la capacidad de operar a los agentes antidrogas de Estados Unidos en M\u00e9xico.<\/p>\n<p>Blas Ramos, ingeniero en electricidad de 69 a\u00f1os, sosten\u00eda en lo alto un cartel en que exig\u00eda la salida del FBI y la CIA de M\u00e9xico.<\/p>\n<p>Ramos dijo que el presidente tiene raz\u00f3n en oponerse a los llamados en Estados Unidos de que se designe a los c\u00e1rteles mexicanos de las drogas como organizaciones terroristas o que se utilice al ej\u00e9rcito estadounidense para combatir a los grupos delictivos.<\/p>\n<blockquote><p>Son hip\u00f3critas ellos no hacen nada para evitar el consumo de la droga\u201d en Estados Unidos, dijo Ramos en referencia a los pol\u00edticos estadounidenses que proponen las medidas de ese tipo.<\/p><\/blockquote>\n<p>El opioide sint\u00e9tico fentanilo, que causa alrededor de 70 mil muertos estadounidenses por a\u00f1o, es fabricado principalmente en M\u00e9xico con precursores qu\u00edmicos tra\u00eddos de contrabando desde China.<\/p>\n<p>L\u00f3pez Obrador asegura que M\u00e9xico no produce el opioide, afirmaci\u00f3n con la que no est\u00e1n de acuerdo la mayor\u00eda de los expertos, y afirma que Estados Unidos tiene el problema del fentanilo porque las familias estadounidenses no dan suficientes abrazos a sus hijos.<\/p>\n<p>El mandatario arremeti\u00f3 contra las propuestas de que Estados Unidos declaren terroristas a los c\u00e1rteles mexicanos o que intervenga militarmente contra esas organizaciones delictivas.<\/p>\n<blockquote><p>M\u00e9xico es un pa\u00eds independiente y libre, no una colonia ni un protectorado de los Estados Unidos\u201d, dijo. \u201c\u00a1Cooperaci\u00f3n s\u00ed, sometimiento, no!\u201d, clam\u00f3 el jefe de Estado.<\/p><\/blockquote>\n<p>Ramos confi\u00f3 en que el movimiento que el presidente llama \u201cla Cuarta Transformaci\u00f3n de M\u00e9xico\u201d no concluya cuando L\u00f3pez Obrador termine su periodo presidencial en septiembre de 2024.<\/p>\n<p>Este movimiento comenz\u00f3 hace mucho tiempo, de acuerdo con Ramos.<\/p>\n<p>\u201c<\/p>\n<blockquote><p>Tenemos toda nuestra vida esperando este movimiento\u201d, asever\u00f3.<\/p><\/blockquote>\n<blockquote><p>Este movimiento no se acaba en seis a\u00f1os\u201d, afirm\u00f3 el electricista en referencia a la duraci\u00f3n de los periodos presidenciales en M\u00e9xico. \u201cEs un proceso que va a llevar 30, 40 a\u00f1os\u201d.<\/p><\/blockquote>\n","protected":false},"excerpt":{"rendered":"<p>CIUDAD DE M\u00c9XICO.- El presidente mexicano Andr\u00e9s Manuel L\u00f3pez Obrador encabez\u00f3 el s\u00e1bado una multitudinaria concentraci\u00f3n en la<\/p>\n","protected":false},"author":1,"featured_media":2094,"comment_status":"closed","ping_status":"closed","sticky":false,"template":"","format":"standard","meta":{"_crdt_document":"","_jetpack_memberships_contains_paid_content":false,"footnotes":"","jetpack_publicize_message":"","jetpack_publicize_feature_enabled":true,"jetpack_social_post_already_shared":true,"jetpack_social_options":{"image_generator_settings":{"template":"highway","default_image_id":0,"font":"","enabled":false},"version":2},"_wpas_customize_per_network":false},"categories":[33],"tags":[],"class_list":["post-2093","post","type-post","status-publish","format-standard","has-post-thumbnail","hentry","category-mexico"],"magazineBlocksPostFeaturedMedia":{"thumbnail":"https:\/\/pornuestrolaredo.com\/wp-content\/uploads\/2023\/03\/Stereo91-20230319-2-150x150.jpg","medium":"https:\/\/pornuestrolaredo.com\/wp-content\/uploads\/2023\/03\/Stereo91-20230319-2-300x200.jpg","medium_large":"https:\/\/pornuestrolaredo.com\/wp-content\/uploads\/2023\/03\/Stereo91-20230319-2-768x512.jpg","large":"https:\/\/pornuestrolaredo.com\/wp-content\/uploads\/2023\/03\/Stereo91-20230319-2.jpg","1536x1536":"https:\/\/pornuestrolaredo.com\/wp-content\/uploads\/2023\/03\/Stereo91-20230319-2.jpg","2048x2048":"https:\/\/pornuestrolaredo.com\/wp-content\/uploads\/2023\/03\/Stereo91-20230319-2.jpg","morenews-large":"https:\/\/pornuestrolaredo.com\/wp-content\/uploads\/2023\/03\/Stereo91-20230319-2.jpg","morenews-medium":"https:\/\/pornuestrolaredo.com\/wp-content\/uploads\/2023\/03\/Stereo91-20230319-2.jpg"},"magazineBlocksPostAuthor":{"name":"Redactor","avatar":"https:\/\/pornuestrolaredo.com\/wp-content\/litespeed\/avatar\/dca1d7ec750c399f025f23b0b314f4cf.jpg?ver=1777612120"},"magazineBlocksPostCommentsNumber":false,"magazineBlocksPostExcerpt":"CIUDAD DE M\u00c9XICO.- El presidente mexicano Andr\u00e9s Manuel L\u00f3pez Obrador encabez\u00f3 el s\u00e1bado una multitudinaria concentraci\u00f3n en la","magazineBlocksPostCategories":["Mexico"],"magazineBlocksPostViewCount":147,"magazineBlocksPostReadTime":5,"magazine_blocks_featured_image_url":{"full":["https:\/\/pornuestrolaredo.com\/wp-content\/uploads\/2023\/03\/Stereo91-20230319-2.jpg",900,600,false],"medium":["https:\/\/pornuestrolaredo.com\/wp-content\/uploads\/2023\/03\/Stereo91-20230319-2-300x200.jpg",300,200,true],"thumbnail":["https:\/\/pornuestrolaredo.com\/wp-content\/uploads\/2023\/03\/Stereo91-20230319-2-150x150.jpg",150,150,true]},"magazine_blocks_author":{"display_name":"Redactor","author_link":"https:\/\/pornuestrolaredo.com\/?author=1"},"magazine_blocks_comment":0,"magazine_blocks_author_image":"https:\/\/pornuestrolaredo.com\/wp-content\/litespeed\/avatar\/dca1d7ec750c399f025f23b0b314f4cf.jpg?ver=1777612120","magazine_blocks_category":"<a href=\"#\" class=\"category-link category-link-33\">Mexico<\/a>","jetpack_publicize_connections":[],"featured_image_urls":{"full":["https:\/\/pornuestrolaredo.com\/wp-content\/uploads\/2023\/03\/Stereo91-20230319-2.jpg",900,600,false],"thumbnail":["https:\/\/pornuestrolaredo.com\/wp-content\/uploads\/2023\/03\/Stereo91-20230319-2-150x150.jpg",150,150,true],"medium":["https:\/\/pornuestrolaredo.com\/wp-content\/uploads\/2023\/03\/Stereo91-20230319-2-300x200.jpg",300,200,true],"medium_large":["https:\/\/pornuestrolaredo.com\/wp-content\/uploads\/2023\/03\/Stereo91-20230319-2-768x512.jpg",640,427,true],"large":["https:\/\/pornuestrolaredo.com\/wp-content\/uploads\/2023\/03\/Stereo91-20230319-2.jpg",640,427,false],"1536x1536":["https:\/\/pornuestrolaredo.com\/wp-content\/uploads\/2023\/03\/Stereo91-20230319-2.jpg",900,600,false],"2048x2048":["https:\/\/pornuestrolaredo.com\/wp-content\/uploads\/2023\/03\/Stereo91-20230319-2.jpg",900,600,false],"morenews-large":["https:\/\/pornuestrolaredo.com\/wp-content\/uploads\/2023\/03\/Stereo91-20230319-2.jpg",825,550,false],"morenews-medium":["https:\/\/pornuestrolaredo.com\/wp-content\/uploads\/2023\/03\/Stereo91-20230319-2.jpg",590,393,false]},"author_info":{"info":["Redactor"]},"category_info":"<a href=\"https:\/\/pornuestrolaredo.com\/?cat=33\" rel=\"category\">Mexico<\/a>","tag_info":"Mexico","comment_count":"0","jetpack_featured_media_url":"https:\/\/pornuestrolaredo.com\/wp-content\/uploads\/2023\/03\/Stereo91-20230319-2.jpg","jetpack_sharing_enabled":true,"_links":{"self":[{"href":"https:\/\/pornuestrolaredo.com\/index.php?rest_route=\/wp\/v2\/posts\/2093","targetHints":{"allow":["GET"]}}],"collection":[{"href":"https:\/\/pornuestrolaredo.com\/index.php?rest_route=\/wp\/v2\/posts"}],"about":[{"href":"https:\/\/pornuestrolaredo.com\/index.php?rest_route=\/wp\/v2\/types\/post"}],"author":[{"embeddable":true,"href":"https:\/\/pornuestrolaredo.com\/index.php?rest_route=\/wp\/v2\/users\/1"}],"replies":[{"embeddable":true,"href":"https:\/\/pornuestrolaredo.com\/index.php?rest_route=%2Fwp%2Fv2%2Fcomments&post=2093"}],"version-history":[{"count":1,"href":"https:\/\/pornuestrolaredo.com\/index.php?rest_route=\/wp\/v2\/posts\/2093\/revisions"}],"predecessor-version":[{"id":2095,"href":"https:\/\/pornuestrolaredo.com\/index.php?rest_route=\/wp\/v2\/posts\/2093\/revisions\/2095"}],"wp:featuredmedia":[{"embeddable":true,"href":"https:\/\/pornuestrolaredo.com\/index.php?rest_route=\/wp\/v2\/media\/2094"}],"wp:attachment":[{"href":"https:\/\/pornuestrolaredo.com\/index.php?rest_route=%2Fwp%2Fv2%2Fmedia&parent=2093"}],"wp:term":[{"taxonomy":"category","embeddable":true,"href":"https:\/\/pornuestrolaredo.com\/index.php?rest_route=%2Fwp%2Fv2%2Fcategories&post=2093"},{"taxonomy":"post_tag","embeddable":true,"href":"https:\/\/pornuestrolaredo.com\/index.php?rest_route=%2Fwp%2Fv2%2Ftags&post=2093"}],"curies":[{"name":"wp","href":"https:\/\/api.w.org\/{rel}","templated":true}]}}