{"id":2096,"date":"2023-03-19T06:11:59","date_gmt":"2023-03-19T06:11:59","guid":{"rendered":"https:\/\/pornuestrolaredo.com\/?p=2096"},"modified":"2023-03-19T06:11:59","modified_gmt":"2023-03-19T06:11:59","slug":"sacude-sismo-a-ecuador-y-peru","status":"publish","type":"post","link":"https:\/\/pornuestrolaredo.com\/?p=2096","title":{"rendered":"Sacude sismo a Ecuador y Per\u00fa"},"content":{"rendered":"<p><strong>QUITO.-<\/strong> Un fuerte sismo sacudi\u00f3 el s\u00e1bado la zona costera de Ecuador, donde dej\u00f3 al menos 14 fallecidos, 381 heridos y da\u00f1os a decenas de viviendas, escuelas y centros de salud, adem\u00e1s de causar la muerte a una ni\u00f1a en un poblado fronterizo peruano, informaron las autoridades.<\/p>\n<p>El Servicio Geol\u00f3gico de Estados Unidos dijo que el movimiento tel\u00farico tuvo una magnitud de 6.7 y ocurri\u00f3 poco despu\u00e9s del mediod\u00eda en la regi\u00f3n del Guayas, con epicentro a unos 80 kil\u00f3metros (50 millas) al sur de Guayaquil, la segunda ciudad m\u00e1s grande de Ecuador.<\/p>\n<p>El presidente Guillermo Lasso, en rueda de prensa dijo que el saldo de v\u00edctimas \u201ces algo que nos duele much\u00edsimo, son resultado de los estragos de la naturaleza\u201d, luego de visitar las ciudades de Machala, la m\u00e1s afectada por el movimiento s\u00edsmico, y Cuenca, otras con varios estragos.<\/p>\n<p>Tambi\u00e9n expres\u00f3 que ha dispuesto a las carteras de estado liberar recursos econ\u00f3micos para atender la emergencia.<\/p>\n<p>La Secretar\u00eda de Gesti\u00f3n de Riesgos inform\u00f3 que 12 personas perdieron la vida en la provincia costera de El Oro, cuya capital es Machala. Se\u00f1al\u00f3 que en esa zona algunas casas se derrumbaron, un muelle qued\u00f3 destruido y las paredes y columnas de un edificio bancario se agrietaron, atrapando a un n\u00famero indeterminado de personas.<\/p>\n<p>Las autoridades dijeron que la fuerza a\u00e9rea ecuatoriana comenz\u00f3 a trasladar a heridos desde Machala hacia centros de salud en Guayaquil.<\/p>\n<p>Lasso, que pidi\u00f3 calma a la poblaci\u00f3n, durante la tarde visit\u00f3 a heridos por el sismo en Machala y manifest\u00f3 su solidaridad con las familias de los fallecidos y las personas afectadas.<\/p>\n<p>Dos personas murieron en la provincia andina de Azuay, a 310 kil\u00f3metros al sur de Quito, una de ellas en la ciudad de Cuenca cuando el veh\u00edculo que conduc\u00eda por una calle qued\u00f3 bajo los escombros al desplomarse el segundo piso de una casa en pleno centro colonial, seg\u00fan la secretar\u00eda.<\/p>\n<p>En Per\u00fa, el primer ministro Alberto Ot\u00e1rola inform\u00f3 que una ni\u00f1a de 4 a\u00f1os muri\u00f3 en un hospital de la regi\u00f3n Tumbes, fronteriza con Ecuador. La menor sufri\u00f3 un traumatismo encefalocraneano luego que su casa se derrumb\u00f3 debido al sismo en Ecuador y que tambi\u00e9n se sinti\u00f3 en Per\u00fa.<\/p>\n<p>La defensa civil peruana dijo que debido al temblor cuatro viviendas quedaron inhabitables en la regi\u00f3n Tumbes.<\/p>\n<p>La Secretar\u00eda de Comunicaci\u00f3n del Estado ecuatoriano inform\u00f3 que hasta el momento se contabiliza la destrucci\u00f3n de 44 viviendas, otras 90 con da\u00f1os de diversa magnitud, al igual que 50 escuelas, 31 centros de salud y otras 17 edificaciones p\u00fablicas. En la ciudad ecuatoriana de Guayaquil, a unos 270 kil\u00f3metros (170 millas) al suroeste de Quito, se reportaron grietas en edificios y viviendas, as\u00ed como algunos muros derrumbados. Las autoridades ordenaron el cierre de tres t\u00faneles vehiculares en Guayaquil, con una poblaci\u00f3n de unos 3 millones de personas en el \u00e1rea metropolitana.<\/p>\n","protected":false},"excerpt":{"rendered":"<p>Las autoridades ecuatorianas reportan 14 decesos y en una comunidad peruana, el fallecimiento de una ni\u00f1a<\/p>\n","protected":false},"author":1,"featured_media":2097,"comment_status":"closed","ping_status":"closed","sticky":false,"template":"","format":"standard","meta":{"_crdt_document":"","_jetpack_memberships_contains_paid_content":false,"footnotes":"","jetpack_publicize_message":"","jetpack_publicize_feature_enabled":true,"jetpack_social_post_already_shared":true,"jetpack_social_options":{"image_generator_settings":{"template":"highway","default_image_id":0,"font":"","enabled":false},"version":2},"_wpas_customize_per_network":false},"categories":[9],"tags":[],"class_list":["post-2096","post","type-post","status-publish","format-standard","has-post-thumbnail","hentry","category-el-mundo"],"magazineBlocksPostFeaturedMedia":{"thumbnail":"https:\/\/pornuestrolaredo.com\/wp-content\/uploads\/2023\/03\/PNL-20230319-3-150x150.jpg","medium":"https:\/\/pornuestrolaredo.com\/wp-content\/uploads\/2023\/03\/PNL-20230319-3-300x200.jpg","medium_large":"https:\/\/pornuestrolaredo.com\/wp-content\/uploads\/2023\/03\/PNL-20230319-3-768x512.jpg","large":"https:\/\/pornuestrolaredo.com\/wp-content\/uploads\/2023\/03\/PNL-20230319-3.jpg","1536x1536":"https:\/\/pornuestrolaredo.com\/wp-content\/uploads\/2023\/03\/PNL-20230319-3.jpg","2048x2048":"https:\/\/pornuestrolaredo.com\/wp-content\/uploads\/2023\/03\/PNL-20230319-3.jpg","morenews-large":"https:\/\/pornuestrolaredo.com\/wp-content\/uploads\/2023\/03\/PNL-20230319-3.jpg","morenews-medium":"https:\/\/pornuestrolaredo.com\/wp-content\/uploads\/2023\/03\/PNL-20230319-3.jpg"},"magazineBlocksPostAuthor":{"name":"Redactor","avatar":"https:\/\/pornuestrolaredo.com\/wp-content\/litespeed\/avatar\/dca1d7ec750c399f025f23b0b314f4cf.jpg?ver=1777612120"},"magazineBlocksPostCommentsNumber":false,"magazineBlocksPostExcerpt":"Las autoridades ecuatorianas reportan 14 decesos y en una comunidad peruana, el fallecimiento de una ni\u00f1a","magazineBlocksPostCategories":["El Mundo"],"magazineBlocksPostViewCount":127,"magazineBlocksPostReadTime":3,"magazine_blocks_featured_image_url":{"full":["https:\/\/pornuestrolaredo.com\/wp-content\/uploads\/2023\/03\/PNL-20230319-3.jpg",1000,667,false],"medium":["https:\/\/pornuestrolaredo.com\/wp-content\/uploads\/2023\/03\/PNL-20230319-3-300x200.jpg",300,200,true],"thumbnail":["https:\/\/pornuestrolaredo.com\/wp-content\/uploads\/2023\/03\/PNL-20230319-3-150x150.jpg",150,150,true]},"magazine_blocks_author":{"display_name":"Redactor","author_link":"https:\/\/pornuestrolaredo.com\/?author=1"},"magazine_blocks_comment":0,"magazine_blocks_author_image":"https:\/\/pornuestrolaredo.com\/wp-content\/litespeed\/avatar\/dca1d7ec750c399f025f23b0b314f4cf.jpg?ver=1777612120","magazine_blocks_category":"<a href=\"#\" class=\"category-link category-link-9\">El Mundo<\/a>","jetpack_publicize_connections":[],"featured_image_urls":{"full":["https:\/\/pornuestrolaredo.com\/wp-content\/uploads\/2023\/03\/PNL-20230319-3.jpg",1000,667,false],"thumbnail":["https:\/\/pornuestrolaredo.com\/wp-content\/uploads\/2023\/03\/PNL-20230319-3-150x150.jpg",150,150,true],"medium":["https:\/\/pornuestrolaredo.com\/wp-content\/uploads\/2023\/03\/PNL-20230319-3-300x200.jpg",300,200,true],"medium_large":["https:\/\/pornuestrolaredo.com\/wp-content\/uploads\/2023\/03\/PNL-20230319-3-768x512.jpg",640,427,true],"large":["https:\/\/pornuestrolaredo.com\/wp-content\/uploads\/2023\/03\/PNL-20230319-3.jpg",640,427,false],"1536x1536":["https:\/\/pornuestrolaredo.com\/wp-content\/uploads\/2023\/03\/PNL-20230319-3.jpg",1000,667,false],"2048x2048":["https:\/\/pornuestrolaredo.com\/wp-content\/uploads\/2023\/03\/PNL-20230319-3.jpg",1000,667,false],"morenews-large":["https:\/\/pornuestrolaredo.com\/wp-content\/uploads\/2023\/03\/PNL-20230319-3.jpg",825,550,false],"morenews-medium":["https:\/\/pornuestrolaredo.com\/wp-content\/uploads\/2023\/03\/PNL-20230319-3.jpg",590,394,false]},"author_info":{"info":["Redactor"]},"category_info":"<a href=\"https:\/\/pornuestrolaredo.com\/?cat=9\" rel=\"category\">El Mundo<\/a>","tag_info":"El Mundo","comment_count":"0","jetpack_featured_media_url":"https:\/\/pornuestrolaredo.com\/wp-content\/uploads\/2023\/03\/PNL-20230319-3.jpg","jetpack_sharing_enabled":true,"_links":{"self":[{"href":"https:\/\/pornuestrolaredo.com\/index.php?rest_route=\/wp\/v2\/posts\/2096","targetHints":{"allow":["GET"]}}],"collection":[{"href":"https:\/\/pornuestrolaredo.com\/index.php?rest_route=\/wp\/v2\/posts"}],"about":[{"href":"https:\/\/pornuestrolaredo.com\/index.php?rest_route=\/wp\/v2\/types\/post"}],"author":[{"embeddable":true,"href":"https:\/\/pornuestrolaredo.com\/index.php?rest_route=\/wp\/v2\/users\/1"}],"replies":[{"embeddable":true,"href":"https:\/\/pornuestrolaredo.com\/index.php?rest_route=%2Fwp%2Fv2%2Fcomments&post=2096"}],"version-history":[{"count":1,"href":"https:\/\/pornuestrolaredo.com\/index.php?rest_route=\/wp\/v2\/posts\/2096\/revisions"}],"predecessor-version":[{"id":2098,"href":"https:\/\/pornuestrolaredo.com\/index.php?rest_route=\/wp\/v2\/posts\/2096\/revisions\/2098"}],"wp:featuredmedia":[{"embeddable":true,"href":"https:\/\/pornuestrolaredo.com\/index.php?rest_route=\/wp\/v2\/media\/2097"}],"wp:attachment":[{"href":"https:\/\/pornuestrolaredo.com\/index.php?rest_route=%2Fwp%2Fv2%2Fmedia&parent=2096"}],"wp:term":[{"taxonomy":"category","embeddable":true,"href":"https:\/\/pornuestrolaredo.com\/index.php?rest_route=%2Fwp%2Fv2%2Fcategories&post=2096"},{"taxonomy":"post_tag","embeddable":true,"href":"https:\/\/pornuestrolaredo.com\/index.php?rest_route=%2Fwp%2Fv2%2Ftags&post=2096"}],"curies":[{"name":"wp","href":"https:\/\/api.w.org\/{rel}","templated":true}]}}