{"id":2099,"date":"2023-03-19T06:20:49","date_gmt":"2023-03-19T06:20:49","guid":{"rendered":"https:\/\/pornuestrolaredo.com\/?p=2099"},"modified":"2023-03-19T06:20:49","modified_gmt":"2023-03-19T06:20:49","slug":"entregan-cuatro-obras-en-el-poniente-de-nld","status":"publish","type":"post","link":"https:\/\/pornuestrolaredo.com\/?p=2099","title":{"rendered":"Entregan cuatro obras en el poniente de NLD"},"content":{"rendered":"<p><strong>NUEVO LAREDO.-<\/strong><em> La transformaci\u00f3n al poniente de la ciudad no para; el Gobierno Municipal invirti\u00f3 12 millones 164 mil 572 pesos en 4 obras de infraestructura para mejorar la calidad de vida de m\u00e1s de 61 mil neolaredenses que habitan estos sectores.<\/p>\n<p>La alcaldesa Carmen Lilia Canturosas Villarreal, en compa\u00f1\u00eda de miembros del Cabildo y autoridades municipales, hizo entrega de una construcci\u00f3n de barda perimetral en un jard\u00edn de ni\u00f1os ubicado en la colonia 150 Aniversario, rehabilitaci\u00f3n de alumbrado p\u00fablico en Parque R\u00edo Grande y la pavimentaci\u00f3n de concreto hidr\u00e1ulico y rehabilitaci\u00f3n de un sif\u00f3n en la colonia Francisco Villa.<\/p>\n<blockquote><p>Estamos en constante rehabilitaci\u00f3n de todos los espacios p\u00fablicos y tambi\u00e9n nos concentramos en el bienestar de toda la poblaci\u00f3n, por eso instalamos alumbrado p\u00fablico donde se necesita y atendemos los subcolectores. Tenemos el compromiso de trabajar en todos los sectores y s\u00f3lo pido paciencia, llegaremos a cada rinc\u00f3n y solventaremos sus necesidades\u201d, indic\u00f3 Canturosas Villarreal.<\/p><\/blockquote>\n<p><strong>MEJORAN INFRAESTRUCTURA URBANA CON PAVIMENTACIONES Y ALUMBRADO<\/strong><\/p>\n<p>Como parte de la gira de entrega de obras, la alcaldesa estuvo en la colonia Francisco Villa, donde entreg\u00f3 la pavimentaci\u00f3n con concreto hidr\u00e1ulico de la calle Adelitas entre<\/p>\n<p>Joaqu\u00edn \u00c1lvarez y Pedro P\u00e9rez Ibarra, en la que se invirti\u00f3 m\u00e1s de un mill\u00f3n 642 mil pesos.<\/p>\n<p>De igual forma destac\u00f3 la conclusi\u00f3n de la obra de rehabilitaci\u00f3n de un sif\u00f3n del subcolector surponiente, donde el gobierno municipal invirti\u00f3 m\u00e1s de 9 millones 607 mil pesos.<\/p>\n<p>Ah\u00ed, la alcaldesa mencion\u00f3 la construcci\u00f3n del alumbrado p\u00fablico, en la que se invirtieron m\u00e1s de 293 mil pesos, en la calle Chicago, que adem\u00e1s de beneficiar a vecinos del sector, tambi\u00e9n ser\u00e1 de gran ayuda para los estudiantes del Conalep.<\/p>\n<p>Recalc\u00f3 que el sif\u00f3n rehabilitado aportar\u00e1 a la limpieza de las aguas negras que sufr\u00edan los vecinos de la colonia Francisco Villa y mencion\u00f3 que en ese sector sobre la calle Miguel Trillo trabajan en otra obra similar a un ritmo intenso para mejorar la calidad de vida de los neolaredenses.<\/p>\n<p>La directora del jard\u00edn de ni\u00f1os \u201cMyriam Nemirovsky\u201d, Marta del Socorro Hern\u00e1ndez Gonz\u00e1lez, explic\u00f3 que a ra\u00edz de la tormenta ocurrida en mayo del 2021 el plantel tuvo que sesionar las clases en l\u00ednea y agradeci\u00f3 el apoyo del Gobierno Municipal para reactivar las clases presenciales.<\/p>\n<blockquote><p>Es muy bonito contar con el apoyo de la presidenta y poder atender a nuestros alumnos, tendremos un regreso seguro con la barda y es un gran beneficio lo que nos da la presidenta municipal\u201d, destac\u00f3.<\/p><\/blockquote>\n<p>Mar\u00eda de Jes\u00fas Luna, vecina de la colonia Francisco Villa, reconoci\u00f3 los esfuerzos del Gobierno Municipal por entregar obras de calidad y de gran beneficio para los habitantes del sector.<\/p>\n<blockquote><p>En nombre de todos los vecinos doy las gracias por las obras que hicieron y que est\u00e1n en proceso en la colonia, sabemos que el apoyo de nuestra presidenta seguir\u00e1 y agradecemos a su equipo de trabajo que est\u00e1 pendiente de nuestras necesidades\u201d, finaliz\u00f3.<\/p><\/blockquote>\n","protected":false},"excerpt":{"rendered":"<p>Gobierno Municipal invirti\u00f3 12 millones 164 mil 572 pesos para beneficiar a 61 mil neolaredenses<\/p>\n","protected":false},"author":1,"featured_media":2100,"comment_status":"closed","ping_status":"closed","sticky":false,"template":"","format":"standard","meta":{"_crdt_document":"","_jetpack_memberships_contains_paid_content":false,"footnotes":"","jetpack_publicize_message":"","jetpack_publicize_feature_enabled":true,"jetpack_social_post_already_shared":true,"jetpack_social_options":{"image_generator_settings":{"template":"highway","default_image_id":0,"font":"","enabled":false},"version":2},"_wpas_customize_per_network":false},"categories":[4],"tags":[],"class_list":["post-2099","post","type-post","status-publish","format-standard","has-post-thumbnail","hentry","category-los-dos-laredos"],"magazineBlocksPostFeaturedMedia":{"thumbnail":"https:\/\/pornuestrolaredo.com\/wp-content\/uploads\/2023\/03\/PNL-20230319-4-150x150.jpg","medium":"https:\/\/pornuestrolaredo.com\/wp-content\/uploads\/2023\/03\/PNL-20230319-4-300x200.jpg","medium_large":"https:\/\/pornuestrolaredo.com\/wp-content\/uploads\/2023\/03\/PNL-20230319-4-768x512.jpg","large":"https:\/\/pornuestrolaredo.com\/wp-content\/uploads\/2023\/03\/PNL-20230319-4-1024x682.jpg","1536x1536":"https:\/\/pornuestrolaredo.com\/wp-content\/uploads\/2023\/03\/PNL-20230319-4.jpg","2048x2048":"https:\/\/pornuestrolaredo.com\/wp-content\/uploads\/2023\/03\/PNL-20230319-4.jpg","morenews-large":"https:\/\/pornuestrolaredo.com\/wp-content\/uploads\/2023\/03\/PNL-20230319-4.jpg","morenews-medium":"https:\/\/pornuestrolaredo.com\/wp-content\/uploads\/2023\/03\/PNL-20230319-4.jpg"},"magazineBlocksPostAuthor":{"name":"Redactor","avatar":"https:\/\/pornuestrolaredo.com\/wp-content\/litespeed\/avatar\/dca1d7ec750c399f025f23b0b314f4cf.jpg?ver=1777612120"},"magazineBlocksPostCommentsNumber":false,"magazineBlocksPostExcerpt":"Gobierno Municipal invirti\u00f3 12 millones 164 mil 572 pesos para beneficiar a 61 mil neolaredenses","magazineBlocksPostCategories":["Los dos Laredos"],"magazineBlocksPostViewCount":107,"magazineBlocksPostReadTime":3,"magazine_blocks_featured_image_url":{"full":["https:\/\/pornuestrolaredo.com\/wp-content\/uploads\/2023\/03\/PNL-20230319-4.jpg",1280,853,false],"medium":["https:\/\/pornuestrolaredo.com\/wp-content\/uploads\/2023\/03\/PNL-20230319-4-300x200.jpg",300,200,true],"thumbnail":["https:\/\/pornuestrolaredo.com\/wp-content\/uploads\/2023\/03\/PNL-20230319-4-150x150.jpg",150,150,true]},"magazine_blocks_author":{"display_name":"Redactor","author_link":"https:\/\/pornuestrolaredo.com\/?author=1"},"magazine_blocks_comment":0,"magazine_blocks_author_image":"https:\/\/pornuestrolaredo.com\/wp-content\/litespeed\/avatar\/dca1d7ec750c399f025f23b0b314f4cf.jpg?ver=1777612120","magazine_blocks_category":"<a href=\"#\" class=\"category-link category-link-4\">Los dos Laredos<\/a>","jetpack_publicize_connections":[],"featured_image_urls":{"full":["https:\/\/pornuestrolaredo.com\/wp-content\/uploads\/2023\/03\/PNL-20230319-4.jpg",1280,853,false],"thumbnail":["https:\/\/pornuestrolaredo.com\/wp-content\/uploads\/2023\/03\/PNL-20230319-4-150x150.jpg",150,150,true],"medium":["https:\/\/pornuestrolaredo.com\/wp-content\/uploads\/2023\/03\/PNL-20230319-4-300x200.jpg",300,200,true],"medium_large":["https:\/\/pornuestrolaredo.com\/wp-content\/uploads\/2023\/03\/PNL-20230319-4-768x512.jpg",640,427,true],"large":["https:\/\/pornuestrolaredo.com\/wp-content\/uploads\/2023\/03\/PNL-20230319-4-1024x682.jpg",640,426,true],"1536x1536":["https:\/\/pornuestrolaredo.com\/wp-content\/uploads\/2023\/03\/PNL-20230319-4.jpg",1280,853,false],"2048x2048":["https:\/\/pornuestrolaredo.com\/wp-content\/uploads\/2023\/03\/PNL-20230319-4.jpg",1280,853,false],"morenews-large":["https:\/\/pornuestrolaredo.com\/wp-content\/uploads\/2023\/03\/PNL-20230319-4.jpg",825,550,false],"morenews-medium":["https:\/\/pornuestrolaredo.com\/wp-content\/uploads\/2023\/03\/PNL-20230319-4.jpg",590,393,false]},"author_info":{"info":["Redactor"]},"category_info":"<a href=\"https:\/\/pornuestrolaredo.com\/?cat=4\" rel=\"category\">Los dos Laredos<\/a>","tag_info":"Los dos Laredos","comment_count":"0","jetpack_featured_media_url":"https:\/\/pornuestrolaredo.com\/wp-content\/uploads\/2023\/03\/PNL-20230319-4.jpg","jetpack_sharing_enabled":true,"_links":{"self":[{"href":"https:\/\/pornuestrolaredo.com\/index.php?rest_route=\/wp\/v2\/posts\/2099","targetHints":{"allow":["GET"]}}],"collection":[{"href":"https:\/\/pornuestrolaredo.com\/index.php?rest_route=\/wp\/v2\/posts"}],"about":[{"href":"https:\/\/pornuestrolaredo.com\/index.php?rest_route=\/wp\/v2\/types\/post"}],"author":[{"embeddable":true,"href":"https:\/\/pornuestrolaredo.com\/index.php?rest_route=\/wp\/v2\/users\/1"}],"replies":[{"embeddable":true,"href":"https:\/\/pornuestrolaredo.com\/index.php?rest_route=%2Fwp%2Fv2%2Fcomments&post=2099"}],"version-history":[{"count":1,"href":"https:\/\/pornuestrolaredo.com\/index.php?rest_route=\/wp\/v2\/posts\/2099\/revisions"}],"predecessor-version":[{"id":2101,"href":"https:\/\/pornuestrolaredo.com\/index.php?rest_route=\/wp\/v2\/posts\/2099\/revisions\/2101"}],"wp:featuredmedia":[{"embeddable":true,"href":"https:\/\/pornuestrolaredo.com\/index.php?rest_route=\/wp\/v2\/media\/2100"}],"wp:attachment":[{"href":"https:\/\/pornuestrolaredo.com\/index.php?rest_route=%2Fwp%2Fv2%2Fmedia&parent=2099"}],"wp:term":[{"taxonomy":"category","embeddable":true,"href":"https:\/\/pornuestrolaredo.com\/index.php?rest_route=%2Fwp%2Fv2%2Fcategories&post=2099"},{"taxonomy":"post_tag","embeddable":true,"href":"https:\/\/pornuestrolaredo.com\/index.php?rest_route=%2Fwp%2Fv2%2Ftags&post=2099"}],"curies":[{"name":"wp","href":"https:\/\/api.w.org\/{rel}","templated":true}]}}