{"id":2103,"date":"2023-03-20T19:07:18","date_gmt":"2023-03-20T19:07:18","guid":{"rendered":"https:\/\/pornuestrolaredo.com\/?p=2103"},"modified":"2023-03-20T19:07:18","modified_gmt":"2023-03-20T19:07:18","slug":"la-primavera-llega-hoy-a-los-laredos-a-las-424-de-la-tarde","status":"publish","type":"post","link":"https:\/\/pornuestrolaredo.com\/?p=2103","title":{"rendered":"La primavera llega hoy a los Laredos a las 4:24 de la tarde"},"content":{"rendered":"<p><strong>NUEVO LAREDO.-<\/strong> Esta tarde, a las 4:24, arriba a los dos Laredos la primavera. No, no es que saldr\u00e1 el sol, reverdecer\u00e1n los \u00e1rboles de pronto o abrir\u00e1n miles de flores. Eso ya ocurre desde hace semanas. Lo que \u201cllega\u201d es el equinoccio, que es cuando el Sol est\u00e1 directamente sobre el ecuador terrestre.<\/p>\n<p>El equinoccio que significa \u201cnoche igual\u201d en lat\u00edn, es un fen\u00f3meno astron\u00f3mico que ocurre dos veces al a\u00f1o, en primavera y en oto\u00f1o.<\/p>\n<p>Cuando el Sol se ubica directamente sobre el ecuador, el d\u00eda y la noche tiene aproximadamente la misma duraci\u00f3n en todo el mundo: unas doce horas.<\/p>\n<p>Esto ocurre porque, durante el equinoccio, la Tierra se encuentra en una posici\u00f3n en la que la luz solar se distribuye de manera uniforme en todo el planeta.<\/p>\n<p>Adem\u00e1s, tambi\u00e9n se produce un fen\u00f3meno conocido como la &#8220;anulaci\u00f3n de la inclinaci\u00f3n&#8221;. Esto significa que la inclinaci\u00f3n del eje terrestre no se inclina hacia ni se aleja del Sol, lo que da como resultado la ausencia de una temporada espec\u00edfica en ambas partes de la Tierra.<\/p>\n<p>En el hemisferio norte, el equinoccio de primavera marca el inicio de la primavera y en el hemisferio sur, marca el inicio del oto\u00f1o, mientras que en el hemisferio norte el equinoccio de oto\u00f1o marca el inicio del oto\u00f1o y en el hemisferio sur marca el inicio de la primavera.<\/p>\n<p>En el hemisferio norte, el equinoccio de primavera suele ocurrir alrededor del 20 o 21 de marzo, mientras que el equinoccio de oto\u00f1o suele ocurrir alrededor del 22 o 23 de septiembre.<\/p>\n<p>El Instituto de Astronom\u00eda de la Universidad Nacional Aut\u00f3noma de M\u00e9xico (UNAM) ha informado que el equinoccio de primavera tendr\u00e1 lugar el 20 de marzo a las 3:24 de la tarde del centro de M\u00e9xico.<\/p>\n","protected":false},"excerpt":{"rendered":"<p>No, no es el fecha que marca el calendario, sino el d\u00eda en que se registra el equinoccio, que es cuando el Sol est\u00e1 directamente sobre el ecuador terrestre y los d\u00edas duran lo mismo<\/p>\n","protected":false},"author":1,"featured_media":2104,"comment_status":"closed","ping_status":"closed","sticky":false,"template":"","format":"standard","meta":{"_crdt_document":"","_jetpack_memberships_contains_paid_content":false,"footnotes":"","jetpack_publicize_message":"","jetpack_publicize_feature_enabled":true,"jetpack_social_post_already_shared":true,"jetpack_social_options":{"image_generator_settings":{"template":"highway","default_image_id":0,"font":"","enabled":false},"version":2},"_wpas_customize_per_network":false},"categories":[4],"tags":[],"class_list":["post-2103","post","type-post","status-publish","format-standard","has-post-thumbnail","hentry","category-los-dos-laredos"],"magazineBlocksPostFeaturedMedia":{"thumbnail":"https:\/\/pornuestrolaredo.com\/wp-content\/uploads\/2023\/03\/PNL-20230320-1-150x150.jpg","medium":"https:\/\/pornuestrolaredo.com\/wp-content\/uploads\/2023\/03\/PNL-20230320-1-300x169.jpg","medium_large":"https:\/\/pornuestrolaredo.com\/wp-content\/uploads\/2023\/03\/PNL-20230320-1-768x432.jpg","large":"https:\/\/pornuestrolaredo.com\/wp-content\/uploads\/2023\/03\/PNL-20230320-1.jpg","1536x1536":"https:\/\/pornuestrolaredo.com\/wp-content\/uploads\/2023\/03\/PNL-20230320-1.jpg","2048x2048":"https:\/\/pornuestrolaredo.com\/wp-content\/uploads\/2023\/03\/PNL-20230320-1.jpg","morenews-large":"https:\/\/pornuestrolaredo.com\/wp-content\/uploads\/2023\/03\/PNL-20230320-1.jpg","morenews-medium":"https:\/\/pornuestrolaredo.com\/wp-content\/uploads\/2023\/03\/PNL-20230320-1.jpg"},"magazineBlocksPostAuthor":{"name":"Redactor","avatar":"https:\/\/pornuestrolaredo.com\/wp-content\/litespeed\/avatar\/dca1d7ec750c399f025f23b0b314f4cf.jpg?ver=1777612120"},"magazineBlocksPostCommentsNumber":false,"magazineBlocksPostExcerpt":"No, no es el fecha que marca el calendario, sino el d\u00eda en que se registra el equinoccio, que es cuando el Sol est\u00e1 directamente sobre el ecuador terrestre y los d\u00edas duran lo mismo","magazineBlocksPostCategories":["Los dos Laredos"],"magazineBlocksPostViewCount":122,"magazineBlocksPostReadTime":2,"magazine_blocks_featured_image_url":{"full":["https:\/\/pornuestrolaredo.com\/wp-content\/uploads\/2023\/03\/PNL-20230320-1.jpg",1024,576,false],"medium":["https:\/\/pornuestrolaredo.com\/wp-content\/uploads\/2023\/03\/PNL-20230320-1-300x169.jpg",300,169,true],"thumbnail":["https:\/\/pornuestrolaredo.com\/wp-content\/uploads\/2023\/03\/PNL-20230320-1-150x150.jpg",150,150,true]},"magazine_blocks_author":{"display_name":"Redactor","author_link":"https:\/\/pornuestrolaredo.com\/?author=1"},"magazine_blocks_comment":0,"magazine_blocks_author_image":"https:\/\/pornuestrolaredo.com\/wp-content\/litespeed\/avatar\/dca1d7ec750c399f025f23b0b314f4cf.jpg?ver=1777612120","magazine_blocks_category":"<a href=\"#\" class=\"category-link category-link-4\">Los dos Laredos<\/a>","jetpack_publicize_connections":[],"featured_image_urls":{"full":["https:\/\/pornuestrolaredo.com\/wp-content\/uploads\/2023\/03\/PNL-20230320-1.jpg",1024,576,false],"thumbnail":["https:\/\/pornuestrolaredo.com\/wp-content\/uploads\/2023\/03\/PNL-20230320-1-150x150.jpg",150,150,true],"medium":["https:\/\/pornuestrolaredo.com\/wp-content\/uploads\/2023\/03\/PNL-20230320-1-300x169.jpg",300,169,true],"medium_large":["https:\/\/pornuestrolaredo.com\/wp-content\/uploads\/2023\/03\/PNL-20230320-1-768x432.jpg",640,360,true],"large":["https:\/\/pornuestrolaredo.com\/wp-content\/uploads\/2023\/03\/PNL-20230320-1.jpg",640,360,false],"1536x1536":["https:\/\/pornuestrolaredo.com\/wp-content\/uploads\/2023\/03\/PNL-20230320-1.jpg",1024,576,false],"2048x2048":["https:\/\/pornuestrolaredo.com\/wp-content\/uploads\/2023\/03\/PNL-20230320-1.jpg",1024,576,false],"morenews-large":["https:\/\/pornuestrolaredo.com\/wp-content\/uploads\/2023\/03\/PNL-20230320-1.jpg",825,464,false],"morenews-medium":["https:\/\/pornuestrolaredo.com\/wp-content\/uploads\/2023\/03\/PNL-20230320-1.jpg",590,332,false]},"author_info":{"info":["Redactor"]},"category_info":"<a href=\"https:\/\/pornuestrolaredo.com\/?cat=4\" rel=\"category\">Los dos Laredos<\/a>","tag_info":"Los dos Laredos","comment_count":"0","jetpack_featured_media_url":"https:\/\/pornuestrolaredo.com\/wp-content\/uploads\/2023\/03\/PNL-20230320-1.jpg","jetpack_sharing_enabled":true,"_links":{"self":[{"href":"https:\/\/pornuestrolaredo.com\/index.php?rest_route=\/wp\/v2\/posts\/2103","targetHints":{"allow":["GET"]}}],"collection":[{"href":"https:\/\/pornuestrolaredo.com\/index.php?rest_route=\/wp\/v2\/posts"}],"about":[{"href":"https:\/\/pornuestrolaredo.com\/index.php?rest_route=\/wp\/v2\/types\/post"}],"author":[{"embeddable":true,"href":"https:\/\/pornuestrolaredo.com\/index.php?rest_route=\/wp\/v2\/users\/1"}],"replies":[{"embeddable":true,"href":"https:\/\/pornuestrolaredo.com\/index.php?rest_route=%2Fwp%2Fv2%2Fcomments&post=2103"}],"version-history":[{"count":1,"href":"https:\/\/pornuestrolaredo.com\/index.php?rest_route=\/wp\/v2\/posts\/2103\/revisions"}],"predecessor-version":[{"id":2105,"href":"https:\/\/pornuestrolaredo.com\/index.php?rest_route=\/wp\/v2\/posts\/2103\/revisions\/2105"}],"wp:featuredmedia":[{"embeddable":true,"href":"https:\/\/pornuestrolaredo.com\/index.php?rest_route=\/wp\/v2\/media\/2104"}],"wp:attachment":[{"href":"https:\/\/pornuestrolaredo.com\/index.php?rest_route=%2Fwp%2Fv2%2Fmedia&parent=2103"}],"wp:term":[{"taxonomy":"category","embeddable":true,"href":"https:\/\/pornuestrolaredo.com\/index.php?rest_route=%2Fwp%2Fv2%2Fcategories&post=2103"},{"taxonomy":"post_tag","embeddable":true,"href":"https:\/\/pornuestrolaredo.com\/index.php?rest_route=%2Fwp%2Fv2%2Ftags&post=2103"}],"curies":[{"name":"wp","href":"https:\/\/api.w.org\/{rel}","templated":true}]}}