{"id":2112,"date":"2023-03-21T18:46:53","date_gmt":"2023-03-21T18:46:53","guid":{"rendered":"https:\/\/pornuestrolaredo.com\/?p=2112"},"modified":"2023-03-21T18:46:53","modified_gmt":"2023-03-21T18:46:53","slug":"reconocen-estudiantes-heridos-en-accidente-apoyo-de-alcaldesa","status":"publish","type":"post","link":"https:\/\/pornuestrolaredo.com\/?p=2112","title":{"rendered":"Reconocen estudiantes heridos en accidente apoyo de alcaldesa"},"content":{"rendered":"<p><strong>NUEVO LAREDO.-<\/strong> Esta ma\u00f1ana durante honores a la Bandera celebrados en la plaza c\u00edvica, alumnos y personal de la secundaria 80 \u201cH\u00e9ctor Bola\u00f1os Calzado\u201d, entregaron un reconocimiento a la alcaldesa Carmen Lilia Canturosas por su empat\u00eda, labor civil y altruista.<\/p>\n<p>El reconocimiento lo entregaron la directora de la Instituci\u00f3n Educativa, X\u00f3chitl Naranjo Mart\u00ednez\u00a0 y el alumno Aldo Casta\u00f1eda S\u00e1nchez a la segunda s\u00edndica, Imelda Mang\u00edn Torre en representaci\u00f3n de la presidenta municipal.<\/p>\n<p>Ah\u00ed agradecieron la oportuna intervenci\u00f3n de la presidenta municipal ante el accidente en el que resultaron lesionados siete menores de edad, quienes ya se encuentran recuperados.<\/p>\n<blockquote><p>El personal docente, alumnos y padres de familias queremos reconocer a la persona que nos apoy\u00f3 durante esos momentos dif\u00edciles\u201d, dijo el maestro Ra\u00fal P\u00e9rez Rodr\u00edguez.<\/p><\/blockquote>\n<p>El percance sucedi\u00f3 el 14 de febrero en el horario de salida de los alumnos del plantel educativo. Ante esta situaci\u00f3n el gobierno municipal estuvo al pendiente de la salud de los estudiantes. Adem\u00e1s los gastos generados en los hospitales fueron solventados por la administraci\u00f3n municipal.<br \/>\n<img decoding=\"async\" src=\"https:\/\/pornuestrolaredo.com\/wp-content\/uploads\/2023\/03\/Stereo91-20230321-2-300x200.jpg\" alt=\"\" width=\"300\" height=\"200\" class=\"alignnone size-medium wp-image-2114\" srcset=\"https:\/\/pornuestrolaredo.com\/wp-content\/uploads\/2023\/03\/Stereo91-20230321-2-300x200.jpg 300w, https:\/\/pornuestrolaredo.com\/wp-content\/uploads\/2023\/03\/Stereo91-20230321-2-1024x682.jpg 1024w, https:\/\/pornuestrolaredo.com\/wp-content\/uploads\/2023\/03\/Stereo91-20230321-2-768x512.jpg 768w, https:\/\/pornuestrolaredo.com\/wp-content\/uploads\/2023\/03\/Stereo91-20230321-2.jpg 1280w\" sizes=\"(max-width: 300px) 100vw, 300px\" \/><\/p>\n","protected":false},"excerpt":{"rendered":"<p>Entregan alumnos y personal de la secundaria 80 \u201cH\u00e9ctor Bola\u00f1os Calzado\u201d reconocimiento para Carmen Lilia Canturosas durante honores a la Bandera<\/p>\n","protected":false},"author":1,"featured_media":2113,"comment_status":"closed","ping_status":"closed","sticky":false,"template":"","format":"standard","meta":{"_crdt_document":"","_jetpack_memberships_contains_paid_content":false,"footnotes":"","jetpack_publicize_message":"","jetpack_publicize_feature_enabled":true,"jetpack_social_post_already_shared":true,"jetpack_social_options":{"image_generator_settings":{"template":"highway","default_image_id":0,"font":"","enabled":false},"version":2},"_wpas_customize_per_network":false},"categories":[4],"tags":[],"class_list":["post-2112","post","type-post","status-publish","format-standard","has-post-thumbnail","hentry","category-los-dos-laredos"],"magazineBlocksPostFeaturedMedia":{"thumbnail":"https:\/\/pornuestrolaredo.com\/wp-content\/uploads\/2023\/03\/Stereo91-20230321-1-1-150x150.jpg","medium":"https:\/\/pornuestrolaredo.com\/wp-content\/uploads\/2023\/03\/Stereo91-20230321-1-1-300x200.jpg","medium_large":"https:\/\/pornuestrolaredo.com\/wp-content\/uploads\/2023\/03\/Stereo91-20230321-1-1-768x512.jpg","large":"https:\/\/pornuestrolaredo.com\/wp-content\/uploads\/2023\/03\/Stereo91-20230321-1-1-1024x682.jpg","1536x1536":"https:\/\/pornuestrolaredo.com\/wp-content\/uploads\/2023\/03\/Stereo91-20230321-1-1.jpg","2048x2048":"https:\/\/pornuestrolaredo.com\/wp-content\/uploads\/2023\/03\/Stereo91-20230321-1-1.jpg","morenews-large":"https:\/\/pornuestrolaredo.com\/wp-content\/uploads\/2023\/03\/Stereo91-20230321-1-1.jpg","morenews-medium":"https:\/\/pornuestrolaredo.com\/wp-content\/uploads\/2023\/03\/Stereo91-20230321-1-1.jpg"},"magazineBlocksPostAuthor":{"name":"Redactor","avatar":"https:\/\/pornuestrolaredo.com\/wp-content\/litespeed\/avatar\/dca1d7ec750c399f025f23b0b314f4cf.jpg?ver=1777612120"},"magazineBlocksPostCommentsNumber":false,"magazineBlocksPostExcerpt":"Entregan alumnos y personal de la secundaria 80 \u201cH\u00e9ctor Bola\u00f1os Calzado\u201d reconocimiento para Carmen Lilia Canturosas durante honores a la Bandera","magazineBlocksPostCategories":["Los dos Laredos"],"magazineBlocksPostViewCount":127,"magazineBlocksPostReadTime":1,"magazine_blocks_featured_image_url":{"full":["https:\/\/pornuestrolaredo.com\/wp-content\/uploads\/2023\/03\/Stereo91-20230321-1-1.jpg",1280,853,false],"medium":["https:\/\/pornuestrolaredo.com\/wp-content\/uploads\/2023\/03\/Stereo91-20230321-1-1-300x200.jpg",300,200,true],"thumbnail":["https:\/\/pornuestrolaredo.com\/wp-content\/uploads\/2023\/03\/Stereo91-20230321-1-1-150x150.jpg",150,150,true]},"magazine_blocks_author":{"display_name":"Redactor","author_link":"https:\/\/pornuestrolaredo.com\/?author=1"},"magazine_blocks_comment":0,"magazine_blocks_author_image":"https:\/\/pornuestrolaredo.com\/wp-content\/litespeed\/avatar\/dca1d7ec750c399f025f23b0b314f4cf.jpg?ver=1777612120","magazine_blocks_category":"<a href=\"#\" class=\"category-link category-link-4\">Los dos Laredos<\/a>","jetpack_publicize_connections":[],"featured_image_urls":{"full":["https:\/\/pornuestrolaredo.com\/wp-content\/uploads\/2023\/03\/Stereo91-20230321-1-1.jpg",1280,853,false],"thumbnail":["https:\/\/pornuestrolaredo.com\/wp-content\/uploads\/2023\/03\/Stereo91-20230321-1-1-150x150.jpg",150,150,true],"medium":["https:\/\/pornuestrolaredo.com\/wp-content\/uploads\/2023\/03\/Stereo91-20230321-1-1-300x200.jpg",300,200,true],"medium_large":["https:\/\/pornuestrolaredo.com\/wp-content\/uploads\/2023\/03\/Stereo91-20230321-1-1-768x512.jpg",640,427,true],"large":["https:\/\/pornuestrolaredo.com\/wp-content\/uploads\/2023\/03\/Stereo91-20230321-1-1-1024x682.jpg",640,426,true],"1536x1536":["https:\/\/pornuestrolaredo.com\/wp-content\/uploads\/2023\/03\/Stereo91-20230321-1-1.jpg",1280,853,false],"2048x2048":["https:\/\/pornuestrolaredo.com\/wp-content\/uploads\/2023\/03\/Stereo91-20230321-1-1.jpg",1280,853,false],"morenews-large":["https:\/\/pornuestrolaredo.com\/wp-content\/uploads\/2023\/03\/Stereo91-20230321-1-1.jpg",825,550,false],"morenews-medium":["https:\/\/pornuestrolaredo.com\/wp-content\/uploads\/2023\/03\/Stereo91-20230321-1-1.jpg",590,393,false]},"author_info":{"info":["Redactor"]},"category_info":"<a href=\"https:\/\/pornuestrolaredo.com\/?cat=4\" rel=\"category\">Los dos Laredos<\/a>","tag_info":"Los dos Laredos","comment_count":"0","jetpack_featured_media_url":"https:\/\/pornuestrolaredo.com\/wp-content\/uploads\/2023\/03\/Stereo91-20230321-1-1.jpg","jetpack_sharing_enabled":true,"_links":{"self":[{"href":"https:\/\/pornuestrolaredo.com\/index.php?rest_route=\/wp\/v2\/posts\/2112","targetHints":{"allow":["GET"]}}],"collection":[{"href":"https:\/\/pornuestrolaredo.com\/index.php?rest_route=\/wp\/v2\/posts"}],"about":[{"href":"https:\/\/pornuestrolaredo.com\/index.php?rest_route=\/wp\/v2\/types\/post"}],"author":[{"embeddable":true,"href":"https:\/\/pornuestrolaredo.com\/index.php?rest_route=\/wp\/v2\/users\/1"}],"replies":[{"embeddable":true,"href":"https:\/\/pornuestrolaredo.com\/index.php?rest_route=%2Fwp%2Fv2%2Fcomments&post=2112"}],"version-history":[{"count":1,"href":"https:\/\/pornuestrolaredo.com\/index.php?rest_route=\/wp\/v2\/posts\/2112\/revisions"}],"predecessor-version":[{"id":2115,"href":"https:\/\/pornuestrolaredo.com\/index.php?rest_route=\/wp\/v2\/posts\/2112\/revisions\/2115"}],"wp:featuredmedia":[{"embeddable":true,"href":"https:\/\/pornuestrolaredo.com\/index.php?rest_route=\/wp\/v2\/media\/2113"}],"wp:attachment":[{"href":"https:\/\/pornuestrolaredo.com\/index.php?rest_route=%2Fwp%2Fv2%2Fmedia&parent=2112"}],"wp:term":[{"taxonomy":"category","embeddable":true,"href":"https:\/\/pornuestrolaredo.com\/index.php?rest_route=%2Fwp%2Fv2%2Fcategories&post=2112"},{"taxonomy":"post_tag","embeddable":true,"href":"https:\/\/pornuestrolaredo.com\/index.php?rest_route=%2Fwp%2Fv2%2Ftags&post=2112"}],"curies":[{"name":"wp","href":"https:\/\/api.w.org\/{rel}","templated":true}]}}