{"id":2116,"date":"2023-03-21T19:12:13","date_gmt":"2023-03-21T19:12:13","guid":{"rendered":"https:\/\/pornuestrolaredo.com\/?p=2116"},"modified":"2023-03-21T19:12:13","modified_gmt":"2023-03-21T19:12:13","slug":"pena-por-asesinato-de-adolescente-levanta-polemica","status":"publish","type":"post","link":"https:\/\/pornuestrolaredo.com\/?p=2116","title":{"rendered":"Pena por asesinato de adolescente levanta pol\u00e9mica"},"content":{"rendered":"<p><strong>CIUDAD DE M\u00c9XICO.-<\/strong> El sistema penal mexicano est\u00e1 en entredicho. La pena que podr\u00eda alcanzar una adolescente que golpe\u00f3 con una piedra en la cabeza a su compa\u00f1era, a la que hac\u00eda bullying y que falleci\u00f3 d\u00edas despu\u00e9s de ser dada de alta de un hospital ha levantado pol\u00e9mica.<\/p>\n<p>Y es que la estudiante de tercer grado, en la Secundaria Oficial 0518, anexa a la Normal ubicada en Teotihuac\u00e1n y acusada de asesinato, podr\u00eda pasar de 6 meses a 15 a\u00f1os bajo arresto y al terminar su pena no tendr\u00eda antecedentes penales.<\/p>\n<p>Para quienes vieron el video en el que la adolescente Norma Lizbeth es golpeada de manera brutal con una piedra, la pena es insuficiente.<\/p>\n<p>Como resultado, Norma Lizbeth sufri\u00f3 traumatismo craneoencef\u00e1lico.<\/p>\n<p>Este lamentable suceso coloca a Norma Lizbeth como el m\u00e1s reciente caso de una v\u00edctima de bullying, y uno de los primeros con un desenlace fatal en la regi\u00f3n. La estudiante hab\u00eda comentado a su familia sobre el acoso escolar que sufr\u00eda por parte de sus compa\u00f1eros, y hab\u00eda informado a maestros y directivos de la secundaria al respecto, quienes simplemente ignoraron la situaci\u00f3n.<\/p>\n<p>El 21 de febrero, Norma Lizbeth fue retada a sostener una pelea. Una de sus compa\u00f1eras la cit\u00f3 a unos metros del plantel, y ella acudi\u00f3 con la intenci\u00f3n de llegar a un acuerdo y poner fin a las agresiones. Sin embargo, en el lugar ya la esperaban su rival y varios otros estudiantes del plantel. La v\u00edctima fue orillada a pelear y, entre los gritos de \u201c\u00a1dale!, \u00a1dale!\u201d. Sufri\u00f3 varios golpes en la cabeza con una piedra.<\/p>\n<p>Lo m\u00e1s preocupante es que el material de este terrible incidente fue grabado por varios de los testigos presentes, quienes vieron caer a la joven y no hicieron nada por evitar que siguiera recibiendo m\u00e1s castigo. Este caso ha generado gran indignaci\u00f3n en la comunidad y ha puesto en tela de juicio la responsabilidad de las autoridades escolares en el manejo del bullying y la seguridad de los estudiantes.<\/p>\n<p>En M\u00e9xico, la ley establece que los menores de edad que cometen delitos son sujetos a un sistema especializado en justicia para adolescentes, que tiene por objetivo proteger sus derechos y su desarrollo integral, as\u00ed como tambi\u00e9n asegurar que se les trate de acuerdo con su edad y madurez.<\/p>\n<p>El sistema contempla sanciones que van desde la reparaci\u00f3n del da\u00f1o causado hasta la privaci\u00f3n de libertad en casos graves. Sin embargo, la privaci\u00f3n de libertad se considera como medida de \u00faltimo recurso y solo se impone en casos extremos.<\/p>\n<p>Las sanciones que se aplican a los menores de edad que cometen delitos pueden incluir:<\/p>\n<p>Orientaci\u00f3n y asesor\u00eda para el desarrollo personal y social del adolescente.<\/p>\n<p>Servicio a la comunidad, consistente en actividades que tengan como objetivo la reparaci\u00f3n del da\u00f1o causado a la v\u00edctima o a la sociedad en general.<\/p>\n<p>Libertad asistida, que es un r\u00e9gimen en el que el menor es supervisado por un equipo multidisciplinario, que lo apoya en su proceso de reinserci\u00f3n social.<\/p>\n<p>Internamiento en un centro especializado, en casos graves en los que se considera que el menor representa un peligro para s\u00ed mismo o para la sociedad.<\/p>\n<p>Es importante destacar que, en todos los casos, se busca el bienestar y la reintegraci\u00f3n social del menor, para que pueda tener una segunda oportunidad y no vuelva a cometer delitos.<\/p>\n<p>Casos como el homicidio cometido por una joven de 14 a\u00f1os pueden causar pol\u00e9mica en la sociedad, pues ponen de manifiesto la importancia de contar con un sistema de justicia para adolescentes que garantice la protecci\u00f3n de los derechos de los menores y al mismo tiempo proporcione medidas adecuadas y efectivas para prevenir la comisi\u00f3n de delitos y fomentar su reintegraci\u00f3n social. Y lo m\u00e1s dif\u00edcil, brindar justicia a las familias de las v\u00edctimas.<\/p>\n<p>El sistema de justicia para adolescentes en M\u00e9xico se basa en un enfoque de justicia restaurativa, que busca la reconciliaci\u00f3n entre la v\u00edctima y el delincuente, la reparaci\u00f3n del da\u00f1o causado y la reintegraci\u00f3n social del menor. Este enfoque est\u00e1 dise\u00f1ado para prevenir la reincidencia y promover la recuperaci\u00f3n y reinserci\u00f3n social del adolescente. Sin embargo, en casos graves como el homicidio, es necesario que se investigue a fondo y se apliquen las sanciones correspondientes de acuerdo con la ley, tomando en cuenta las circunstancias particulares del caso y las condiciones del menor.<\/p>\n","protected":false},"excerpt":{"rendered":"<p>La acusada atac\u00f3 con una piedra en la cabeza a su compa\u00f1era, a la que hac\u00eda bullying, y la v\u00edctima muri\u00f3 por lesiones cerebrales; la responsable ir\u00eda s\u00f3lo 6 meses a prisi\u00f3n<\/p>\n","protected":false},"author":1,"featured_media":2117,"comment_status":"closed","ping_status":"closed","sticky":false,"template":"","format":"standard","meta":{"_crdt_document":"","_jetpack_memberships_contains_paid_content":false,"footnotes":"","jetpack_publicize_message":"","jetpack_publicize_feature_enabled":true,"jetpack_social_post_already_shared":true,"jetpack_social_options":{"image_generator_settings":{"template":"highway","default_image_id":0,"font":"","enabled":false},"version":2},"_wpas_customize_per_network":false},"categories":[33],"tags":[],"class_list":["post-2116","post","type-post","status-publish","format-standard","has-post-thumbnail","hentry","category-mexico"],"magazineBlocksPostFeaturedMedia":{"thumbnail":"https:\/\/pornuestrolaredo.com\/wp-content\/uploads\/2023\/03\/Stereo91-20230321-3-150x150.jpg","medium":"https:\/\/pornuestrolaredo.com\/wp-content\/uploads\/2023\/03\/Stereo91-20230321-3-300x162.jpg","medium_large":"https:\/\/pornuestrolaredo.com\/wp-content\/uploads\/2023\/03\/Stereo91-20230321-3-768x415.jpg","large":"https:\/\/pornuestrolaredo.com\/wp-content\/uploads\/2023\/03\/Stereo91-20230321-3.jpg","1536x1536":"https:\/\/pornuestrolaredo.com\/wp-content\/uploads\/2023\/03\/Stereo91-20230321-3.jpg","2048x2048":"https:\/\/pornuestrolaredo.com\/wp-content\/uploads\/2023\/03\/Stereo91-20230321-3.jpg","morenews-large":"https:\/\/pornuestrolaredo.com\/wp-content\/uploads\/2023\/03\/Stereo91-20230321-3.jpg","morenews-medium":"https:\/\/pornuestrolaredo.com\/wp-content\/uploads\/2023\/03\/Stereo91-20230321-3.jpg"},"magazineBlocksPostAuthor":{"name":"Redactor","avatar":"https:\/\/pornuestrolaredo.com\/wp-content\/litespeed\/avatar\/dca1d7ec750c399f025f23b0b314f4cf.jpg?ver=1777612120"},"magazineBlocksPostCommentsNumber":false,"magazineBlocksPostExcerpt":"La acusada atac\u00f3 con una piedra en la cabeza a su compa\u00f1era, a la que hac\u00eda bullying, y la v\u00edctima muri\u00f3 por lesiones cerebrales; la responsable ir\u00eda s\u00f3lo 6 meses a prisi\u00f3n","magazineBlocksPostCategories":["Mexico"],"magazineBlocksPostViewCount":142,"magazineBlocksPostReadTime":4,"magazine_blocks_featured_image_url":{"full":["https:\/\/pornuestrolaredo.com\/wp-content\/uploads\/2023\/03\/Stereo91-20230321-3.jpg",800,432,false],"medium":["https:\/\/pornuestrolaredo.com\/wp-content\/uploads\/2023\/03\/Stereo91-20230321-3-300x162.jpg",300,162,true],"thumbnail":["https:\/\/pornuestrolaredo.com\/wp-content\/uploads\/2023\/03\/Stereo91-20230321-3-150x150.jpg",150,150,true]},"magazine_blocks_author":{"display_name":"Redactor","author_link":"https:\/\/pornuestrolaredo.com\/?author=1"},"magazine_blocks_comment":0,"magazine_blocks_author_image":"https:\/\/pornuestrolaredo.com\/wp-content\/litespeed\/avatar\/dca1d7ec750c399f025f23b0b314f4cf.jpg?ver=1777612120","magazine_blocks_category":"<a href=\"#\" class=\"category-link category-link-33\">Mexico<\/a>","jetpack_publicize_connections":[],"featured_image_urls":{"full":["https:\/\/pornuestrolaredo.com\/wp-content\/uploads\/2023\/03\/Stereo91-20230321-3.jpg",800,432,false],"thumbnail":["https:\/\/pornuestrolaredo.com\/wp-content\/uploads\/2023\/03\/Stereo91-20230321-3-150x150.jpg",150,150,true],"medium":["https:\/\/pornuestrolaredo.com\/wp-content\/uploads\/2023\/03\/Stereo91-20230321-3-300x162.jpg",300,162,true],"medium_large":["https:\/\/pornuestrolaredo.com\/wp-content\/uploads\/2023\/03\/Stereo91-20230321-3-768x415.jpg",640,346,true],"large":["https:\/\/pornuestrolaredo.com\/wp-content\/uploads\/2023\/03\/Stereo91-20230321-3.jpg",640,346,false],"1536x1536":["https:\/\/pornuestrolaredo.com\/wp-content\/uploads\/2023\/03\/Stereo91-20230321-3.jpg",800,432,false],"2048x2048":["https:\/\/pornuestrolaredo.com\/wp-content\/uploads\/2023\/03\/Stereo91-20230321-3.jpg",800,432,false],"morenews-large":["https:\/\/pornuestrolaredo.com\/wp-content\/uploads\/2023\/03\/Stereo91-20230321-3.jpg",800,432,false],"morenews-medium":["https:\/\/pornuestrolaredo.com\/wp-content\/uploads\/2023\/03\/Stereo91-20230321-3.jpg",590,319,false]},"author_info":{"info":["Redactor"]},"category_info":"<a href=\"https:\/\/pornuestrolaredo.com\/?cat=33\" rel=\"category\">Mexico<\/a>","tag_info":"Mexico","comment_count":"0","jetpack_featured_media_url":"https:\/\/pornuestrolaredo.com\/wp-content\/uploads\/2023\/03\/Stereo91-20230321-3.jpg","jetpack_sharing_enabled":true,"_links":{"self":[{"href":"https:\/\/pornuestrolaredo.com\/index.php?rest_route=\/wp\/v2\/posts\/2116","targetHints":{"allow":["GET"]}}],"collection":[{"href":"https:\/\/pornuestrolaredo.com\/index.php?rest_route=\/wp\/v2\/posts"}],"about":[{"href":"https:\/\/pornuestrolaredo.com\/index.php?rest_route=\/wp\/v2\/types\/post"}],"author":[{"embeddable":true,"href":"https:\/\/pornuestrolaredo.com\/index.php?rest_route=\/wp\/v2\/users\/1"}],"replies":[{"embeddable":true,"href":"https:\/\/pornuestrolaredo.com\/index.php?rest_route=%2Fwp%2Fv2%2Fcomments&post=2116"}],"version-history":[{"count":1,"href":"https:\/\/pornuestrolaredo.com\/index.php?rest_route=\/wp\/v2\/posts\/2116\/revisions"}],"predecessor-version":[{"id":2118,"href":"https:\/\/pornuestrolaredo.com\/index.php?rest_route=\/wp\/v2\/posts\/2116\/revisions\/2118"}],"wp:featuredmedia":[{"embeddable":true,"href":"https:\/\/pornuestrolaredo.com\/index.php?rest_route=\/wp\/v2\/media\/2117"}],"wp:attachment":[{"href":"https:\/\/pornuestrolaredo.com\/index.php?rest_route=%2Fwp%2Fv2%2Fmedia&parent=2116"}],"wp:term":[{"taxonomy":"category","embeddable":true,"href":"https:\/\/pornuestrolaredo.com\/index.php?rest_route=%2Fwp%2Fv2%2Fcategories&post=2116"},{"taxonomy":"post_tag","embeddable":true,"href":"https:\/\/pornuestrolaredo.com\/index.php?rest_route=%2Fwp%2Fv2%2Ftags&post=2116"}],"curies":[{"name":"wp","href":"https:\/\/api.w.org\/{rel}","templated":true}]}}