{"id":2120,"date":"2023-03-22T01:05:26","date_gmt":"2023-03-22T01:05:26","guid":{"rendered":"https:\/\/pornuestrolaredo.com\/?p=2120"},"modified":"2023-03-22T01:05:26","modified_gmt":"2023-03-22T01:05:26","slug":"alista-juez-orden-de-arresto-contra-rivas","status":"publish","type":"post","link":"https:\/\/pornuestrolaredo.com\/?p=2120","title":{"rendered":"Alista juez orden de arresto contra Rivas"},"content":{"rendered":"<p><strong>NUEVO LAREDO.- <\/strong>El exalcalde Enrique Rivas Cu\u00e9llar podr\u00eda enfrentar una orden de aprehensi\u00f3n en su contra tras haber hecho caso omiso a la audiencia de imputaci\u00f3n a la que fue citado luego de que la Fiscal\u00eda Anticorrupci\u00f3n encontrara elementos suficientes para investigarlo por haber incurrido en actos il\u00edcitos.<\/p>\n<p>La cita para rendir cuentas ante el juez de control en material penal era este martes 21 de marzo a las 9:30 de la ma\u00f1ana en la sede judicial de Nuevo Laredo, sin embargo, Rivas Cu\u00e9llar no se present\u00f3 a comparecer, por lo que las autoridades judiciales estar\u00edan preparando una orden de aprehensi\u00f3n por su omisi\u00f3n.<\/p>\n<p>Rivas Cu\u00e9llar, junto a sus ex s\u00edndicos Dorina N y Santiago N, as\u00ed como los ex funcionarios Rafael N y Jos\u00e9 Luis N y\u00a0 el representante legal de una inmobiliaria, fueron citados\u00a0 a comparecer en audiencia de imputaci\u00f3n, a la cita s\u00f3lo llegaron los exempleados municipales y el representante de la empresa.<\/p>\n<p>El exalcalde falt\u00f3 a su cita sin que haya justificado ante el Juez su inasistencia por lo cual pudiera suceder su aprehensi\u00f3n en las pr\u00f3ximas horas.<\/p>\n<p>Los cuatro ex funcionarios que comparecieron a la audiencia quedaron formalmente enterados de los cargos que se les imputan, ante esto solicitaron una pr\u00f3rroga para alegar en su defensa, por lo que se les otorg\u00f3 un plazo de diez d\u00edas h\u00e1biles para que comparezcan de nueva cuenta.<\/p>\n<p>De acuerdo con la Fiscal\u00eda Anticorrupci\u00f3n, el ex presidente municipal panista y sus c\u00f3mplices pudieron haber incurrido en los delitos de \u201cEjercicio il\u00edcito de servicio p\u00fablico\u201d y \u201cuso il\u00edcito de atribuciones y facultades\u201d luego de haber encabezado la compra de un predio con sobre precio de hasta 50 millones de pesos.<\/p>\n<p>Luego de una ardua investigaci\u00f3n por parte de la Comisi\u00f3n de la Verdad y Anticorrupci\u00f3n del actual cabildo de Nuevo Laredo, se encontr\u00f3 una serie de operaciones financieras turbias por lo que se interpuso la denuncia ante el Ministerio P\u00fablico, lo que deriv\u00f3 en el citatorio por parte de un juez de control para una audiencia de imputaci\u00f3n. Ante la negativa de Rivas Cu\u00e9llar, el juez podr\u00eda girar la orden de aprehensi\u00f3n para que el imputado cumpla con el citatorio del juez de control en materia penal y rinda cuentas\u00a0 de los delitos de los que se acusa.<\/p>\n","protected":false},"excerpt":{"rendered":"<p>El exalcalde no se presenta en la audiencia de imputaci\u00f3n a la que fue citado; comparecen otros tres exfuncionarios y un representante de una inmobiliaria<\/p>\n","protected":false},"author":1,"featured_media":2121,"comment_status":"closed","ping_status":"closed","sticky":false,"template":"","format":"standard","meta":{"_crdt_document":"","_jetpack_memberships_contains_paid_content":false,"footnotes":"","jetpack_publicize_message":"","jetpack_publicize_feature_enabled":true,"jetpack_social_post_already_shared":true,"jetpack_social_options":{"image_generator_settings":{"template":"highway","default_image_id":0,"font":"","enabled":false},"version":2},"_wpas_customize_per_network":false},"categories":[4],"tags":[],"class_list":["post-2120","post","type-post","status-publish","format-standard","has-post-thumbnail","hentry","category-los-dos-laredos"],"magazineBlocksPostFeaturedMedia":{"thumbnail":"https:\/\/pornuestrolaredo.com\/wp-content\/uploads\/2023\/03\/Rivas-150x150.jpg","medium":"https:\/\/pornuestrolaredo.com\/wp-content\/uploads\/2023\/03\/Rivas-300x196.jpg","medium_large":"https:\/\/pornuestrolaredo.com\/wp-content\/uploads\/2023\/03\/Rivas-768x502.jpg","large":"https:\/\/pornuestrolaredo.com\/wp-content\/uploads\/2023\/03\/Rivas.jpg","1536x1536":"https:\/\/pornuestrolaredo.com\/wp-content\/uploads\/2023\/03\/Rivas.jpg","2048x2048":"https:\/\/pornuestrolaredo.com\/wp-content\/uploads\/2023\/03\/Rivas.jpg","morenews-large":"https:\/\/pornuestrolaredo.com\/wp-content\/uploads\/2023\/03\/Rivas.jpg","morenews-medium":"https:\/\/pornuestrolaredo.com\/wp-content\/uploads\/2023\/03\/Rivas.jpg"},"magazineBlocksPostAuthor":{"name":"Redactor","avatar":"https:\/\/pornuestrolaredo.com\/wp-content\/litespeed\/avatar\/dca1d7ec750c399f025f23b0b314f4cf.jpg?ver=1777612120"},"magazineBlocksPostCommentsNumber":false,"magazineBlocksPostExcerpt":"El exalcalde no se presenta en la audiencia de imputaci\u00f3n a la que fue citado; comparecen otros tres exfuncionarios y un representante de una inmobiliaria","magazineBlocksPostCategories":["Los dos Laredos"],"magazineBlocksPostViewCount":147,"magazineBlocksPostReadTime":3,"magazine_blocks_featured_image_url":{"full":["https:\/\/pornuestrolaredo.com\/wp-content\/uploads\/2023\/03\/Rivas.jpg",1000,654,false],"medium":["https:\/\/pornuestrolaredo.com\/wp-content\/uploads\/2023\/03\/Rivas-300x196.jpg",300,196,true],"thumbnail":["https:\/\/pornuestrolaredo.com\/wp-content\/uploads\/2023\/03\/Rivas-150x150.jpg",150,150,true]},"magazine_blocks_author":{"display_name":"Redactor","author_link":"https:\/\/pornuestrolaredo.com\/?author=1"},"magazine_blocks_comment":0,"magazine_blocks_author_image":"https:\/\/pornuestrolaredo.com\/wp-content\/litespeed\/avatar\/dca1d7ec750c399f025f23b0b314f4cf.jpg?ver=1777612120","magazine_blocks_category":"<a href=\"#\" class=\"category-link category-link-4\">Los dos Laredos<\/a>","jetpack_publicize_connections":[],"featured_image_urls":{"full":["https:\/\/pornuestrolaredo.com\/wp-content\/uploads\/2023\/03\/Rivas.jpg",1000,654,false],"thumbnail":["https:\/\/pornuestrolaredo.com\/wp-content\/uploads\/2023\/03\/Rivas-150x150.jpg",150,150,true],"medium":["https:\/\/pornuestrolaredo.com\/wp-content\/uploads\/2023\/03\/Rivas-300x196.jpg",300,196,true],"medium_large":["https:\/\/pornuestrolaredo.com\/wp-content\/uploads\/2023\/03\/Rivas-768x502.jpg",640,418,true],"large":["https:\/\/pornuestrolaredo.com\/wp-content\/uploads\/2023\/03\/Rivas.jpg",640,419,false],"1536x1536":["https:\/\/pornuestrolaredo.com\/wp-content\/uploads\/2023\/03\/Rivas.jpg",1000,654,false],"2048x2048":["https:\/\/pornuestrolaredo.com\/wp-content\/uploads\/2023\/03\/Rivas.jpg",1000,654,false],"morenews-large":["https:\/\/pornuestrolaredo.com\/wp-content\/uploads\/2023\/03\/Rivas.jpg",825,540,false],"morenews-medium":["https:\/\/pornuestrolaredo.com\/wp-content\/uploads\/2023\/03\/Rivas.jpg",590,386,false]},"author_info":{"info":["Redactor"]},"category_info":"<a href=\"https:\/\/pornuestrolaredo.com\/?cat=4\" rel=\"category\">Los dos Laredos<\/a>","tag_info":"Los dos Laredos","comment_count":"0","jetpack_featured_media_url":"https:\/\/pornuestrolaredo.com\/wp-content\/uploads\/2023\/03\/Rivas.jpg","jetpack_sharing_enabled":true,"_links":{"self":[{"href":"https:\/\/pornuestrolaredo.com\/index.php?rest_route=\/wp\/v2\/posts\/2120","targetHints":{"allow":["GET"]}}],"collection":[{"href":"https:\/\/pornuestrolaredo.com\/index.php?rest_route=\/wp\/v2\/posts"}],"about":[{"href":"https:\/\/pornuestrolaredo.com\/index.php?rest_route=\/wp\/v2\/types\/post"}],"author":[{"embeddable":true,"href":"https:\/\/pornuestrolaredo.com\/index.php?rest_route=\/wp\/v2\/users\/1"}],"replies":[{"embeddable":true,"href":"https:\/\/pornuestrolaredo.com\/index.php?rest_route=%2Fwp%2Fv2%2Fcomments&post=2120"}],"version-history":[{"count":1,"href":"https:\/\/pornuestrolaredo.com\/index.php?rest_route=\/wp\/v2\/posts\/2120\/revisions"}],"predecessor-version":[{"id":2122,"href":"https:\/\/pornuestrolaredo.com\/index.php?rest_route=\/wp\/v2\/posts\/2120\/revisions\/2122"}],"wp:featuredmedia":[{"embeddable":true,"href":"https:\/\/pornuestrolaredo.com\/index.php?rest_route=\/wp\/v2\/media\/2121"}],"wp:attachment":[{"href":"https:\/\/pornuestrolaredo.com\/index.php?rest_route=%2Fwp%2Fv2%2Fmedia&parent=2120"}],"wp:term":[{"taxonomy":"category","embeddable":true,"href":"https:\/\/pornuestrolaredo.com\/index.php?rest_route=%2Fwp%2Fv2%2Fcategories&post=2120"},{"taxonomy":"post_tag","embeddable":true,"href":"https:\/\/pornuestrolaredo.com\/index.php?rest_route=%2Fwp%2Fv2%2Ftags&post=2120"}],"curies":[{"name":"wp","href":"https:\/\/api.w.org\/{rel}","templated":true}]}}