{"id":2128,"date":"2023-03-23T05:10:55","date_gmt":"2023-03-23T05:10:55","guid":{"rendered":"https:\/\/pornuestrolaredo.com\/?p=2128"},"modified":"2023-03-23T05:10:55","modified_gmt":"2023-03-23T05:10:55","slug":"general-motors-le-dice-adios-al-camaro","status":"publish","type":"post","link":"https:\/\/pornuestrolaredo.com\/?p=2128","title":{"rendered":"General Motors le dice adi\u00f3s al Camaro"},"content":{"rendered":"<p><strong>DETROIT.-<\/strong> El Chevrolet Camaro, durante d\u00e9cadas el auto so\u00f1ado de muchos adolescentes estadounidenses, dejar\u00e1 de fabricarse.<\/p>\n<p>General Motors, que vende el musculoso auto, dijo este mi\u00e9rcoles que dejar\u00e1 de fabricar la generaci\u00f3n actual a principios del pr\u00f3ximo a\u00f1o.<\/p>\n<blockquote><p>Si bien no estamos anunciando un sucesor inmediato hoy, tenga la seguridad de que este no es el final de la historia de Camaro&#8221;, dijo Scott Bell, vicepresidente de Chevrolet, en un comunicado.<\/p><\/blockquote>\n<p>Al Camaro de sexta generaci\u00f3n actual, presentado en 2016, le ha ido bien en la pista de carreras, pero las ventas han disminuido en los \u00faltimos a\u00f1os.<\/p>\n<p>Cuando sali\u00f3 la generaci\u00f3n actual de Camaro en 2016, Chevrolet vendi\u00f3 72 mil 705 de ellos. Pero a fines de 2021, ese n\u00famero cay\u00f3 casi un 70 por ciento, a 21 mil 893. Se recuper\u00f3 un poco el a\u00f1o pasado a 24 mil 652.<\/p>\n<p>GM dijo que el \u00faltimo modelo del a\u00f1o 2024 de los autos saldr\u00e1 de la l\u00ednea de ensamblaje en Lansing, Michigan, en enero.<\/p>\n<p>El portavoz Trevor Thompkins dijo que no puede decir nada m\u00e1s sobre un futuro Camaro. &#8220;No estamos diciendo nada espec\u00edfico en este momento&#8221;, dijo.<\/p>\n<p>Si GM revive el Camaro, es casi seguro que ser\u00e1 el\u00e9ctrico, dijo Stephanie Brinley, directora asociada de S&#038;P Global Mobility. &#8220;Ser\u00eda poco probable ver otro veh\u00edculo con motor de combusti\u00f3n interna&#8221;, dijo.<\/p>\n<p>GM ha dicho que planea vender solo veh\u00edculos de pasajeros el\u00e9ctricos en todo el mundo para 2035.<\/p>\n<p>Los &#8220;muscle cars&#8221; tradicionales a gasolina est\u00e1n comenzando a ser eliminados. Stellantis dejar\u00e1 de fabricar versiones a gasolina del Dodge Challenger y el Charger y el sed\u00e1n grande Chrylser 300 para fines de este a\u00f1o. Pero la compa\u00f1\u00eda tiene planes de lanzar un autom\u00f3vil de alto rendimiento Charger alimentado por bater\u00eda en alg\u00fan momento de 2024.<\/p>\n<p>Adem\u00e1s, Ford lanz\u00f3 una nueva versi\u00f3n de su auto deportivo Mustang en septiembre.<\/p>\n<p>El Camaro se introdujo por primera vez en 1966, dos a\u00f1os despu\u00e9s del popular Mustang de Ford.<\/p>\n<p>GM retir\u00f3 la placa de identificaci\u00f3n de Camaro en 2002, pero la revivi\u00f3 como un nuevo modelo de 2010 con la esperanza de atraer a entusiastas y compradores m\u00e1s j\u00f3venes. La versi\u00f3n de 2010 era similar a sus predecesoras, con un frente largo y plano y &#8220;branquias&#8221; laterales que evocan al original, sin dejar de lucir un dise\u00f1o general moderno.<\/p>\n","protected":false},"excerpt":{"rendered":"<p>DETROIT.- El Chevrolet Camaro, durante d\u00e9cadas el auto so\u00f1ado de muchos adolescentes estadounidenses, dejar\u00e1 de fabricarse. General Motors,<\/p>\n","protected":false},"author":1,"featured_media":2129,"comment_status":"closed","ping_status":"closed","sticky":false,"template":"","format":"standard","meta":{"_crdt_document":"","_jetpack_memberships_contains_paid_content":false,"footnotes":"","jetpack_publicize_message":"","jetpack_publicize_feature_enabled":true,"jetpack_social_post_already_shared":true,"jetpack_social_options":{"image_generator_settings":{"template":"highway","default_image_id":0,"font":"","enabled":false},"version":2},"_wpas_customize_per_network":false},"categories":[9],"tags":[],"class_list":["post-2128","post","type-post","status-publish","format-standard","has-post-thumbnail","hentry","category-el-mundo"],"magazineBlocksPostFeaturedMedia":{"thumbnail":"https:\/\/pornuestrolaredo.com\/wp-content\/uploads\/2023\/03\/PNL-20230322-10-150x150.jpg","medium":"https:\/\/pornuestrolaredo.com\/wp-content\/uploads\/2023\/03\/PNL-20230322-10-300x200.jpg","medium_large":"https:\/\/pornuestrolaredo.com\/wp-content\/uploads\/2023\/03\/PNL-20230322-10-768x512.jpg","large":"https:\/\/pornuestrolaredo.com\/wp-content\/uploads\/2023\/03\/PNL-20230322-10-1024x683.jpg","1536x1536":"https:\/\/pornuestrolaredo.com\/wp-content\/uploads\/2023\/03\/PNL-20230322-10.jpg","2048x2048":"https:\/\/pornuestrolaredo.com\/wp-content\/uploads\/2023\/03\/PNL-20230322-10.jpg","morenews-large":"https:\/\/pornuestrolaredo.com\/wp-content\/uploads\/2023\/03\/PNL-20230322-10.jpg","morenews-medium":"https:\/\/pornuestrolaredo.com\/wp-content\/uploads\/2023\/03\/PNL-20230322-10.jpg"},"magazineBlocksPostAuthor":{"name":"Redactor","avatar":"https:\/\/pornuestrolaredo.com\/wp-content\/litespeed\/avatar\/dca1d7ec750c399f025f23b0b314f4cf.jpg?ver=1777612120"},"magazineBlocksPostCommentsNumber":false,"magazineBlocksPostExcerpt":"DETROIT.- El Chevrolet Camaro, durante d\u00e9cadas el auto so\u00f1ado de muchos adolescentes estadounidenses, dejar\u00e1 de fabricarse. General Motors,","magazineBlocksPostCategories":["El Mundo"],"magazineBlocksPostViewCount":120,"magazineBlocksPostReadTime":3,"magazine_blocks_featured_image_url":{"full":["https:\/\/pornuestrolaredo.com\/wp-content\/uploads\/2023\/03\/PNL-20230322-10.jpg",1200,800,false],"medium":["https:\/\/pornuestrolaredo.com\/wp-content\/uploads\/2023\/03\/PNL-20230322-10-300x200.jpg",300,200,true],"thumbnail":["https:\/\/pornuestrolaredo.com\/wp-content\/uploads\/2023\/03\/PNL-20230322-10-150x150.jpg",150,150,true]},"magazine_blocks_author":{"display_name":"Redactor","author_link":"https:\/\/pornuestrolaredo.com\/?author=1"},"magazine_blocks_comment":0,"magazine_blocks_author_image":"https:\/\/pornuestrolaredo.com\/wp-content\/litespeed\/avatar\/dca1d7ec750c399f025f23b0b314f4cf.jpg?ver=1777612120","magazine_blocks_category":"<a href=\"#\" class=\"category-link category-link-9\">El Mundo<\/a>","jetpack_publicize_connections":[],"featured_image_urls":{"full":["https:\/\/pornuestrolaredo.com\/wp-content\/uploads\/2023\/03\/PNL-20230322-10.jpg",1200,800,false],"thumbnail":["https:\/\/pornuestrolaredo.com\/wp-content\/uploads\/2023\/03\/PNL-20230322-10-150x150.jpg",150,150,true],"medium":["https:\/\/pornuestrolaredo.com\/wp-content\/uploads\/2023\/03\/PNL-20230322-10-300x200.jpg",300,200,true],"medium_large":["https:\/\/pornuestrolaredo.com\/wp-content\/uploads\/2023\/03\/PNL-20230322-10-768x512.jpg",640,427,true],"large":["https:\/\/pornuestrolaredo.com\/wp-content\/uploads\/2023\/03\/PNL-20230322-10-1024x683.jpg",640,427,true],"1536x1536":["https:\/\/pornuestrolaredo.com\/wp-content\/uploads\/2023\/03\/PNL-20230322-10.jpg",1200,800,false],"2048x2048":["https:\/\/pornuestrolaredo.com\/wp-content\/uploads\/2023\/03\/PNL-20230322-10.jpg",1200,800,false],"morenews-large":["https:\/\/pornuestrolaredo.com\/wp-content\/uploads\/2023\/03\/PNL-20230322-10.jpg",825,550,false],"morenews-medium":["https:\/\/pornuestrolaredo.com\/wp-content\/uploads\/2023\/03\/PNL-20230322-10.jpg",590,393,false]},"author_info":{"info":["Redactor"]},"category_info":"<a href=\"https:\/\/pornuestrolaredo.com\/?cat=9\" rel=\"category\">El Mundo<\/a>","tag_info":"El Mundo","comment_count":"0","jetpack_featured_media_url":"https:\/\/pornuestrolaredo.com\/wp-content\/uploads\/2023\/03\/PNL-20230322-10.jpg","jetpack_sharing_enabled":true,"_links":{"self":[{"href":"https:\/\/pornuestrolaredo.com\/index.php?rest_route=\/wp\/v2\/posts\/2128","targetHints":{"allow":["GET"]}}],"collection":[{"href":"https:\/\/pornuestrolaredo.com\/index.php?rest_route=\/wp\/v2\/posts"}],"about":[{"href":"https:\/\/pornuestrolaredo.com\/index.php?rest_route=\/wp\/v2\/types\/post"}],"author":[{"embeddable":true,"href":"https:\/\/pornuestrolaredo.com\/index.php?rest_route=\/wp\/v2\/users\/1"}],"replies":[{"embeddable":true,"href":"https:\/\/pornuestrolaredo.com\/index.php?rest_route=%2Fwp%2Fv2%2Fcomments&post=2128"}],"version-history":[{"count":1,"href":"https:\/\/pornuestrolaredo.com\/index.php?rest_route=\/wp\/v2\/posts\/2128\/revisions"}],"predecessor-version":[{"id":2130,"href":"https:\/\/pornuestrolaredo.com\/index.php?rest_route=\/wp\/v2\/posts\/2128\/revisions\/2130"}],"wp:featuredmedia":[{"embeddable":true,"href":"https:\/\/pornuestrolaredo.com\/index.php?rest_route=\/wp\/v2\/media\/2129"}],"wp:attachment":[{"href":"https:\/\/pornuestrolaredo.com\/index.php?rest_route=%2Fwp%2Fv2%2Fmedia&parent=2128"}],"wp:term":[{"taxonomy":"category","embeddable":true,"href":"https:\/\/pornuestrolaredo.com\/index.php?rest_route=%2Fwp%2Fv2%2Fcategories&post=2128"},{"taxonomy":"post_tag","embeddable":true,"href":"https:\/\/pornuestrolaredo.com\/index.php?rest_route=%2Fwp%2Fv2%2Ftags&post=2128"}],"curies":[{"name":"wp","href":"https:\/\/api.w.org\/{rel}","templated":true}]}}