{"id":2131,"date":"2023-03-23T18:34:03","date_gmt":"2023-03-23T18:34:03","guid":{"rendered":"https:\/\/pornuestrolaredo.com\/?p=2131"},"modified":"2023-03-23T18:34:03","modified_gmt":"2023-03-23T18:34:03","slug":"no-se-ha-vacunado-hagalo-despues-sera-muy-caro","status":"publish","type":"post","link":"https:\/\/pornuestrolaredo.com\/?p=2131","title":{"rendered":"\u00bfNo se ha vacunado? H\u00e1galo, despu\u00e9s ser\u00e1 muy caro"},"content":{"rendered":"<p><strong>NUEVA YORK.- <\/strong>El laboratorio estadounidense Moderna inform\u00f3 ayer que su vacuna contra el Covid-19 tendr\u00e1 un costo de 130 d\u00f3lares en cuanto pase a la distribuci\u00f3n comercial a fines de a\u00f1o, m\u00e1s alto de lo que ha pagado el Gobierno de Estados Unidos por dosis.<\/p>\n<p>De acuerdo con The Wall Street Journal, el gobierno de ese pa\u00eds pag\u00f3 a Moderna entre 15 y 26 d\u00f3lares por dosis y las puso a disposici\u00f3n de la ciudadan\u00eda sin costo alguno, sin embargo, a partir de mayo la administraci\u00f3n del presidente Joe Biden dar\u00e1 por concluida la emergencia nacional por la pandemia y las ventas de vacunas se trasladar\u00e1n al mercado comercial.<\/p>\n<blockquote><p>Tratamos de pensar de manera muy razonable sobre el precio de esto, y creo que llegamos a un precio que es consistente con el valor&#8221;, dijo el presidente de Moderna, Stephen Hoge.<\/p><\/blockquote>\n<p>En Estados Unidos, para los ciudadanos que tienen seguros de gastos m\u00e9dicos es posible que los precios no aumenten sus gastos, pues es probable que sus planes no incluyan otro costo, pero las personas sin seguro podr\u00edan verse obligadas a pagar, aunque Moderna inform\u00f3 que est\u00e1 desarrollando programas de asistencia financiera.<\/p>\n<p>The Wall Street Journal inform\u00f3 en enero que Moderna estaba considerando un rango de precio comercial de entre 110 y 130 d\u00f3lares, similar a lo que Pfizer dijo que estaba considerando para la vacuna contra el Covid-19.<\/p>\n<p>El anuncio del costo de Moderna enfrenta una ola de cr\u00edticas, en especial de senadores como Bernie Sanders, quien en enero le envi\u00f3 una carta al director de Moderna St\u00e9phane Bancel pidi\u00e9ndole que reconsiderara y diciendo que la compa\u00f1\u00eda hab\u00eda recibido fondos federales para desarrollar su vacuna contra el Covid-19.<\/p>\n<p>Sanders dijo que cobrar un precio tan alto podr\u00eda poner la vacuna fuera del alcance de algunas personas y aumentar\u00eda los costos de los programas de salud del gobierno.<\/p>\n<p>Bancel sostuvo ayer un encuentro con legisladores y defendi\u00f3 el plan de la empresa de elevar el precio de su vacuna, argumentado que ya no contar\u00e1 con las compras p\u00fablicas cuando las inyecciones pasen al mercado privado.<\/p>\n<p>Explic\u00f3 que Moderna tendr\u00e1 que suministrar monodosis o jeringuillas precargadas de su vacuna cuando se introduzca al mercado y que se espera una reducci\u00f3n del 90 por ciento en la demanda. <\/p>\n<blockquote><p>Como puede ver, estamos perdiendo econom\u00edas de escala&#8221;, dijo Bancel, inform\u00f3 WSJ.<\/p><\/blockquote>\n","protected":false},"excerpt":{"rendered":"<p>Quienes necesiten protegerse contra el Covid-19 deber\u00e1n pagar a Moderna 130 d\u00f3lares por una dosis de su vacuna<\/p>\n","protected":false},"author":1,"featured_media":2132,"comment_status":"closed","ping_status":"closed","sticky":false,"template":"","format":"standard","meta":{"_crdt_document":"","_jetpack_memberships_contains_paid_content":false,"footnotes":"","jetpack_publicize_message":"","jetpack_publicize_feature_enabled":true,"jetpack_social_post_already_shared":true,"jetpack_social_options":{"image_generator_settings":{"template":"highway","default_image_id":0,"font":"","enabled":false},"version":2},"_wpas_customize_per_network":false},"categories":[9],"tags":[],"class_list":["post-2131","post","type-post","status-publish","format-standard","has-post-thumbnail","hentry","category-el-mundo"],"magazineBlocksPostFeaturedMedia":{"thumbnail":"https:\/\/pornuestrolaredo.com\/wp-content\/uploads\/2023\/03\/Stereo91-20230323-2-150x150.jpeg","medium":"https:\/\/pornuestrolaredo.com\/wp-content\/uploads\/2023\/03\/Stereo91-20230323-2-300x200.jpeg","medium_large":"https:\/\/pornuestrolaredo.com\/wp-content\/uploads\/2023\/03\/Stereo91-20230323-2-768x512.jpeg","large":"https:\/\/pornuestrolaredo.com\/wp-content\/uploads\/2023\/03\/Stereo91-20230323-2.jpeg","1536x1536":"https:\/\/pornuestrolaredo.com\/wp-content\/uploads\/2023\/03\/Stereo91-20230323-2.jpeg","2048x2048":"https:\/\/pornuestrolaredo.com\/wp-content\/uploads\/2023\/03\/Stereo91-20230323-2.jpeg","morenews-large":"https:\/\/pornuestrolaredo.com\/wp-content\/uploads\/2023\/03\/Stereo91-20230323-2.jpeg","morenews-medium":"https:\/\/pornuestrolaredo.com\/wp-content\/uploads\/2023\/03\/Stereo91-20230323-2.jpeg"},"magazineBlocksPostAuthor":{"name":"Redactor","avatar":"https:\/\/pornuestrolaredo.com\/wp-content\/litespeed\/avatar\/dca1d7ec750c399f025f23b0b314f4cf.jpg?ver=1777612120"},"magazineBlocksPostCommentsNumber":false,"magazineBlocksPostExcerpt":"Quienes necesiten protegerse contra el Covid-19 deber\u00e1n pagar a Moderna 130 d\u00f3lares por una dosis de su vacuna","magazineBlocksPostCategories":["El Mundo"],"magazineBlocksPostViewCount":125,"magazineBlocksPostReadTime":3,"magazine_blocks_featured_image_url":{"full":["https:\/\/pornuestrolaredo.com\/wp-content\/uploads\/2023\/03\/Stereo91-20230323-2.jpeg",960,640,false],"medium":["https:\/\/pornuestrolaredo.com\/wp-content\/uploads\/2023\/03\/Stereo91-20230323-2-300x200.jpeg",300,200,true],"thumbnail":["https:\/\/pornuestrolaredo.com\/wp-content\/uploads\/2023\/03\/Stereo91-20230323-2-150x150.jpeg",150,150,true]},"magazine_blocks_author":{"display_name":"Redactor","author_link":"https:\/\/pornuestrolaredo.com\/?author=1"},"magazine_blocks_comment":0,"magazine_blocks_author_image":"https:\/\/pornuestrolaredo.com\/wp-content\/litespeed\/avatar\/dca1d7ec750c399f025f23b0b314f4cf.jpg?ver=1777612120","magazine_blocks_category":"<a href=\"#\" class=\"category-link category-link-9\">El Mundo<\/a>","jetpack_publicize_connections":[],"featured_image_urls":{"full":["https:\/\/pornuestrolaredo.com\/wp-content\/uploads\/2023\/03\/Stereo91-20230323-2.jpeg",960,640,false],"thumbnail":["https:\/\/pornuestrolaredo.com\/wp-content\/uploads\/2023\/03\/Stereo91-20230323-2-150x150.jpeg",150,150,true],"medium":["https:\/\/pornuestrolaredo.com\/wp-content\/uploads\/2023\/03\/Stereo91-20230323-2-300x200.jpeg",300,200,true],"medium_large":["https:\/\/pornuestrolaredo.com\/wp-content\/uploads\/2023\/03\/Stereo91-20230323-2-768x512.jpeg",640,427,true],"large":["https:\/\/pornuestrolaredo.com\/wp-content\/uploads\/2023\/03\/Stereo91-20230323-2.jpeg",640,427,false],"1536x1536":["https:\/\/pornuestrolaredo.com\/wp-content\/uploads\/2023\/03\/Stereo91-20230323-2.jpeg",960,640,false],"2048x2048":["https:\/\/pornuestrolaredo.com\/wp-content\/uploads\/2023\/03\/Stereo91-20230323-2.jpeg",960,640,false],"morenews-large":["https:\/\/pornuestrolaredo.com\/wp-content\/uploads\/2023\/03\/Stereo91-20230323-2.jpeg",825,550,false],"morenews-medium":["https:\/\/pornuestrolaredo.com\/wp-content\/uploads\/2023\/03\/Stereo91-20230323-2.jpeg",590,393,false]},"author_info":{"info":["Redactor"]},"category_info":"<a href=\"https:\/\/pornuestrolaredo.com\/?cat=9\" rel=\"category\">El Mundo<\/a>","tag_info":"El Mundo","comment_count":"0","jetpack_featured_media_url":"https:\/\/pornuestrolaredo.com\/wp-content\/uploads\/2023\/03\/Stereo91-20230323-2.jpeg","jetpack_sharing_enabled":true,"_links":{"self":[{"href":"https:\/\/pornuestrolaredo.com\/index.php?rest_route=\/wp\/v2\/posts\/2131","targetHints":{"allow":["GET"]}}],"collection":[{"href":"https:\/\/pornuestrolaredo.com\/index.php?rest_route=\/wp\/v2\/posts"}],"about":[{"href":"https:\/\/pornuestrolaredo.com\/index.php?rest_route=\/wp\/v2\/types\/post"}],"author":[{"embeddable":true,"href":"https:\/\/pornuestrolaredo.com\/index.php?rest_route=\/wp\/v2\/users\/1"}],"replies":[{"embeddable":true,"href":"https:\/\/pornuestrolaredo.com\/index.php?rest_route=%2Fwp%2Fv2%2Fcomments&post=2131"}],"version-history":[{"count":1,"href":"https:\/\/pornuestrolaredo.com\/index.php?rest_route=\/wp\/v2\/posts\/2131\/revisions"}],"predecessor-version":[{"id":2133,"href":"https:\/\/pornuestrolaredo.com\/index.php?rest_route=\/wp\/v2\/posts\/2131\/revisions\/2133"}],"wp:featuredmedia":[{"embeddable":true,"href":"https:\/\/pornuestrolaredo.com\/index.php?rest_route=\/wp\/v2\/media\/2132"}],"wp:attachment":[{"href":"https:\/\/pornuestrolaredo.com\/index.php?rest_route=%2Fwp%2Fv2%2Fmedia&parent=2131"}],"wp:term":[{"taxonomy":"category","embeddable":true,"href":"https:\/\/pornuestrolaredo.com\/index.php?rest_route=%2Fwp%2Fv2%2Fcategories&post=2131"},{"taxonomy":"post_tag","embeddable":true,"href":"https:\/\/pornuestrolaredo.com\/index.php?rest_route=%2Fwp%2Fv2%2Ftags&post=2131"}],"curies":[{"name":"wp","href":"https:\/\/api.w.org\/{rel}","templated":true}]}}