{"id":2134,"date":"2023-03-23T19:17:08","date_gmt":"2023-03-23T19:17:08","guid":{"rendered":"https:\/\/pornuestrolaredo.com\/?p=2134"},"modified":"2023-03-23T19:17:08","modified_gmt":"2023-03-23T19:17:08","slug":"firman-estado-y-municipio-acuerdo-sobre-derechos-humanos","status":"publish","type":"post","link":"https:\/\/pornuestrolaredo.com\/?p=2134","title":{"rendered":"Firman Estado y Municipio acuerdo sobre Derechos Humanos"},"content":{"rendered":"<p><strong>NUEVO LAREDO.-<\/strong> La Comisi\u00f3n de los Derechos Humanos en el Estado de Tamaulipas (CODHET) junto al Gobierno Municipal realizaron la firma de un convenio de colaboraci\u00f3n para capacitar a los servidores p\u00fablicos con temas diversos para que brinden una mejor atenci\u00f3n a los neolaredenses.<\/p>\n<p>Con este acuerdo, Nuevo Laredo se suma a 29 municipios de Tamaulipas que tambi\u00e9n firmaron el convenio y con ello mejorar la calidad de atenci\u00f3n en materia de respeto a los derechos humanos de los tamaulipecos.<\/p>\n<p>La alcaldesa Carmen Lilia Canturosas Villarreal, recalc\u00f3 la importancia de este convenio que viene a fortalecer la labor de los servidores p\u00fablicos y que adem\u00e1s se suma a las iniciativas del gobernador Am\u00e9rico Villarreal Anaya, para brindar a los tamaulipecos una atenci\u00f3n humana, eficiente y efectiva.<\/p>\n<blockquote><p>Para nosotros es muy importante dirigirnos con respeto a los ciudadanos y saber c\u00f3mo atenderlos, con este acuerdo canalizaremos las capacitaciones necesarias para mejorar nuestro sistema y contribuir a tener un mejor desempe\u00f1o en atenci\u00f3n\u201d, reiter\u00f3.<\/p><\/blockquote>\n<p>Destac\u00f3 que la Administraci\u00f3n Municipal trabaja mediante diversos programas para lograr mejorar la calidad de vida de los neolaredenses y con estos acuerdos se lograr\u00e1 cumplir los objetivos que no solo favorece a las personas, tambi\u00e9n a los animales que habitan la ciudad.<\/p>\n<p>La presidenta de la CODHET Olivia Lemus, explic\u00f3 que por conducto del convenio se capacitar\u00e1 al personal municipal con la finalidad de trabajar de forma transversal la defensa, promoci\u00f3n y educaci\u00f3n de los derechos humanos.<\/p>\n<blockquote><p>Aqu\u00ed nos recibieron con las puertas abiertas porque el gobierno municipal entiende que lo primordial es el bienestar de los que habitan Nuevo Laredo, agradezco el apoyo y la colaboraci\u00f3n que recibimos de parte de la alcaldesa y su equipo\u201d, destac\u00f3. <\/p><\/blockquote>\n<p>Inform\u00f3 que tambi\u00e9n se buscar\u00e1 la manera de brindar capacitaciones en el sector estudiantil con temas como prevenci\u00f3n de bullying, acoso sexual, entre otros.<\/p>\n","protected":false},"excerpt":{"rendered":"<p>El convenio es para capacitar a los servidores p\u00fablicos con temas diversos para que brinden una mejor atenci\u00f3n a los neolaredenses<\/p>\n","protected":false},"author":1,"featured_media":2135,"comment_status":"closed","ping_status":"closed","sticky":false,"template":"","format":"standard","meta":{"_crdt_document":"","_jetpack_memberships_contains_paid_content":false,"footnotes":"","jetpack_publicize_message":"","jetpack_publicize_feature_enabled":true,"jetpack_social_post_already_shared":true,"jetpack_social_options":{"image_generator_settings":{"template":"highway","default_image_id":0,"font":"","enabled":false},"version":2},"_wpas_customize_per_network":false},"categories":[4],"tags":[],"class_list":["post-2134","post","type-post","status-publish","format-standard","has-post-thumbnail","hentry","category-los-dos-laredos"],"magazineBlocksPostFeaturedMedia":{"thumbnail":"https:\/\/pornuestrolaredo.com\/wp-content\/uploads\/2023\/03\/PNL-20230323-4-150x150.jpg","medium":"https:\/\/pornuestrolaredo.com\/wp-content\/uploads\/2023\/03\/PNL-20230323-4-300x153.jpg","medium_large":"https:\/\/pornuestrolaredo.com\/wp-content\/uploads\/2023\/03\/PNL-20230323-4-768x392.jpg","large":"https:\/\/pornuestrolaredo.com\/wp-content\/uploads\/2023\/03\/PNL-20230323-4-1024x522.jpg","1536x1536":"https:\/\/pornuestrolaredo.com\/wp-content\/uploads\/2023\/03\/PNL-20230323-4.jpg","2048x2048":"https:\/\/pornuestrolaredo.com\/wp-content\/uploads\/2023\/03\/PNL-20230323-4.jpg","morenews-large":"https:\/\/pornuestrolaredo.com\/wp-content\/uploads\/2023\/03\/PNL-20230323-4.jpg","morenews-medium":"https:\/\/pornuestrolaredo.com\/wp-content\/uploads\/2023\/03\/PNL-20230323-4.jpg"},"magazineBlocksPostAuthor":{"name":"Redactor","avatar":"https:\/\/pornuestrolaredo.com\/wp-content\/litespeed\/avatar\/dca1d7ec750c399f025f23b0b314f4cf.jpg?ver=1777612120"},"magazineBlocksPostCommentsNumber":false,"magazineBlocksPostExcerpt":"El convenio es para capacitar a los servidores p\u00fablicos con temas diversos para que brinden una mejor atenci\u00f3n a los neolaredenses","magazineBlocksPostCategories":["Los dos Laredos"],"magazineBlocksPostViewCount":143,"magazineBlocksPostReadTime":2,"magazine_blocks_featured_image_url":{"full":["https:\/\/pornuestrolaredo.com\/wp-content\/uploads\/2023\/03\/PNL-20230323-4.jpg",1280,653,false],"medium":["https:\/\/pornuestrolaredo.com\/wp-content\/uploads\/2023\/03\/PNL-20230323-4-300x153.jpg",300,153,true],"thumbnail":["https:\/\/pornuestrolaredo.com\/wp-content\/uploads\/2023\/03\/PNL-20230323-4-150x150.jpg",150,150,true]},"magazine_blocks_author":{"display_name":"Redactor","author_link":"https:\/\/pornuestrolaredo.com\/?author=1"},"magazine_blocks_comment":0,"magazine_blocks_author_image":"https:\/\/pornuestrolaredo.com\/wp-content\/litespeed\/avatar\/dca1d7ec750c399f025f23b0b314f4cf.jpg?ver=1777612120","magazine_blocks_category":"<a href=\"#\" class=\"category-link category-link-4\">Los dos Laredos<\/a>","jetpack_publicize_connections":[],"featured_image_urls":{"full":["https:\/\/pornuestrolaredo.com\/wp-content\/uploads\/2023\/03\/PNL-20230323-4.jpg",1280,653,false],"thumbnail":["https:\/\/pornuestrolaredo.com\/wp-content\/uploads\/2023\/03\/PNL-20230323-4-150x150.jpg",150,150,true],"medium":["https:\/\/pornuestrolaredo.com\/wp-content\/uploads\/2023\/03\/PNL-20230323-4-300x153.jpg",300,153,true],"medium_large":["https:\/\/pornuestrolaredo.com\/wp-content\/uploads\/2023\/03\/PNL-20230323-4-768x392.jpg",640,327,true],"large":["https:\/\/pornuestrolaredo.com\/wp-content\/uploads\/2023\/03\/PNL-20230323-4-1024x522.jpg",640,326,true],"1536x1536":["https:\/\/pornuestrolaredo.com\/wp-content\/uploads\/2023\/03\/PNL-20230323-4.jpg",1280,653,false],"2048x2048":["https:\/\/pornuestrolaredo.com\/wp-content\/uploads\/2023\/03\/PNL-20230323-4.jpg",1280,653,false],"morenews-large":["https:\/\/pornuestrolaredo.com\/wp-content\/uploads\/2023\/03\/PNL-20230323-4.jpg",825,421,false],"morenews-medium":["https:\/\/pornuestrolaredo.com\/wp-content\/uploads\/2023\/03\/PNL-20230323-4.jpg",590,301,false]},"author_info":{"info":["Redactor"]},"category_info":"<a href=\"https:\/\/pornuestrolaredo.com\/?cat=4\" rel=\"category\">Los dos Laredos<\/a>","tag_info":"Los dos Laredos","comment_count":"0","jetpack_featured_media_url":"https:\/\/pornuestrolaredo.com\/wp-content\/uploads\/2023\/03\/PNL-20230323-4.jpg","jetpack_sharing_enabled":true,"_links":{"self":[{"href":"https:\/\/pornuestrolaredo.com\/index.php?rest_route=\/wp\/v2\/posts\/2134","targetHints":{"allow":["GET"]}}],"collection":[{"href":"https:\/\/pornuestrolaredo.com\/index.php?rest_route=\/wp\/v2\/posts"}],"about":[{"href":"https:\/\/pornuestrolaredo.com\/index.php?rest_route=\/wp\/v2\/types\/post"}],"author":[{"embeddable":true,"href":"https:\/\/pornuestrolaredo.com\/index.php?rest_route=\/wp\/v2\/users\/1"}],"replies":[{"embeddable":true,"href":"https:\/\/pornuestrolaredo.com\/index.php?rest_route=%2Fwp%2Fv2%2Fcomments&post=2134"}],"version-history":[{"count":1,"href":"https:\/\/pornuestrolaredo.com\/index.php?rest_route=\/wp\/v2\/posts\/2134\/revisions"}],"predecessor-version":[{"id":2136,"href":"https:\/\/pornuestrolaredo.com\/index.php?rest_route=\/wp\/v2\/posts\/2134\/revisions\/2136"}],"wp:featuredmedia":[{"embeddable":true,"href":"https:\/\/pornuestrolaredo.com\/index.php?rest_route=\/wp\/v2\/media\/2135"}],"wp:attachment":[{"href":"https:\/\/pornuestrolaredo.com\/index.php?rest_route=%2Fwp%2Fv2%2Fmedia&parent=2134"}],"wp:term":[{"taxonomy":"category","embeddable":true,"href":"https:\/\/pornuestrolaredo.com\/index.php?rest_route=%2Fwp%2Fv2%2Fcategories&post=2134"},{"taxonomy":"post_tag","embeddable":true,"href":"https:\/\/pornuestrolaredo.com\/index.php?rest_route=%2Fwp%2Fv2%2Ftags&post=2134"}],"curies":[{"name":"wp","href":"https:\/\/api.w.org\/{rel}","templated":true}]}}