{"id":2137,"date":"2023-03-23T19:32:57","date_gmt":"2023-03-23T19:32:57","guid":{"rendered":"https:\/\/pornuestrolaredo.com\/?p=2137"},"modified":"2023-03-23T19:32:57","modified_gmt":"2023-03-23T19:32:57","slug":"amplian-tres-meses-plazo-para-regularizar-chocolates","status":"publish","type":"post","link":"https:\/\/pornuestrolaredo.com\/?p=2137","title":{"rendered":"Ampl\u00edan tres meses plazo para regularizar \u2018chocolates\u2019"},"content":{"rendered":"<p><strong><em>CIUDAD DE M\u00c9XICO.- <\/em><\/strong>El Gobierno de Andr\u00e9s Manuel L\u00f3pez Obrador ampli\u00f3 tres meses, hasta junio, el plazo para regularizar los autos de procedencia extranjera conocidos como &#8220;chocolate&#8221;.<\/p>\n<blockquote><p>Se va a ampliar el plazo para la regularizaci\u00f3n de los carros extranjeros, tres meses m\u00e1s&#8221;, anunci\u00f3 el Mandatario federal.<\/p><\/blockquote>\n<blockquote><p>Se ampl\u00eda tres meses la regularizaci\u00f3n de carros extranjeros, esto se hace porque nos ayuda en el tema de la seguridad, el tener el registro. Hay delitos que se cometen en estos veh\u00edculos y no podemos identificar a sus aut\u00e9nticos due\u00f1os porque no est\u00e1n registrados, porque los ingresaron y luego los vendieron, cambio de propiedad y luego se los roban y le dan mal uso&#8221;, agreg\u00f3.<\/p><\/blockquote>\n<p>El Jefe del Ejecutivo destac\u00f3 que estos veh\u00edculos ayudan mucho a la gente porque son de bajo costo y el dinero obtenido por el tr\u00e1mite es destinado a acciones de bacheo en municipios de las entidades participantes.<\/p>\n<blockquote><p>Se usan para llevar a los hijos a la escuela o para labores del campo en caso de camionetas y no son caros para la gente, muchos paisanos ayudan a sus familiares de esa manera y tambi\u00e9n es un ingreso para los gobiernos estatales y municipales, con el prop\u00f3sito de que compongan sus calles, que no haya baches, entonces tres meses m\u00e1s y vamos a analizarlo otro&#8221;, declar\u00f3.<\/p><\/blockquote>\n<p>Esta es la tercera ocasi\u00f3n que el Gobierno federal ampl\u00eda el plazo para la regularizaci\u00f3n de este tipo de veh\u00edculos.<\/p>\n<p>En septiembre de 2022, antes de que venciera el plazo inicial, se public\u00f3 la primera ampliaci\u00f3n para permitir la realizaci\u00f3n del tr\u00e1mite hasta el 31 de diciembre.<\/p>\n<p>La segunda ampliaci\u00f3n se formaliz\u00f3 en diciembre pasado, previo al vencimiento del nuevo plazo.<\/p>\n<p>En un decreto publicado en el Diario Oficial de la Federaci\u00f3n, se dispuso que el nuevo plazo corriera del 1 de enero al 31 de marzo de 2023.<\/p>\n<p>Con la ampliaci\u00f3n, la ciudadan\u00eda tiene hasta el el 30 de junio para regularizar su veh\u00edculo \u201cchocolate\u201d.<\/p>\n<p>El argumento esgrimido entonces para extender el periodo fue que el programa ha sido eficaz y ha tenido &#8220;grandes&#8221; resultados.<\/p>\n<p>El programa de regularizaci\u00f3n se aplica en Baja California, Baja California Sur, Chihuahua, Coahuila, Durango, Jalisco, Michoac\u00e1n, Nayarit, Nuevo Le\u00f3n, Puebla, Sinaloa, Sonora, Tamaulipas y Zacatecas.<\/p>\n<p>De acuerdo con cifras oficiales, desde marzo del a\u00f1o pasado se han regularizado m\u00e1s de un mill\u00f3n veh\u00edculos en dichas entidades y se recaudaron m\u00e1s de 2 mil millones de pesos. Con dicho programa se busca otorgar certeza jur\u00eddica, proteger el patrimonio familiar, garantizar la seguridad p\u00fablica y evitar la comisi\u00f3n de delitos.<\/p>\n","protected":false},"excerpt":{"rendered":"<p>CIUDAD DE M\u00c9XICO.- El Gobierno de Andr\u00e9s Manuel L\u00f3pez Obrador ampli\u00f3 tres meses, hasta junio, el plazo para<\/p>\n","protected":false},"author":1,"featured_media":2138,"comment_status":"closed","ping_status":"closed","sticky":false,"template":"","format":"standard","meta":{"_crdt_document":"","_jetpack_memberships_contains_paid_content":false,"footnotes":"","jetpack_publicize_message":"","jetpack_publicize_feature_enabled":true,"jetpack_social_post_already_shared":true,"jetpack_social_options":{"image_generator_settings":{"template":"highway","default_image_id":0,"font":"","enabled":false},"version":2},"_wpas_customize_per_network":false},"categories":[33],"tags":[],"class_list":["post-2137","post","type-post","status-publish","format-standard","has-post-thumbnail","hentry","category-mexico"],"magazineBlocksPostFeaturedMedia":{"thumbnail":"https:\/\/pornuestrolaredo.com\/wp-content\/uploads\/2023\/03\/Stereo91-20230323-3-150x150.jpg","medium":"https:\/\/pornuestrolaredo.com\/wp-content\/uploads\/2023\/03\/Stereo91-20230323-3-300x162.jpg","medium_large":"https:\/\/pornuestrolaredo.com\/wp-content\/uploads\/2023\/03\/Stereo91-20230323-3-768x415.jpg","large":"https:\/\/pornuestrolaredo.com\/wp-content\/uploads\/2023\/03\/Stereo91-20230323-3.jpg","1536x1536":"https:\/\/pornuestrolaredo.com\/wp-content\/uploads\/2023\/03\/Stereo91-20230323-3.jpg","2048x2048":"https:\/\/pornuestrolaredo.com\/wp-content\/uploads\/2023\/03\/Stereo91-20230323-3.jpg","morenews-large":"https:\/\/pornuestrolaredo.com\/wp-content\/uploads\/2023\/03\/Stereo91-20230323-3.jpg","morenews-medium":"https:\/\/pornuestrolaredo.com\/wp-content\/uploads\/2023\/03\/Stereo91-20230323-3.jpg"},"magazineBlocksPostAuthor":{"name":"Redactor","avatar":"https:\/\/pornuestrolaredo.com\/wp-content\/litespeed\/avatar\/dca1d7ec750c399f025f23b0b314f4cf.jpg?ver=1777612120"},"magazineBlocksPostCommentsNumber":false,"magazineBlocksPostExcerpt":"CIUDAD DE M\u00c9XICO.- El Gobierno de Andr\u00e9s Manuel L\u00f3pez Obrador ampli\u00f3 tres meses, hasta junio, el plazo para","magazineBlocksPostCategories":["Mexico"],"magazineBlocksPostViewCount":140,"magazineBlocksPostReadTime":3,"magazine_blocks_featured_image_url":{"full":["https:\/\/pornuestrolaredo.com\/wp-content\/uploads\/2023\/03\/Stereo91-20230323-3.jpg",1000,541,false],"medium":["https:\/\/pornuestrolaredo.com\/wp-content\/uploads\/2023\/03\/Stereo91-20230323-3-300x162.jpg",300,162,true],"thumbnail":["https:\/\/pornuestrolaredo.com\/wp-content\/uploads\/2023\/03\/Stereo91-20230323-3-150x150.jpg",150,150,true]},"magazine_blocks_author":{"display_name":"Redactor","author_link":"https:\/\/pornuestrolaredo.com\/?author=1"},"magazine_blocks_comment":0,"magazine_blocks_author_image":"https:\/\/pornuestrolaredo.com\/wp-content\/litespeed\/avatar\/dca1d7ec750c399f025f23b0b314f4cf.jpg?ver=1777612120","magazine_blocks_category":"<a href=\"#\" class=\"category-link category-link-33\">Mexico<\/a>","jetpack_publicize_connections":[],"featured_image_urls":{"full":["https:\/\/pornuestrolaredo.com\/wp-content\/uploads\/2023\/03\/Stereo91-20230323-3.jpg",1000,541,false],"thumbnail":["https:\/\/pornuestrolaredo.com\/wp-content\/uploads\/2023\/03\/Stereo91-20230323-3-150x150.jpg",150,150,true],"medium":["https:\/\/pornuestrolaredo.com\/wp-content\/uploads\/2023\/03\/Stereo91-20230323-3-300x162.jpg",300,162,true],"medium_large":["https:\/\/pornuestrolaredo.com\/wp-content\/uploads\/2023\/03\/Stereo91-20230323-3-768x415.jpg",640,346,true],"large":["https:\/\/pornuestrolaredo.com\/wp-content\/uploads\/2023\/03\/Stereo91-20230323-3.jpg",640,346,false],"1536x1536":["https:\/\/pornuestrolaredo.com\/wp-content\/uploads\/2023\/03\/Stereo91-20230323-3.jpg",1000,541,false],"2048x2048":["https:\/\/pornuestrolaredo.com\/wp-content\/uploads\/2023\/03\/Stereo91-20230323-3.jpg",1000,541,false],"morenews-large":["https:\/\/pornuestrolaredo.com\/wp-content\/uploads\/2023\/03\/Stereo91-20230323-3.jpg",825,446,false],"morenews-medium":["https:\/\/pornuestrolaredo.com\/wp-content\/uploads\/2023\/03\/Stereo91-20230323-3.jpg",590,319,false]},"author_info":{"info":["Redactor"]},"category_info":"<a href=\"https:\/\/pornuestrolaredo.com\/?cat=33\" rel=\"category\">Mexico<\/a>","tag_info":"Mexico","comment_count":"0","jetpack_featured_media_url":"https:\/\/pornuestrolaredo.com\/wp-content\/uploads\/2023\/03\/Stereo91-20230323-3.jpg","jetpack_sharing_enabled":true,"_links":{"self":[{"href":"https:\/\/pornuestrolaredo.com\/index.php?rest_route=\/wp\/v2\/posts\/2137","targetHints":{"allow":["GET"]}}],"collection":[{"href":"https:\/\/pornuestrolaredo.com\/index.php?rest_route=\/wp\/v2\/posts"}],"about":[{"href":"https:\/\/pornuestrolaredo.com\/index.php?rest_route=\/wp\/v2\/types\/post"}],"author":[{"embeddable":true,"href":"https:\/\/pornuestrolaredo.com\/index.php?rest_route=\/wp\/v2\/users\/1"}],"replies":[{"embeddable":true,"href":"https:\/\/pornuestrolaredo.com\/index.php?rest_route=%2Fwp%2Fv2%2Fcomments&post=2137"}],"version-history":[{"count":1,"href":"https:\/\/pornuestrolaredo.com\/index.php?rest_route=\/wp\/v2\/posts\/2137\/revisions"}],"predecessor-version":[{"id":2139,"href":"https:\/\/pornuestrolaredo.com\/index.php?rest_route=\/wp\/v2\/posts\/2137\/revisions\/2139"}],"wp:featuredmedia":[{"embeddable":true,"href":"https:\/\/pornuestrolaredo.com\/index.php?rest_route=\/wp\/v2\/media\/2138"}],"wp:attachment":[{"href":"https:\/\/pornuestrolaredo.com\/index.php?rest_route=%2Fwp%2Fv2%2Fmedia&parent=2137"}],"wp:term":[{"taxonomy":"category","embeddable":true,"href":"https:\/\/pornuestrolaredo.com\/index.php?rest_route=%2Fwp%2Fv2%2Fcategories&post=2137"},{"taxonomy":"post_tag","embeddable":true,"href":"https:\/\/pornuestrolaredo.com\/index.php?rest_route=%2Fwp%2Fv2%2Ftags&post=2137"}],"curies":[{"name":"wp","href":"https:\/\/api.w.org\/{rel}","templated":true}]}}