{"id":2140,"date":"2023-03-25T02:01:23","date_gmt":"2023-03-25T02:01:23","guid":{"rendered":"https:\/\/pornuestrolaredo.com\/?p=2140"},"modified":"2023-03-25T02:01:23","modified_gmt":"2023-03-25T02:01:23","slug":"se-suma-nld-a-iniciativa-del-gobernador-para-cuidado-del-agua","status":"publish","type":"post","link":"https:\/\/pornuestrolaredo.com\/?p=2140","title":{"rendered":"Se suma NLD a iniciativa del gobernador para cuidado del agua"},"content":{"rendered":"<p><strong>CIUDAD VICTORIA.- <\/strong>El gobernador Am\u00e9rico Villarreal Anaya, junto a senadores, alcaldes, diputados y gerentes de las diversas COMAPA en el Estado, inaugur\u00f3 los trabajos del Primer Encuentro para la Presentaci\u00f3n de la Agenda del Agua de Tamaulipas 2022-2028 con la finalidad de generar acciones para preservar el vital l\u00edquido.<\/p>\n<p>Villarreal Anaya exhort\u00f3 a la ciudadan\u00eda a tomar conciencia de esta iniciativa, sumarse a ella para evitar el desperdicio del recurso natural y as\u00ed brindar un futuro sustentable a las nuevas generaciones de tamaulipecos y mexicanos.<\/p>\n<blockquote><p>En materia de agua enfrentamos una situaci\u00f3n compleja, un escenario que nos exige mucho m\u00e1s, para poner orden y alcanzar cuencas y acu\u00edferos\u00a0 en equilibrio, para que Tamaulipas sea una entidad con r\u00edos m\u00e1s limpios, para dar garant\u00eda de que el derecho humano al acceso al agua potable sea efectivo y llegue a todas partes y a todos los familias\u201d, declar\u00f3 el mandatario.<\/p><\/blockquote>\n<p>El gobernador explic\u00f3 que la Agenda de Agua proyecta respuestas y es una gu\u00eda que identifica los cambios que se deben incorporar a la pol\u00edtica en la materia, adem\u00e1s plantea alternativas de soluci\u00f3n y traza el camino de\u00a0 hacia d\u00f3nde deben orientar los gobiernos la inversi\u00f3n y obras.<\/p>\n<p>La alcaldesa Carmen Lilia Canturosas Villarreal, a pesar de que el sem\u00e1foro del agua en el estado cataloga a Nuevo Laredo sin problemas de sequ\u00eda, se comprometi\u00f3 a continuar con las acciones que lleva a cabo desde el inicio de su gobierno para proteger y preservar el r\u00edo Bravo, principal fuente de agua para la frontera tamaulipeca.<\/p>\n<blockquote><p>En nuestra ciudad ya trabajamos para mantener y preservar este recurso natural que es vital para la vida cotidiana, a trav\u00e9s de una inversi\u00f3n millonaria, rescatamos los colectores pluviales y sanitarios que a su vez contribuyen al saneamiento del R\u00edo Bravo y libramos de contaminantes ese cuerpo de agua que no solo favorece a M\u00e9xico, tambi\u00e9n lo hace en el lado americano\u201d, destac\u00f3.<\/p><\/blockquote>\n<p>Recalc\u00f3 que es un compromiso internacional que transformar\u00e1 el bienestar del municipio y que beneficiar\u00e1 a los ciudadanos, as\u00ed como al medio ambiente de la regi\u00f3n de los Dos Laredos y ciudades aleda\u00f1as al Bravo. En la actualidad, Tamaulipas cuenta con la \u00fanica regi\u00f3n hidrol\u00f3gico-administrativa con disponibilidad de agua, lo que es una gran ventaja competitiva para el Estado porque se cuenta con cantidades suficientes para el consumo humano, agricultura e industria y llevar agua a las regiones donde se necesita.<\/p>\n","protected":false},"excerpt":{"rendered":"<p>Alcaldesa se compromete a cuidar el r\u00edo Bravo, para preservar el vital recurso<\/p>\n","protected":false},"author":1,"featured_media":2141,"comment_status":"closed","ping_status":"closed","sticky":false,"template":"","format":"standard","meta":{"_crdt_document":"","_jetpack_memberships_contains_paid_content":false,"footnotes":"","jetpack_publicize_message":"","jetpack_publicize_feature_enabled":true,"jetpack_social_post_already_shared":true,"jetpack_social_options":{"image_generator_settings":{"template":"highway","default_image_id":0,"font":"","enabled":false},"version":2},"_wpas_customize_per_network":false},"categories":[11],"tags":[],"class_list":["post-2140","post","type-post","status-publish","format-standard","has-post-thumbnail","hentry","category-tamaulipas"],"magazineBlocksPostFeaturedMedia":{"thumbnail":"https:\/\/pornuestrolaredo.com\/wp-content\/uploads\/2023\/03\/Agua-Ava-CLCR-1-150x150.jpg","medium":"https:\/\/pornuestrolaredo.com\/wp-content\/uploads\/2023\/03\/Agua-Ava-CLCR-1-300x200.jpg","medium_large":"https:\/\/pornuestrolaredo.com\/wp-content\/uploads\/2023\/03\/Agua-Ava-CLCR-1-768x512.jpg","large":"https:\/\/pornuestrolaredo.com\/wp-content\/uploads\/2023\/03\/Agua-Ava-CLCR-1-1024x682.jpg","1536x1536":"https:\/\/pornuestrolaredo.com\/wp-content\/uploads\/2023\/03\/Agua-Ava-CLCR-1.jpg","2048x2048":"https:\/\/pornuestrolaredo.com\/wp-content\/uploads\/2023\/03\/Agua-Ava-CLCR-1.jpg","morenews-large":"https:\/\/pornuestrolaredo.com\/wp-content\/uploads\/2023\/03\/Agua-Ava-CLCR-1.jpg","morenews-medium":"https:\/\/pornuestrolaredo.com\/wp-content\/uploads\/2023\/03\/Agua-Ava-CLCR-1.jpg"},"magazineBlocksPostAuthor":{"name":"Redactor","avatar":"https:\/\/pornuestrolaredo.com\/wp-content\/litespeed\/avatar\/dca1d7ec750c399f025f23b0b314f4cf.jpg?ver=1777612120"},"magazineBlocksPostCommentsNumber":false,"magazineBlocksPostExcerpt":"Alcaldesa se compromete a cuidar el r\u00edo Bravo, para preservar el vital recurso","magazineBlocksPostCategories":["Tamaulipas"],"magazineBlocksPostViewCount":162,"magazineBlocksPostReadTime":3,"magazine_blocks_featured_image_url":{"full":["https:\/\/pornuestrolaredo.com\/wp-content\/uploads\/2023\/03\/Agua-Ava-CLCR-1.jpg",1280,853,false],"medium":["https:\/\/pornuestrolaredo.com\/wp-content\/uploads\/2023\/03\/Agua-Ava-CLCR-1-300x200.jpg",300,200,true],"thumbnail":["https:\/\/pornuestrolaredo.com\/wp-content\/uploads\/2023\/03\/Agua-Ava-CLCR-1-150x150.jpg",150,150,true]},"magazine_blocks_author":{"display_name":"Redactor","author_link":"https:\/\/pornuestrolaredo.com\/?author=1"},"magazine_blocks_comment":0,"magazine_blocks_author_image":"https:\/\/pornuestrolaredo.com\/wp-content\/litespeed\/avatar\/dca1d7ec750c399f025f23b0b314f4cf.jpg?ver=1777612120","magazine_blocks_category":"<a href=\"#\" class=\"category-link category-link-11\">Tamaulipas<\/a>","jetpack_publicize_connections":[],"featured_image_urls":{"full":["https:\/\/pornuestrolaredo.com\/wp-content\/uploads\/2023\/03\/Agua-Ava-CLCR-1.jpg",1280,853,false],"thumbnail":["https:\/\/pornuestrolaredo.com\/wp-content\/uploads\/2023\/03\/Agua-Ava-CLCR-1-150x150.jpg",150,150,true],"medium":["https:\/\/pornuestrolaredo.com\/wp-content\/uploads\/2023\/03\/Agua-Ava-CLCR-1-300x200.jpg",300,200,true],"medium_large":["https:\/\/pornuestrolaredo.com\/wp-content\/uploads\/2023\/03\/Agua-Ava-CLCR-1-768x512.jpg",640,427,true],"large":["https:\/\/pornuestrolaredo.com\/wp-content\/uploads\/2023\/03\/Agua-Ava-CLCR-1-1024x682.jpg",640,426,true],"1536x1536":["https:\/\/pornuestrolaredo.com\/wp-content\/uploads\/2023\/03\/Agua-Ava-CLCR-1.jpg",1280,853,false],"2048x2048":["https:\/\/pornuestrolaredo.com\/wp-content\/uploads\/2023\/03\/Agua-Ava-CLCR-1.jpg",1280,853,false],"morenews-large":["https:\/\/pornuestrolaredo.com\/wp-content\/uploads\/2023\/03\/Agua-Ava-CLCR-1.jpg",825,550,false],"morenews-medium":["https:\/\/pornuestrolaredo.com\/wp-content\/uploads\/2023\/03\/Agua-Ava-CLCR-1.jpg",590,393,false]},"author_info":{"info":["Redactor"]},"category_info":"<a href=\"https:\/\/pornuestrolaredo.com\/?cat=11\" rel=\"category\">Tamaulipas<\/a>","tag_info":"Tamaulipas","comment_count":"0","jetpack_featured_media_url":"https:\/\/pornuestrolaredo.com\/wp-content\/uploads\/2023\/03\/Agua-Ava-CLCR-1.jpg","jetpack_sharing_enabled":true,"_links":{"self":[{"href":"https:\/\/pornuestrolaredo.com\/index.php?rest_route=\/wp\/v2\/posts\/2140","targetHints":{"allow":["GET"]}}],"collection":[{"href":"https:\/\/pornuestrolaredo.com\/index.php?rest_route=\/wp\/v2\/posts"}],"about":[{"href":"https:\/\/pornuestrolaredo.com\/index.php?rest_route=\/wp\/v2\/types\/post"}],"author":[{"embeddable":true,"href":"https:\/\/pornuestrolaredo.com\/index.php?rest_route=\/wp\/v2\/users\/1"}],"replies":[{"embeddable":true,"href":"https:\/\/pornuestrolaredo.com\/index.php?rest_route=%2Fwp%2Fv2%2Fcomments&post=2140"}],"version-history":[{"count":1,"href":"https:\/\/pornuestrolaredo.com\/index.php?rest_route=\/wp\/v2\/posts\/2140\/revisions"}],"predecessor-version":[{"id":2142,"href":"https:\/\/pornuestrolaredo.com\/index.php?rest_route=\/wp\/v2\/posts\/2140\/revisions\/2142"}],"wp:featuredmedia":[{"embeddable":true,"href":"https:\/\/pornuestrolaredo.com\/index.php?rest_route=\/wp\/v2\/media\/2141"}],"wp:attachment":[{"href":"https:\/\/pornuestrolaredo.com\/index.php?rest_route=%2Fwp%2Fv2%2Fmedia&parent=2140"}],"wp:term":[{"taxonomy":"category","embeddable":true,"href":"https:\/\/pornuestrolaredo.com\/index.php?rest_route=%2Fwp%2Fv2%2Fcategories&post=2140"},{"taxonomy":"post_tag","embeddable":true,"href":"https:\/\/pornuestrolaredo.com\/index.php?rest_route=%2Fwp%2Fv2%2Ftags&post=2140"}],"curies":[{"name":"wp","href":"https:\/\/api.w.org\/{rel}","templated":true}]}}