{"id":2143,"date":"2023-03-25T02:24:25","date_gmt":"2023-03-25T02:24:25","guid":{"rendered":"https:\/\/pornuestrolaredo.com\/?p=2143"},"modified":"2023-03-25T02:24:25","modified_gmt":"2023-03-25T02:24:25","slug":"estremece-a-texas-otra-tragedia-migrante","status":"publish","type":"post","link":"https:\/\/pornuestrolaredo.com\/?p=2143","title":{"rendered":"Estremece a Texas otra tragedia migrante"},"content":{"rendered":"<p><strong>UVALDE, Texas.-<\/strong> Dos migrantes fueron encontrados muertos y al menos otros 10 fueron hospitalizados el viernes en el sur de Texas despu\u00e9s de que la polic\u00eda recibi\u00f3 una llamada de que se estaban \u201csofocando\u201d en un vag\u00f3n de tren que viajaba cerca de la frontera entre Estados Unidos y M\u00e9xico.<\/p>\n<p>El Departamento de Polic\u00eda de Uvalde dijo que la Patrulla Fronteriza fue informada de la llamada telef\u00f3nica y pudo detener el tren. Unos 15 migrantes fueron encontrados en el interior, seg\u00fan un comunicado del departamento.<\/p>\n<p>Se desconoc\u00eda por el momento el estado de todos los que fueron hospitalizados. University Health en San Antonio tuite\u00f3 que hab\u00eda recibido a dos pacientes varones, uno en estado cr\u00edtico y otro en estado grave.<\/p>\n<p>La compa\u00f1\u00eda ferroviaria Union Pacific dijo en un comunicado que las personas se encontraban en dos vagones del tren que viajaba hacia el este desde Eagle Pass con destino a San Antonio: 12 en un contenedor de carga y tres en un vag\u00f3n tolva. Las dos personas que murieron se encontraban en el contenedor, seg\u00fan el comunicado.<\/p>\n<p>La polic\u00eda de Uvalde dijo que Union Pacific dirigir\u00eda la investigaci\u00f3n.<\/p>\n<p>El jefe de polic\u00eda de Uvalde, Daniel Rodriguez, dijo al San Antonio-Express News que los despachadores recibieron una llamada al 911 alrededor de las 3:50 p.m. de una persona desconocida que solicitaba ayuda. El tren fue detenido cerca de la ciudad de Knippa, que est\u00e1 a menos de 160 kil\u00f3metros (100 millas) de la frontera sur de Estados Unidos.<\/p>\n<blockquote><p>Todav\u00eda estamos tratando de determinar si era de alguien de adentro del vag\u00f3n\u201d, dijo Rodriguez. \u201cSuponemos que fue desde dentro de uno de los vagones\u201d.<\/p><\/blockquote>\n<p>A mediados del a\u00f1o pasado, decenas de migrantes fueran encontrados en la parte trasera de un tractocami\u00f3n que hab\u00eda sido abandonado bajo un calor sofocante en las afueras de San Antonio. M\u00e1s de 50 de ellos murieron. Ese fue el episodio de contrabando de personas m\u00e1s mort\u00edfero del pa\u00eds en la frontera sur de Estados Unidos, lo que llev\u00f3 a las autoridades a prometer que redoblar\u00edan esfuerzos.<\/p>\n<p>Los migrantes pasan habitualmente por Uvalde, lo que a veces genera persecuciones a gran velocidad que obligan a cerrar las escuelas de la zona. Tras la matanza de la escuela primaria Robb, en Uvalde, el pasado mes de mayo, en la que un hombre armado mat\u00f3 a 19 ni\u00f1os y dos maestras, los legisladores de Texas concluyeron en un informe que la frecuencia de los cierres pudo haber llevado a una \u201cdisminuci\u00f3n del sentido de vigilancia\u201d sobre la seguridad. <\/p>\n<p>Union Pacific dijo que estaba \u201cprofundamente entristecida por este incidente y por las tragedias que est\u00e1n ocurriendo en la frontera. Nos tomamos muy en serio la seguridad de todas las personas y trabajamos incansablemente con las agencias policiales para detectar art\u00edculos y personas que viajen de manera ilegal en nuestros vagones\u201d.<\/p>\n","protected":false},"excerpt":{"rendered":"<p>Mueren dos personas y al menos 10 son hospitalizados luego que se les acaba el aire en un vag\u00f3n del ferrocarril<\/p>\n","protected":false},"author":1,"featured_media":2144,"comment_status":"closed","ping_status":"closed","sticky":false,"template":"","format":"standard","meta":{"_crdt_document":"","_jetpack_memberships_contains_paid_content":false,"footnotes":"","jetpack_publicize_message":"","jetpack_publicize_feature_enabled":true,"jetpack_social_post_already_shared":true,"jetpack_social_options":{"image_generator_settings":{"template":"highway","default_image_id":0,"font":"","enabled":false},"version":2},"_wpas_customize_per_network":false},"categories":[9],"tags":[],"class_list":["post-2143","post","type-post","status-publish","format-standard","has-post-thumbnail","hentry","category-el-mundo"],"magazineBlocksPostFeaturedMedia":{"thumbnail":"https:\/\/pornuestrolaredo.com\/wp-content\/uploads\/2023\/03\/Migrantes-150x150.jpeg","medium":"https:\/\/pornuestrolaredo.com\/wp-content\/uploads\/2023\/03\/Migrantes-300x200.jpeg","medium_large":"https:\/\/pornuestrolaredo.com\/wp-content\/uploads\/2023\/03\/Migrantes-768x512.jpeg","large":"https:\/\/pornuestrolaredo.com\/wp-content\/uploads\/2023\/03\/Migrantes.jpeg","1536x1536":"https:\/\/pornuestrolaredo.com\/wp-content\/uploads\/2023\/03\/Migrantes.jpeg","2048x2048":"https:\/\/pornuestrolaredo.com\/wp-content\/uploads\/2023\/03\/Migrantes.jpeg","morenews-large":"https:\/\/pornuestrolaredo.com\/wp-content\/uploads\/2023\/03\/Migrantes.jpeg","morenews-medium":"https:\/\/pornuestrolaredo.com\/wp-content\/uploads\/2023\/03\/Migrantes.jpeg"},"magazineBlocksPostAuthor":{"name":"Redactor","avatar":"https:\/\/pornuestrolaredo.com\/wp-content\/litespeed\/avatar\/dca1d7ec750c399f025f23b0b314f4cf.jpg?ver=1777612120"},"magazineBlocksPostCommentsNumber":false,"magazineBlocksPostExcerpt":"Mueren dos personas y al menos 10 son hospitalizados luego que se les acaba el aire en un vag\u00f3n del ferrocarril","magazineBlocksPostCategories":["El Mundo"],"magazineBlocksPostViewCount":130,"magazineBlocksPostReadTime":3,"magazine_blocks_featured_image_url":{"full":["https:\/\/pornuestrolaredo.com\/wp-content\/uploads\/2023\/03\/Migrantes.jpeg",960,640,false],"medium":["https:\/\/pornuestrolaredo.com\/wp-content\/uploads\/2023\/03\/Migrantes-300x200.jpeg",300,200,true],"thumbnail":["https:\/\/pornuestrolaredo.com\/wp-content\/uploads\/2023\/03\/Migrantes-150x150.jpeg",150,150,true]},"magazine_blocks_author":{"display_name":"Redactor","author_link":"https:\/\/pornuestrolaredo.com\/?author=1"},"magazine_blocks_comment":0,"magazine_blocks_author_image":"https:\/\/pornuestrolaredo.com\/wp-content\/litespeed\/avatar\/dca1d7ec750c399f025f23b0b314f4cf.jpg?ver=1777612120","magazine_blocks_category":"<a href=\"#\" class=\"category-link category-link-9\">El Mundo<\/a>","jetpack_publicize_connections":[],"featured_image_urls":{"full":["https:\/\/pornuestrolaredo.com\/wp-content\/uploads\/2023\/03\/Migrantes.jpeg",960,640,false],"thumbnail":["https:\/\/pornuestrolaredo.com\/wp-content\/uploads\/2023\/03\/Migrantes-150x150.jpeg",150,150,true],"medium":["https:\/\/pornuestrolaredo.com\/wp-content\/uploads\/2023\/03\/Migrantes-300x200.jpeg",300,200,true],"medium_large":["https:\/\/pornuestrolaredo.com\/wp-content\/uploads\/2023\/03\/Migrantes-768x512.jpeg",640,427,true],"large":["https:\/\/pornuestrolaredo.com\/wp-content\/uploads\/2023\/03\/Migrantes.jpeg",640,427,false],"1536x1536":["https:\/\/pornuestrolaredo.com\/wp-content\/uploads\/2023\/03\/Migrantes.jpeg",960,640,false],"2048x2048":["https:\/\/pornuestrolaredo.com\/wp-content\/uploads\/2023\/03\/Migrantes.jpeg",960,640,false],"morenews-large":["https:\/\/pornuestrolaredo.com\/wp-content\/uploads\/2023\/03\/Migrantes.jpeg",825,550,false],"morenews-medium":["https:\/\/pornuestrolaredo.com\/wp-content\/uploads\/2023\/03\/Migrantes.jpeg",590,393,false]},"author_info":{"info":["Redactor"]},"category_info":"<a href=\"https:\/\/pornuestrolaredo.com\/?cat=9\" rel=\"category\">El Mundo<\/a>","tag_info":"El Mundo","comment_count":"0","jetpack_featured_media_url":"https:\/\/pornuestrolaredo.com\/wp-content\/uploads\/2023\/03\/Migrantes.jpeg","jetpack_sharing_enabled":true,"_links":{"self":[{"href":"https:\/\/pornuestrolaredo.com\/index.php?rest_route=\/wp\/v2\/posts\/2143","targetHints":{"allow":["GET"]}}],"collection":[{"href":"https:\/\/pornuestrolaredo.com\/index.php?rest_route=\/wp\/v2\/posts"}],"about":[{"href":"https:\/\/pornuestrolaredo.com\/index.php?rest_route=\/wp\/v2\/types\/post"}],"author":[{"embeddable":true,"href":"https:\/\/pornuestrolaredo.com\/index.php?rest_route=\/wp\/v2\/users\/1"}],"replies":[{"embeddable":true,"href":"https:\/\/pornuestrolaredo.com\/index.php?rest_route=%2Fwp%2Fv2%2Fcomments&post=2143"}],"version-history":[{"count":1,"href":"https:\/\/pornuestrolaredo.com\/index.php?rest_route=\/wp\/v2\/posts\/2143\/revisions"}],"predecessor-version":[{"id":2145,"href":"https:\/\/pornuestrolaredo.com\/index.php?rest_route=\/wp\/v2\/posts\/2143\/revisions\/2145"}],"wp:featuredmedia":[{"embeddable":true,"href":"https:\/\/pornuestrolaredo.com\/index.php?rest_route=\/wp\/v2\/media\/2144"}],"wp:attachment":[{"href":"https:\/\/pornuestrolaredo.com\/index.php?rest_route=%2Fwp%2Fv2%2Fmedia&parent=2143"}],"wp:term":[{"taxonomy":"category","embeddable":true,"href":"https:\/\/pornuestrolaredo.com\/index.php?rest_route=%2Fwp%2Fv2%2Fcategories&post=2143"},{"taxonomy":"post_tag","embeddable":true,"href":"https:\/\/pornuestrolaredo.com\/index.php?rest_route=%2Fwp%2Fv2%2Ftags&post=2143"}],"curies":[{"name":"wp","href":"https:\/\/api.w.org\/{rel}","templated":true}]}}