{"id":2149,"date":"2023-03-27T01:18:19","date_gmt":"2023-03-27T01:18:19","guid":{"rendered":"https:\/\/pornuestrolaredo.com\/?p=2149"},"modified":"2023-03-27T01:18:19","modified_gmt":"2023-03-27T01:18:19","slug":"esta-semana-se-alinearan-cinco-planetas","status":"publish","type":"post","link":"https:\/\/pornuestrolaredo.com\/?p=2149","title":{"rendered":"Esta semana se alinear\u00e1n cinco planetas"},"content":{"rendered":"<p><strong>NUEVA YORK.-<\/strong> Esta semana hay reuni\u00f3n c\u00f3smica, ya que cinco planetas \u2014Mercurio, J\u00fapiter, Venus, Urano y Marte\u2014 se alinear\u00e1n cerca de la Luna.<\/p>\n<p>\u00bfD\u00d3NDE Y CU\u00c1NDO VERLOS?<br \/>\nEl mejor d\u00eda para ver a todo el grupo es el martes, en el horizonte occidental justo despu\u00e9s de la puesta del sol, dijo el astr\u00f3nomo de la NASA, Bill Cooke.<\/p>\n<p>Los planetas se extender\u00e1n desde la l\u00ednea del horizonte hasta aproximadamente la mitad del cielo nocturno. Pero hay que verlos temprano: Mercurio y J\u00fapiter se sumergir\u00e1n r\u00e1pidamente por debajo del horizonte una media hora despu\u00e9s de la puesta del sol.<\/p>\n<p>La extensi\u00f3n de cinco planetas se puede ver desde cualquier lugar de la Tierra, siempre que tenga cielos despejados y una vista del oeste.<\/p>\n<blockquote><p>Esa es la belleza de estas alineaciones planetarias. No se necesita mucho\u201d, dijo Cooke.<\/p><\/blockquote>\n<p>\u00bfNECESITO BINOCULARES?<br \/>\nTal vez. J\u00fapiter, Venus y Marte ser\u00e1n bastante f\u00e1ciles de ver ya que brillan intensamente, dijo Cooke. Venus ser\u00e1 una de las cosas m\u00e1s brillantes del cielo y Marte estar\u00e1 cerca de la Luna con un brillo rojizo. Mercurio y Urano podr\u00edan ser m\u00e1s dif\u00edciles de detectar, ya que ser\u00e1n m\u00e1s tenues. Probablemente necesitar\u00e1s tomar un par de binoculares.<\/p>\n<p>Si eres un \u201ccoleccionista de planetas\u201d, es una rara oportunidad de ver a Urano, que generalmente no es visible, indic\u00f3 Cooke. Busque su brillo verde justo encima de Venus.<\/p>\n<p>\u00bfESTO SUCEDE A MENUDO?<br \/>\nDiferentes n\u00fameros y grupos de planetas se alinean en el cielo de vez en cuando. Hubo una alineaci\u00f3n de cinco planetas el verano pasado y hay otra en junio, con una composici\u00f3n ligeramente diferente.<\/p>\n<p>Este tipo de alineaci\u00f3n ocurre cuando las \u00f3rbitas de los planetas se alinean en un lado del Sol desde la perspectiva de la Tierra, explic\u00f3 Cooke.<\/p>\n","protected":false},"excerpt":{"rendered":"<p>Mercurio, J\u00fapiter, Venus, Urano y Marte podr\u00e1n verse muy cerca de la Luna<\/p>\n","protected":false},"author":1,"featured_media":2150,"comment_status":"closed","ping_status":"closed","sticky":false,"template":"","format":"standard","meta":{"_crdt_document":"","_jetpack_memberships_contains_paid_content":false,"footnotes":"","jetpack_publicize_message":"","jetpack_publicize_feature_enabled":true,"jetpack_social_post_already_shared":true,"jetpack_social_options":{"image_generator_settings":{"template":"highway","default_image_id":0,"font":"","enabled":false},"version":2},"_wpas_customize_per_network":false},"categories":[9],"tags":[],"class_list":["post-2149","post","type-post","status-publish","format-standard","has-post-thumbnail","hentry","category-el-mundo"],"magazineBlocksPostFeaturedMedia":{"thumbnail":"https:\/\/pornuestrolaredo.com\/wp-content\/uploads\/2023\/03\/107FM-20230326-1-150x150.jpg","medium":"https:\/\/pornuestrolaredo.com\/wp-content\/uploads\/2023\/03\/107FM-20230326-1-300x169.jpg","medium_large":"https:\/\/pornuestrolaredo.com\/wp-content\/uploads\/2023\/03\/107FM-20230326-1-768x432.jpg","large":"https:\/\/pornuestrolaredo.com\/wp-content\/uploads\/2023\/03\/107FM-20230326-1-1024x576.jpg","1536x1536":"https:\/\/pornuestrolaredo.com\/wp-content\/uploads\/2023\/03\/107FM-20230326-1-1536x864.jpg","2048x2048":"https:\/\/pornuestrolaredo.com\/wp-content\/uploads\/2023\/03\/107FM-20230326-1.jpg","morenews-large":"https:\/\/pornuestrolaredo.com\/wp-content\/uploads\/2023\/03\/107FM-20230326-1.jpg","morenews-medium":"https:\/\/pornuestrolaredo.com\/wp-content\/uploads\/2023\/03\/107FM-20230326-1.jpg"},"magazineBlocksPostAuthor":{"name":"Redactor","avatar":"https:\/\/pornuestrolaredo.com\/wp-content\/litespeed\/avatar\/dca1d7ec750c399f025f23b0b314f4cf.jpg?ver=1777007253"},"magazineBlocksPostCommentsNumber":false,"magazineBlocksPostExcerpt":"Mercurio, J\u00fapiter, Venus, Urano y Marte podr\u00e1n verse muy cerca de la Luna","magazineBlocksPostCategories":["El Mundo"],"magazineBlocksPostViewCount":153,"magazineBlocksPostReadTime":2,"magazine_blocks_featured_image_url":{"full":["https:\/\/pornuestrolaredo.com\/wp-content\/uploads\/2023\/03\/107FM-20230326-1.jpg",1920,1080,false],"medium":["https:\/\/pornuestrolaredo.com\/wp-content\/uploads\/2023\/03\/107FM-20230326-1-300x169.jpg",300,169,true],"thumbnail":["https:\/\/pornuestrolaredo.com\/wp-content\/uploads\/2023\/03\/107FM-20230326-1-150x150.jpg",150,150,true]},"magazine_blocks_author":{"display_name":"Redactor","author_link":"https:\/\/pornuestrolaredo.com\/?author=1"},"magazine_blocks_comment":0,"magazine_blocks_author_image":"https:\/\/pornuestrolaredo.com\/wp-content\/litespeed\/avatar\/dca1d7ec750c399f025f23b0b314f4cf.jpg?ver=1777007253","magazine_blocks_category":"<a href=\"#\" class=\"category-link category-link-9\">El Mundo<\/a>","jetpack_publicize_connections":[],"featured_image_urls":{"full":["https:\/\/pornuestrolaredo.com\/wp-content\/uploads\/2023\/03\/107FM-20230326-1.jpg",1920,1080,false],"thumbnail":["https:\/\/pornuestrolaredo.com\/wp-content\/uploads\/2023\/03\/107FM-20230326-1-150x150.jpg",150,150,true],"medium":["https:\/\/pornuestrolaredo.com\/wp-content\/uploads\/2023\/03\/107FM-20230326-1-300x169.jpg",300,169,true],"medium_large":["https:\/\/pornuestrolaredo.com\/wp-content\/uploads\/2023\/03\/107FM-20230326-1-768x432.jpg",640,360,true],"large":["https:\/\/pornuestrolaredo.com\/wp-content\/uploads\/2023\/03\/107FM-20230326-1-1024x576.jpg",640,360,true],"1536x1536":["https:\/\/pornuestrolaredo.com\/wp-content\/uploads\/2023\/03\/107FM-20230326-1-1536x864.jpg",1536,864,true],"2048x2048":["https:\/\/pornuestrolaredo.com\/wp-content\/uploads\/2023\/03\/107FM-20230326-1.jpg",1920,1080,false],"morenews-large":["https:\/\/pornuestrolaredo.com\/wp-content\/uploads\/2023\/03\/107FM-20230326-1.jpg",825,464,false],"morenews-medium":["https:\/\/pornuestrolaredo.com\/wp-content\/uploads\/2023\/03\/107FM-20230326-1.jpg",590,332,false]},"author_info":{"info":["Redactor"]},"category_info":"<a href=\"https:\/\/pornuestrolaredo.com\/?cat=9\" rel=\"category\">El Mundo<\/a>","tag_info":"El Mundo","comment_count":"0","jetpack_featured_media_url":"https:\/\/pornuestrolaredo.com\/wp-content\/uploads\/2023\/03\/107FM-20230326-1.jpg","jetpack_sharing_enabled":true,"_links":{"self":[{"href":"https:\/\/pornuestrolaredo.com\/index.php?rest_route=\/wp\/v2\/posts\/2149","targetHints":{"allow":["GET"]}}],"collection":[{"href":"https:\/\/pornuestrolaredo.com\/index.php?rest_route=\/wp\/v2\/posts"}],"about":[{"href":"https:\/\/pornuestrolaredo.com\/index.php?rest_route=\/wp\/v2\/types\/post"}],"author":[{"embeddable":true,"href":"https:\/\/pornuestrolaredo.com\/index.php?rest_route=\/wp\/v2\/users\/1"}],"replies":[{"embeddable":true,"href":"https:\/\/pornuestrolaredo.com\/index.php?rest_route=%2Fwp%2Fv2%2Fcomments&post=2149"}],"version-history":[{"count":1,"href":"https:\/\/pornuestrolaredo.com\/index.php?rest_route=\/wp\/v2\/posts\/2149\/revisions"}],"predecessor-version":[{"id":2151,"href":"https:\/\/pornuestrolaredo.com\/index.php?rest_route=\/wp\/v2\/posts\/2149\/revisions\/2151"}],"wp:featuredmedia":[{"embeddable":true,"href":"https:\/\/pornuestrolaredo.com\/index.php?rest_route=\/wp\/v2\/media\/2150"}],"wp:attachment":[{"href":"https:\/\/pornuestrolaredo.com\/index.php?rest_route=%2Fwp%2Fv2%2Fmedia&parent=2149"}],"wp:term":[{"taxonomy":"category","embeddable":true,"href":"https:\/\/pornuestrolaredo.com\/index.php?rest_route=%2Fwp%2Fv2%2Fcategories&post=2149"},{"taxonomy":"post_tag","embeddable":true,"href":"https:\/\/pornuestrolaredo.com\/index.php?rest_route=%2Fwp%2Fv2%2Ftags&post=2149"}],"curies":[{"name":"wp","href":"https:\/\/api.w.org\/{rel}","templated":true}]}}