{"id":2162,"date":"2023-03-29T19:25:55","date_gmt":"2023-03-29T19:25:55","guid":{"rendered":"https:\/\/pornuestrolaredo.com\/?p=2162"},"modified":"2023-03-29T19:25:55","modified_gmt":"2023-03-29T19:25:55","slug":"hospitalizan-al-papa-francisco","status":"publish","type":"post","link":"https:\/\/pornuestrolaredo.com\/?p=2162","title":{"rendered":"Hospitalizan al Papa Francisco"},"content":{"rendered":"<p><strong>CIUDAD DEL VATICANO.-<\/strong> El papa Francisco ser\u00e1 hospitalizado por varios d\u00edas debido a una infecci\u00f3n pulmonar luego de haber sufrido problemas respiratorios en d\u00edas recientes, inform\u00f3 el mi\u00e9rcoles el Vaticano.<\/p>\n<p>El vocero del Vaticano, Matteo Bruni, dijo que Francisco, de 86 a\u00f1os, no tiene COVID-19, pero necesita varios d\u00edas de terapia.<\/p>\n<p>Francisco, indic\u00f3 el vocero, lleva varios d\u00edas con problemas respiratorios y fue al Hospital Gemelli para hacerse unas pruebas.<\/p>\n<blockquote><p>Las pruebas arrojaron que ten\u00eda una infecci\u00f3n pulmonar (se ha descartado que fue una infecci\u00f3n por covid-19) que requerir\u00e1 varios d\u00edas de terapia m\u00e9dica\u201d, indic\u00f3 Bruni en su comunicado.<\/p><\/blockquote>\n<p>Horas antes se inform\u00f3 que el papa hab\u00eda acudido a un hospital y hab\u00eda cancelado sus audiencias de los pr\u00f3ximos dos d\u00edas para someterse a an\u00e1lisis previstos.<\/p>\n<p>El Vaticano no indic\u00f3 cu\u00e1nto tiempo el papa pasar\u00e1 en el hospital universitario Gemelli, donde lo operaron en 2021. Pero se cancelaron sus audiencias del jueves y viernes, lo que provoc\u00f3 interrogantes acerca de la participaci\u00f3n de Francisco en los oficios de Semana Santa a partir del domingo.<\/p>\n<blockquote><p>El Santo Padre ha estado en Gemelli desde esta tarde para algunos ex\u00e1menes previstos\u201d, dijo el primer comunicado de Bruni.<\/p><\/blockquote>\n<p>Francisco parec\u00eda encontrarse relativamente bien de salud durante su habitual audiencia general del mi\u00e9rcoles, aunque hac\u00eda muecas al entrar y salir del \u201cpapam\u00f3vil\u201d.<\/p>\n<p>No estaba claro el prop\u00f3sito de los ex\u00e1menes. Francisco perdi\u00f3 parte de un pulm\u00f3n cuando era joven debido a una infecci\u00f3n respiratoria y frecuentemente habla en susurros.<\/p>\n<p>El papa pas\u00f3 10 d\u00edas en el Gemelli en julio de 2021 para una operaci\u00f3n de intestino, en la que le retiraron 33 cent\u00edmetros de colon.<\/p>\n<p>Francisco debe festejar el Domingo de Ramos este fin de semana, que da inicio a los oficios de Semana Santa: Jueves Santo, Viernes Santo, la Vigilia Pascual y el Domingo de Pascua el 9 de abril. <\/p>\n<p>Usa una silla de ruedas desde hace m\u00e1s de un a\u00f1o debido a una distensi\u00f3n de ligamentos en la rodilla derecha. Ha dicho que su lesi\u00f3n est\u00e1 mejorando y \u00faltimamente camina con un bast\u00f3n. Ha dicho que se resiste a operarse de la rodilla porque la anestesia general le caus\u00f3 problemas cuando lo operaron del intestino en 2021.<\/p>\n","protected":false},"excerpt":{"rendered":"<p>Sufre una infecci\u00f3n pulmonar luego ser afectado por problemas respiratorios en d\u00edas recientes<\/p>\n","protected":false},"author":1,"featured_media":2163,"comment_status":"closed","ping_status":"closed","sticky":false,"template":"","format":"standard","meta":{"_crdt_document":"","_jetpack_memberships_contains_paid_content":false,"footnotes":"","jetpack_publicize_message":"","jetpack_publicize_feature_enabled":true,"jetpack_social_post_already_shared":true,"jetpack_social_options":{"image_generator_settings":{"template":"highway","default_image_id":0,"font":"","enabled":false},"version":2},"_wpas_customize_per_network":false},"categories":[9],"tags":[],"class_list":["post-2162","post","type-post","status-publish","format-standard","has-post-thumbnail","hentry","category-el-mundo"],"magazineBlocksPostFeaturedMedia":{"thumbnail":"https:\/\/pornuestrolaredo.com\/wp-content\/uploads\/2023\/03\/Stereo91-20230329-1-150x150.jpg","medium":"https:\/\/pornuestrolaredo.com\/wp-content\/uploads\/2023\/03\/Stereo91-20230329-1-300x200.jpg","medium_large":"https:\/\/pornuestrolaredo.com\/wp-content\/uploads\/2023\/03\/Stereo91-20230329-1-768x512.jpg","large":"https:\/\/pornuestrolaredo.com\/wp-content\/uploads\/2023\/03\/Stereo91-20230329-1.jpg","1536x1536":"https:\/\/pornuestrolaredo.com\/wp-content\/uploads\/2023\/03\/Stereo91-20230329-1.jpg","2048x2048":"https:\/\/pornuestrolaredo.com\/wp-content\/uploads\/2023\/03\/Stereo91-20230329-1.jpg","morenews-large":"https:\/\/pornuestrolaredo.com\/wp-content\/uploads\/2023\/03\/Stereo91-20230329-1.jpg","morenews-medium":"https:\/\/pornuestrolaredo.com\/wp-content\/uploads\/2023\/03\/Stereo91-20230329-1.jpg"},"magazineBlocksPostAuthor":{"name":"Redactor","avatar":"https:\/\/pornuestrolaredo.com\/wp-content\/litespeed\/avatar\/dca1d7ec750c399f025f23b0b314f4cf.jpg?ver=1777007253"},"magazineBlocksPostCommentsNumber":false,"magazineBlocksPostExcerpt":"Sufre una infecci\u00f3n pulmonar luego ser afectado por problemas respiratorios en d\u00edas recientes","magazineBlocksPostCategories":["El Mundo"],"magazineBlocksPostViewCount":154,"magazineBlocksPostReadTime":2,"magazine_blocks_featured_image_url":{"full":["https:\/\/pornuestrolaredo.com\/wp-content\/uploads\/2023\/03\/Stereo91-20230329-1.jpg",1000,667,false],"medium":["https:\/\/pornuestrolaredo.com\/wp-content\/uploads\/2023\/03\/Stereo91-20230329-1-300x200.jpg",300,200,true],"thumbnail":["https:\/\/pornuestrolaredo.com\/wp-content\/uploads\/2023\/03\/Stereo91-20230329-1-150x150.jpg",150,150,true]},"magazine_blocks_author":{"display_name":"Redactor","author_link":"https:\/\/pornuestrolaredo.com\/?author=1"},"magazine_blocks_comment":0,"magazine_blocks_author_image":"https:\/\/pornuestrolaredo.com\/wp-content\/litespeed\/avatar\/dca1d7ec750c399f025f23b0b314f4cf.jpg?ver=1777007253","magazine_blocks_category":"<a href=\"#\" class=\"category-link category-link-9\">El Mundo<\/a>","jetpack_publicize_connections":[],"featured_image_urls":{"full":["https:\/\/pornuestrolaredo.com\/wp-content\/uploads\/2023\/03\/Stereo91-20230329-1.jpg",1000,667,false],"thumbnail":["https:\/\/pornuestrolaredo.com\/wp-content\/uploads\/2023\/03\/Stereo91-20230329-1-150x150.jpg",150,150,true],"medium":["https:\/\/pornuestrolaredo.com\/wp-content\/uploads\/2023\/03\/Stereo91-20230329-1-300x200.jpg",300,200,true],"medium_large":["https:\/\/pornuestrolaredo.com\/wp-content\/uploads\/2023\/03\/Stereo91-20230329-1-768x512.jpg",640,427,true],"large":["https:\/\/pornuestrolaredo.com\/wp-content\/uploads\/2023\/03\/Stereo91-20230329-1.jpg",640,427,false],"1536x1536":["https:\/\/pornuestrolaredo.com\/wp-content\/uploads\/2023\/03\/Stereo91-20230329-1.jpg",1000,667,false],"2048x2048":["https:\/\/pornuestrolaredo.com\/wp-content\/uploads\/2023\/03\/Stereo91-20230329-1.jpg",1000,667,false],"morenews-large":["https:\/\/pornuestrolaredo.com\/wp-content\/uploads\/2023\/03\/Stereo91-20230329-1.jpg",825,550,false],"morenews-medium":["https:\/\/pornuestrolaredo.com\/wp-content\/uploads\/2023\/03\/Stereo91-20230329-1.jpg",590,394,false]},"author_info":{"info":["Redactor"]},"category_info":"<a href=\"https:\/\/pornuestrolaredo.com\/?cat=9\" rel=\"category\">El Mundo<\/a>","tag_info":"El Mundo","comment_count":"0","jetpack_featured_media_url":"https:\/\/pornuestrolaredo.com\/wp-content\/uploads\/2023\/03\/Stereo91-20230329-1.jpg","jetpack_sharing_enabled":true,"_links":{"self":[{"href":"https:\/\/pornuestrolaredo.com\/index.php?rest_route=\/wp\/v2\/posts\/2162","targetHints":{"allow":["GET"]}}],"collection":[{"href":"https:\/\/pornuestrolaredo.com\/index.php?rest_route=\/wp\/v2\/posts"}],"about":[{"href":"https:\/\/pornuestrolaredo.com\/index.php?rest_route=\/wp\/v2\/types\/post"}],"author":[{"embeddable":true,"href":"https:\/\/pornuestrolaredo.com\/index.php?rest_route=\/wp\/v2\/users\/1"}],"replies":[{"embeddable":true,"href":"https:\/\/pornuestrolaredo.com\/index.php?rest_route=%2Fwp%2Fv2%2Fcomments&post=2162"}],"version-history":[{"count":1,"href":"https:\/\/pornuestrolaredo.com\/index.php?rest_route=\/wp\/v2\/posts\/2162\/revisions"}],"predecessor-version":[{"id":2164,"href":"https:\/\/pornuestrolaredo.com\/index.php?rest_route=\/wp\/v2\/posts\/2162\/revisions\/2164"}],"wp:featuredmedia":[{"embeddable":true,"href":"https:\/\/pornuestrolaredo.com\/index.php?rest_route=\/wp\/v2\/media\/2163"}],"wp:attachment":[{"href":"https:\/\/pornuestrolaredo.com\/index.php?rest_route=%2Fwp%2Fv2%2Fmedia&parent=2162"}],"wp:term":[{"taxonomy":"category","embeddable":true,"href":"https:\/\/pornuestrolaredo.com\/index.php?rest_route=%2Fwp%2Fv2%2Fcategories&post=2162"},{"taxonomy":"post_tag","embeddable":true,"href":"https:\/\/pornuestrolaredo.com\/index.php?rest_route=%2Fwp%2Fv2%2Ftags&post=2162"}],"curies":[{"name":"wp","href":"https:\/\/api.w.org\/{rel}","templated":true}]}}