{"id":2224,"date":"2023-04-03T07:08:00","date_gmt":"2023-04-03T07:08:00","guid":{"rendered":"https:\/\/pornuestrolaredo.com\/?p=2224"},"modified":"2023-04-03T07:08:00","modified_gmt":"2023-04-03T07:08:00","slug":"mueren-13-en-accidente-en-oaxaca","status":"publish","type":"post","link":"https:\/\/pornuestrolaredo.com\/?p=2224","title":{"rendered":"Mueren 13 en accidente en Oaxaca"},"content":{"rendered":"<p><em><strong>OAXACA.-<\/em> <\/strong> Los integrantes de una familia del Estado de M\u00e9xico que se dirig\u00eda a Oaxaca murieron tras impactarse de frente con una camioneta de pasajeros, sobre la carretera Oaxaca-Cuacnopalan, a la altura de Huitzo, con rumbo a Nochixtl\u00e1n.<\/p>\n<p>La Fiscal\u00eda General del Estado confirm\u00f3 la muerte de 13 personas y 10 heridas tras el accidente en la regi\u00f3n de los Valles Centrales de la entidad.<\/p>\n<p>De entre los miembros de la familia se report\u00f3 la muerte de ocho personas, mientras del lado del veh\u00edculo de pasajeros se precis\u00f3 la muerte de cinco personas.<\/p>\n<p>Entre el total de v\u00edctimas, tambi\u00e9n se report\u00f3 el fallecimiento de tres menores de edad.<br \/>\nDe acuerdo con reportes extraoficiales, se presume que el conductor de la camioneta Ranger azul, donde se trasladaba la familia, se habr\u00eda quedado dormido antes de embestir a la Urvan.<\/p>\n<p>El impacto dej\u00f3 completamente destrozada la parte del conductor de la camioneta de pasajeros, de acuerdo con las im\u00e1genes que circulan en redes sociales.<\/p>\n<p>Los heridos fueron atendidos en el lugar del accidente por elementos de Caminos y Puentes Federales (Capufe) y de la Cruz Roja.<\/p>\n<p>La dependencia inici\u00f3 una carpeta de investigaci\u00f3n por los delitos de lesiones y homicidio culposo por tr\u00e1nsito de veh\u00edculo.<\/p>\n<p>Las v\u00edctimas fueron trasladadas al Instituto de Servicios Periciales ubicado en San Bartolo Coyotepec.<\/p>\n","protected":false},"excerpt":{"rendered":"<p>Se estrellan de frente una camioneta de transporte y la de una familia del Edomex<\/p>\n","protected":false},"author":1,"featured_media":2225,"comment_status":"closed","ping_status":"closed","sticky":false,"template":"","format":"standard","meta":{"_crdt_document":"","_jetpack_memberships_contains_paid_content":false,"footnotes":"","jetpack_publicize_message":"","jetpack_publicize_feature_enabled":true,"jetpack_social_post_already_shared":true,"jetpack_social_options":{"image_generator_settings":{"template":"highway","default_image_id":0,"font":"","enabled":false},"version":2},"_wpas_customize_per_network":false},"categories":[33],"tags":[],"class_list":["post-2224","post","type-post","status-publish","format-standard","has-post-thumbnail","hentry","category-mexico"],"magazineBlocksPostFeaturedMedia":{"thumbnail":"https:\/\/pornuestrolaredo.com\/wp-content\/uploads\/2023\/04\/107FM-20230402-3-150x150.jpg","medium":"https:\/\/pornuestrolaredo.com\/wp-content\/uploads\/2023\/04\/107FM-20230402-3-300x171.jpg","medium_large":"https:\/\/pornuestrolaredo.com\/wp-content\/uploads\/2023\/04\/107FM-20230402-3-768x437.jpg","large":"https:\/\/pornuestrolaredo.com\/wp-content\/uploads\/2023\/04\/107FM-20230402-3.jpg","1536x1536":"https:\/\/pornuestrolaredo.com\/wp-content\/uploads\/2023\/04\/107FM-20230402-3.jpg","2048x2048":"https:\/\/pornuestrolaredo.com\/wp-content\/uploads\/2023\/04\/107FM-20230402-3.jpg","morenews-large":"https:\/\/pornuestrolaredo.com\/wp-content\/uploads\/2023\/04\/107FM-20230402-3.jpg","morenews-medium":"https:\/\/pornuestrolaredo.com\/wp-content\/uploads\/2023\/04\/107FM-20230402-3.jpg"},"magazineBlocksPostAuthor":{"name":"Redactor","avatar":"https:\/\/pornuestrolaredo.com\/wp-content\/litespeed\/avatar\/dca1d7ec750c399f025f23b0b314f4cf.jpg?ver=1777007253"},"magazineBlocksPostCommentsNumber":false,"magazineBlocksPostExcerpt":"Se estrellan de frente una camioneta de transporte y la de una familia del Edomex","magazineBlocksPostCategories":["Mexico"],"magazineBlocksPostViewCount":127,"magazineBlocksPostReadTime":2,"magazine_blocks_featured_image_url":{"full":["https:\/\/pornuestrolaredo.com\/wp-content\/uploads\/2023\/04\/107FM-20230402-3.jpg",1000,569,false],"medium":["https:\/\/pornuestrolaredo.com\/wp-content\/uploads\/2023\/04\/107FM-20230402-3-300x171.jpg",300,171,true],"thumbnail":["https:\/\/pornuestrolaredo.com\/wp-content\/uploads\/2023\/04\/107FM-20230402-3-150x150.jpg",150,150,true]},"magazine_blocks_author":{"display_name":"Redactor","author_link":"https:\/\/pornuestrolaredo.com\/?author=1"},"magazine_blocks_comment":0,"magazine_blocks_author_image":"https:\/\/pornuestrolaredo.com\/wp-content\/litespeed\/avatar\/dca1d7ec750c399f025f23b0b314f4cf.jpg?ver=1777007253","magazine_blocks_category":"<a href=\"#\" class=\"category-link category-link-33\">Mexico<\/a>","jetpack_publicize_connections":[],"featured_image_urls":{"full":["https:\/\/pornuestrolaredo.com\/wp-content\/uploads\/2023\/04\/107FM-20230402-3.jpg",1000,569,false],"thumbnail":["https:\/\/pornuestrolaredo.com\/wp-content\/uploads\/2023\/04\/107FM-20230402-3-150x150.jpg",150,150,true],"medium":["https:\/\/pornuestrolaredo.com\/wp-content\/uploads\/2023\/04\/107FM-20230402-3-300x171.jpg",300,171,true],"medium_large":["https:\/\/pornuestrolaredo.com\/wp-content\/uploads\/2023\/04\/107FM-20230402-3-768x437.jpg",640,364,true],"large":["https:\/\/pornuestrolaredo.com\/wp-content\/uploads\/2023\/04\/107FM-20230402-3.jpg",640,364,false],"1536x1536":["https:\/\/pornuestrolaredo.com\/wp-content\/uploads\/2023\/04\/107FM-20230402-3.jpg",1000,569,false],"2048x2048":["https:\/\/pornuestrolaredo.com\/wp-content\/uploads\/2023\/04\/107FM-20230402-3.jpg",1000,569,false],"morenews-large":["https:\/\/pornuestrolaredo.com\/wp-content\/uploads\/2023\/04\/107FM-20230402-3.jpg",825,469,false],"morenews-medium":["https:\/\/pornuestrolaredo.com\/wp-content\/uploads\/2023\/04\/107FM-20230402-3.jpg",590,336,false]},"author_info":{"info":["Redactor"]},"category_info":"<a href=\"https:\/\/pornuestrolaredo.com\/?cat=33\" rel=\"category\">Mexico<\/a>","tag_info":"Mexico","comment_count":"0","jetpack_featured_media_url":"https:\/\/pornuestrolaredo.com\/wp-content\/uploads\/2023\/04\/107FM-20230402-3.jpg","jetpack_sharing_enabled":true,"_links":{"self":[{"href":"https:\/\/pornuestrolaredo.com\/index.php?rest_route=\/wp\/v2\/posts\/2224","targetHints":{"allow":["GET"]}}],"collection":[{"href":"https:\/\/pornuestrolaredo.com\/index.php?rest_route=\/wp\/v2\/posts"}],"about":[{"href":"https:\/\/pornuestrolaredo.com\/index.php?rest_route=\/wp\/v2\/types\/post"}],"author":[{"embeddable":true,"href":"https:\/\/pornuestrolaredo.com\/index.php?rest_route=\/wp\/v2\/users\/1"}],"replies":[{"embeddable":true,"href":"https:\/\/pornuestrolaredo.com\/index.php?rest_route=%2Fwp%2Fv2%2Fcomments&post=2224"}],"version-history":[{"count":1,"href":"https:\/\/pornuestrolaredo.com\/index.php?rest_route=\/wp\/v2\/posts\/2224\/revisions"}],"predecessor-version":[{"id":2226,"href":"https:\/\/pornuestrolaredo.com\/index.php?rest_route=\/wp\/v2\/posts\/2224\/revisions\/2226"}],"wp:featuredmedia":[{"embeddable":true,"href":"https:\/\/pornuestrolaredo.com\/index.php?rest_route=\/wp\/v2\/media\/2225"}],"wp:attachment":[{"href":"https:\/\/pornuestrolaredo.com\/index.php?rest_route=%2Fwp%2Fv2%2Fmedia&parent=2224"}],"wp:term":[{"taxonomy":"category","embeddable":true,"href":"https:\/\/pornuestrolaredo.com\/index.php?rest_route=%2Fwp%2Fv2%2Fcategories&post=2224"},{"taxonomy":"post_tag","embeddable":true,"href":"https:\/\/pornuestrolaredo.com\/index.php?rest_route=%2Fwp%2Fv2%2Ftags&post=2224"}],"curies":[{"name":"wp","href":"https:\/\/api.w.org\/{rel}","templated":true}]}}