{"id":2242,"date":"2023-04-06T19:16:05","date_gmt":"2023-04-06T19:16:05","guid":{"rendered":"https:\/\/pornuestrolaredo.com\/?p=2242"},"modified":"2023-04-06T19:16:05","modified_gmt":"2023-04-06T19:16:05","slug":"lava-el-papa-los-pies-a-jovenes-presos","status":"publish","type":"post","link":"https:\/\/pornuestrolaredo.com\/?p=2242","title":{"rendered":"Lava el Papa los pies a j\u00f3venes presos"},"content":{"rendered":"<p><strong>CIUDAD DEL VATICANO.-<\/strong> Durante el ritual de Jueves Santo, que simboliza la humildad, el papa Francisco lav\u00f3 los pies de una docena de presos en una c\u00e1rcel de menores de Roma, les asegur\u00f3 de su dignidad y dijo que \u201ccualquiera de nosotros\u201d puede caer en el pecado.<\/p>\n<p>La c\u00e1rcel Casal del Marmo en las afueras de Roma es la misma donde Francisco realiz\u00f3 el primer lavado de pies de su pontificado, demostrando su creencia de que la iglesia cat\u00f3lica debe prestar atenci\u00f3n a los marginados de la sociedad.<\/p>\n<p>El jueves, el papa repiti\u00f3 el rito con 10 varones y dos mujeres que cumplen condenas en e lugar. Se inclin\u00f3, verti\u00f3 agua sobre un pie de cada uno, lo sec\u00f3 suavemente con una toalla y lo bes\u00f3.<\/p>\n<p>Cuando Francisco elevaba la vista para sonre\u00edr, le tomaban la mano y la besaban. Varios le susurraron al o\u00eddo y convers\u00f3 brevemente con cada uno.<\/p>\n<p>El rito recuerda c\u00f3mo Jes\u00fas lav\u00f3 los pies de sus 12 ap\u00f3stoles durante la \u00faltima cena antes de que lo llevaran a crucificarlo.<\/p>\n<p>Jes\u00fas \u201clava los pies de todos\u201d, dijo Francisco a varias decenas de presos reunidos en la capilla. \u201cConoce todas nuestras debilidades\u201d, dijo el papa en una homil\u00eda improvisada.<\/p>\n<p>Seis de los 12 eran menores, y los dem\u00e1s hab\u00edan cumplido la edad adulta mientras purgaban sus condenas. Hab\u00eda un musulm\u00e1n de Senegal y j\u00f3venes de Rusia, Croacia y Rumania, dijo el Vaticano.<\/p>\n<p>Francisco dijo que el lavado de pies es \u201cun gesto que anuncia c\u00f3mo debemos ser los unos con los otros. Deplor\u00f3 que \u201dotros se benefician de los dem\u00e1s, (hay) tanta injusticia&#8230; tantas cosas feas\u201d.<\/p>\n<p>Con todo, dijo, \u201ccualquiera de nosotros puede caer\u201d y perder la gracia. El lavado de pies \u201cnos confiere la dignidad de ser pecadores\u201d. La lecci\u00f3n, a\u00f1adi\u00f3, deber\u00eda ser que \u201cnos ayudemos mutuamente para que la vida sea mejor\u201d.<\/p>\n<p>El pont\u00edfice, que tiene una dolencia cr\u00f3nica de rodilla, recorri\u00f3 los peque\u00f1os espacios de la capilla sin ayuda o apoyado en un bast\u00f3n, pero parti\u00f3 en una silla de ruedas al cabo de la visita de 90 minutos.<\/p>\n<p>Previamente, Francisco ofici\u00f3 una misa en la bas\u00edlica de San Pedro, mientras contin\u00faa con una agenda de Semana Santa que pone a prueba su resistencia d\u00edas despu\u00e9s de su ingreso hospitalario por una bronquitis.<\/p>\n<p>La voz del papa sonaba fuerte durante la misa, en la que ley\u00f3 una larga homil\u00eda dedicada al sacerdocio. El pont\u00edfice argentino, de 86 a\u00f1os, recibi\u00f3 el alta hace cinco d\u00edas en un hospital de Roma donde fue recibi\u00f3 antibi\u00f3ticos por v\u00eda intravenosa.<\/p>\n<p>Cuando sali\u00f3 del hospital el s\u00e1bado, el Vaticano dijo que Francisco cumplir\u00eda con todos los actos de su agenda de Semana Santa, incluyendo el Via Crucis del Viernes Santo en el Coliseo de Roma y la misa del Domingo de Pascua en la Plaza de San Pedro.<\/p>\n<p>Durante la misa del jueves en la bas\u00edlica, docenas de sacerdotes ataviados con sencillas sotanas blancas se sentaron frente a los cat\u00f3licos que abarrotaban el templo.<\/p>\n<p>Sin hacer referencia a los esc\u00e1ndalos ni al encubrimiento por parte de la jerarqu\u00eda eclesi\u00e1stica, habl\u00f3 de \u201ccrisis\u201d que afecta a los curas. \u201cTarde o temprano, todos experimentamos decepci\u00f3n, frustraci\u00f3n y nuestras propias debilidades\u201d, dijo el papa. <\/p>\n<blockquote><p>Nuestros ideales parecen retroceder ante la realidad, una cierta fuerza de la costumbre toma el poder y las dificultades que antes parec\u00edan inimaginables parecen desafiar nuestra fidelidad\u201d.<\/p><\/blockquote>\n","protected":false},"excerpt":{"rendered":"<p>El pont\u00edfice, que tiene una dolencia cr\u00f3nica de rodilla, recorri\u00f3 los peque\u00f1os espacios de la capilla sin ayuda o apoyado en un bast\u00f3n<\/p>\n","protected":false},"author":1,"featured_media":2244,"comment_status":"closed","ping_status":"closed","sticky":false,"template":"","format":"standard","meta":{"_crdt_document":"","_jetpack_memberships_contains_paid_content":false,"footnotes":"","jetpack_publicize_message":"","jetpack_publicize_feature_enabled":true,"jetpack_social_post_already_shared":true,"jetpack_social_options":{"image_generator_settings":{"template":"highway","default_image_id":0,"font":"","enabled":false},"version":2},"_wpas_customize_per_network":false},"categories":[9],"tags":[],"class_list":["post-2242","post","type-post","status-publish","format-standard","has-post-thumbnail","hentry","category-el-mundo"],"magazineBlocksPostFeaturedMedia":{"thumbnail":"https:\/\/pornuestrolaredo.com\/wp-content\/uploads\/2023\/04\/Stereo91-20230406-2-150x150.jpg","medium":"https:\/\/pornuestrolaredo.com\/wp-content\/uploads\/2023\/04\/Stereo91-20230406-2-300x200.jpg","medium_large":"https:\/\/pornuestrolaredo.com\/wp-content\/uploads\/2023\/04\/Stereo91-20230406-2-768x512.jpg","large":"https:\/\/pornuestrolaredo.com\/wp-content\/uploads\/2023\/04\/Stereo91-20230406-2.jpg","1536x1536":"https:\/\/pornuestrolaredo.com\/wp-content\/uploads\/2023\/04\/Stereo91-20230406-2.jpg","2048x2048":"https:\/\/pornuestrolaredo.com\/wp-content\/uploads\/2023\/04\/Stereo91-20230406-2.jpg","morenews-large":"https:\/\/pornuestrolaredo.com\/wp-content\/uploads\/2023\/04\/Stereo91-20230406-2.jpg","morenews-medium":"https:\/\/pornuestrolaredo.com\/wp-content\/uploads\/2023\/04\/Stereo91-20230406-2.jpg"},"magazineBlocksPostAuthor":{"name":"Redactor","avatar":"https:\/\/pornuestrolaredo.com\/wp-content\/litespeed\/avatar\/dca1d7ec750c399f025f23b0b314f4cf.jpg?ver=1777007253"},"magazineBlocksPostCommentsNumber":false,"magazineBlocksPostExcerpt":"El pont\u00edfice, que tiene una dolencia cr\u00f3nica de rodilla, recorri\u00f3 los peque\u00f1os espacios de la capilla sin ayuda o apoyado en un bast\u00f3n","magazineBlocksPostCategories":["El Mundo"],"magazineBlocksPostViewCount":132,"magazineBlocksPostReadTime":3,"magazine_blocks_featured_image_url":{"full":["https:\/\/pornuestrolaredo.com\/wp-content\/uploads\/2023\/04\/Stereo91-20230406-2.jpg",1000,667,false],"medium":["https:\/\/pornuestrolaredo.com\/wp-content\/uploads\/2023\/04\/Stereo91-20230406-2-300x200.jpg",300,200,true],"thumbnail":["https:\/\/pornuestrolaredo.com\/wp-content\/uploads\/2023\/04\/Stereo91-20230406-2-150x150.jpg",150,150,true]},"magazine_blocks_author":{"display_name":"Redactor","author_link":"https:\/\/pornuestrolaredo.com\/?author=1"},"magazine_blocks_comment":0,"magazine_blocks_author_image":"https:\/\/pornuestrolaredo.com\/wp-content\/litespeed\/avatar\/dca1d7ec750c399f025f23b0b314f4cf.jpg?ver=1777007253","magazine_blocks_category":"<a href=\"#\" class=\"category-link category-link-9\">El Mundo<\/a>","jetpack_publicize_connections":[],"featured_image_urls":{"full":["https:\/\/pornuestrolaredo.com\/wp-content\/uploads\/2023\/04\/Stereo91-20230406-2.jpg",1000,667,false],"thumbnail":["https:\/\/pornuestrolaredo.com\/wp-content\/uploads\/2023\/04\/Stereo91-20230406-2-150x150.jpg",150,150,true],"medium":["https:\/\/pornuestrolaredo.com\/wp-content\/uploads\/2023\/04\/Stereo91-20230406-2-300x200.jpg",300,200,true],"medium_large":["https:\/\/pornuestrolaredo.com\/wp-content\/uploads\/2023\/04\/Stereo91-20230406-2-768x512.jpg",640,427,true],"large":["https:\/\/pornuestrolaredo.com\/wp-content\/uploads\/2023\/04\/Stereo91-20230406-2.jpg",640,427,false],"1536x1536":["https:\/\/pornuestrolaredo.com\/wp-content\/uploads\/2023\/04\/Stereo91-20230406-2.jpg",1000,667,false],"2048x2048":["https:\/\/pornuestrolaredo.com\/wp-content\/uploads\/2023\/04\/Stereo91-20230406-2.jpg",1000,667,false],"morenews-large":["https:\/\/pornuestrolaredo.com\/wp-content\/uploads\/2023\/04\/Stereo91-20230406-2.jpg",825,550,false],"morenews-medium":["https:\/\/pornuestrolaredo.com\/wp-content\/uploads\/2023\/04\/Stereo91-20230406-2.jpg",590,394,false]},"author_info":{"info":["Redactor"]},"category_info":"<a href=\"https:\/\/pornuestrolaredo.com\/?cat=9\" rel=\"category\">El Mundo<\/a>","tag_info":"El Mundo","comment_count":"0","jetpack_featured_media_url":"https:\/\/pornuestrolaredo.com\/wp-content\/uploads\/2023\/04\/Stereo91-20230406-2.jpg","jetpack_sharing_enabled":true,"_links":{"self":[{"href":"https:\/\/pornuestrolaredo.com\/index.php?rest_route=\/wp\/v2\/posts\/2242","targetHints":{"allow":["GET"]}}],"collection":[{"href":"https:\/\/pornuestrolaredo.com\/index.php?rest_route=\/wp\/v2\/posts"}],"about":[{"href":"https:\/\/pornuestrolaredo.com\/index.php?rest_route=\/wp\/v2\/types\/post"}],"author":[{"embeddable":true,"href":"https:\/\/pornuestrolaredo.com\/index.php?rest_route=\/wp\/v2\/users\/1"}],"replies":[{"embeddable":true,"href":"https:\/\/pornuestrolaredo.com\/index.php?rest_route=%2Fwp%2Fv2%2Fcomments&post=2242"}],"version-history":[{"count":1,"href":"https:\/\/pornuestrolaredo.com\/index.php?rest_route=\/wp\/v2\/posts\/2242\/revisions"}],"predecessor-version":[{"id":2245,"href":"https:\/\/pornuestrolaredo.com\/index.php?rest_route=\/wp\/v2\/posts\/2242\/revisions\/2245"}],"wp:featuredmedia":[{"embeddable":true,"href":"https:\/\/pornuestrolaredo.com\/index.php?rest_route=\/wp\/v2\/media\/2244"}],"wp:attachment":[{"href":"https:\/\/pornuestrolaredo.com\/index.php?rest_route=%2Fwp%2Fv2%2Fmedia&parent=2242"}],"wp:term":[{"taxonomy":"category","embeddable":true,"href":"https:\/\/pornuestrolaredo.com\/index.php?rest_route=%2Fwp%2Fv2%2Fcategories&post=2242"},{"taxonomy":"post_tag","embeddable":true,"href":"https:\/\/pornuestrolaredo.com\/index.php?rest_route=%2Fwp%2Fv2%2Ftags&post=2242"}],"curies":[{"name":"wp","href":"https:\/\/api.w.org\/{rel}","templated":true}]}}