{"id":2246,"date":"2023-04-06T19:37:58","date_gmt":"2023-04-06T19:37:58","guid":{"rendered":"https:\/\/pornuestrolaredo.com\/?p=2246"},"modified":"2023-04-06T19:37:58","modified_gmt":"2023-04-06T19:37:58","slug":"dan-a-conocer-a-astronautas-que-iran-a-la-luna","status":"publish","type":"post","link":"https:\/\/pornuestrolaredo.com\/?p=2246","title":{"rendered":"Dan a conocer a astronautas que ir\u00e1n a la Luna"},"content":{"rendered":"<p><strong>HOUSTON.- <\/strong>La NASA nombr\u00f3 esta semana a los cuatro astronautas que ir\u00e1n a la Luna a finales del pr\u00f3ximo a\u00f1o.<\/p>\n<p>Los tres hombres y una mujer fueron presentados en una ceremonia televisada desde Houston, donde est\u00e1 ubicado el Control de la Misi\u00f3n.<\/p>\n<p>\u201cEsta es la tripulaci\u00f3n de la humanidad\u201d, expres\u00f3 el administrador de la NASA, Bill Nelson.<\/p>\n<p>Los tres estadounidenses y un canadiense ser\u00e1n los primeros en volar la c\u00e1psula Orion de la NASA cuando despeguen del Centro Espacial Kennedy a finales de 2024. No pisar\u00e1n la Luna y ni siquiera la orbitar\u00e1n, sino que volar\u00e1n a su alrededor y regresar\u00e1n a Tierra, como pre\u00e1mbulo para un alunizaje programado para un a\u00f1o despu\u00e9s con otros dos astronautas.<\/p>\n<p>El comandante de la misi\u00f3n, Reid Wiseman, estar\u00e1 acompa\u00f1ado por Victor Glover, un aviador naval afroestadounidense; Christina Koch, quien tiene el r\u00e9cord mundial como la mujer que m\u00e1s tiempo ha estado en el espacio; y el canadiense Jeremy Hansen, el \u00fanico de los tres sin experiencia en viajes espaciales.<\/p>\n<blockquote><p>Este es un gran d\u00eda. Tenemos mucho que celebrar, mucho m\u00e1s que los cuatro nombres que han sido anunciados\u201d, expres\u00f3 Glover.<\/p><\/blockquote>\n<p>Esta ser\u00e1 la primera misi\u00f3n a la Luna que incluir\u00e1 a una mujer y a una persona no estadounidense. Ser\u00e1 adem\u00e1s la primera tripulaci\u00f3n del nuevo programa lunar de la NASA, llamado Artemis. A fines del a\u00f1o pasado, una c\u00e1psula Orion vac\u00eda vol\u00f3 a Luna y volvi\u00f3, en un ensayo para la misi\u00f3n real.<\/p>\n<p>En las misiones Apollo, la NASA envi\u00f3 24 astronautas a la Luna entre 1968 y 1972. Doce de ellos pisaron la superficie lunar. Todos eran pilotos militares a excepci\u00f3n de Harrison Schmitt, un ge\u00f3logo que particip\u00f3 en el Apollo 17 y junto con el ya fallecido Gene Cernan cerraron esa \u00e9poca.<\/p>\n<p>Si esta misi\u00f3n de 10 d\u00edas sale bien, la NASA planea posar en la superficie lunar a dos astronautas aproximadamente para el a\u00f1o 2025.<\/p>\n<p>La agencia espacial escogi\u00f3 a la tripulaci\u00f3n del Artemis de entre 41 astronautas. Canad\u00e1 ten\u00eda cuatro candidatos.<\/p>\n","protected":false},"excerpt":{"rendered":"<p>Se trata de tres hombres y una mujer y de ellos, uno es canadiense<\/p>\n","protected":false},"author":1,"featured_media":2247,"comment_status":"closed","ping_status":"closed","sticky":false,"template":"","format":"standard","meta":{"_crdt_document":"","_jetpack_memberships_contains_paid_content":false,"footnotes":"","jetpack_publicize_message":"","jetpack_publicize_feature_enabled":true,"jetpack_social_post_already_shared":true,"jetpack_social_options":{"image_generator_settings":{"template":"highway","default_image_id":0,"font":"","enabled":false},"version":2},"_wpas_customize_per_network":false},"categories":[9],"tags":[],"class_list":["post-2246","post","type-post","status-publish","format-standard","has-post-thumbnail","hentry","category-el-mundo"],"magazineBlocksPostFeaturedMedia":{"thumbnail":"https:\/\/pornuestrolaredo.com\/wp-content\/uploads\/2023\/04\/PNL-20230406-4-150x150.jpg","medium":"https:\/\/pornuestrolaredo.com\/wp-content\/uploads\/2023\/04\/PNL-20230406-4-300x149.jpg","medium_large":"https:\/\/pornuestrolaredo.com\/wp-content\/uploads\/2023\/04\/PNL-20230406-4-768x382.jpg","large":"https:\/\/pornuestrolaredo.com\/wp-content\/uploads\/2023\/04\/PNL-20230406-4.jpg","1536x1536":"https:\/\/pornuestrolaredo.com\/wp-content\/uploads\/2023\/04\/PNL-20230406-4.jpg","2048x2048":"https:\/\/pornuestrolaredo.com\/wp-content\/uploads\/2023\/04\/PNL-20230406-4.jpg","morenews-large":"https:\/\/pornuestrolaredo.com\/wp-content\/uploads\/2023\/04\/PNL-20230406-4.jpg","morenews-medium":"https:\/\/pornuestrolaredo.com\/wp-content\/uploads\/2023\/04\/PNL-20230406-4.jpg"},"magazineBlocksPostAuthor":{"name":"Redactor","avatar":"https:\/\/pornuestrolaredo.com\/wp-content\/litespeed\/avatar\/dca1d7ec750c399f025f23b0b314f4cf.jpg?ver=1777007253"},"magazineBlocksPostCommentsNumber":false,"magazineBlocksPostExcerpt":"Se trata de tres hombres y una mujer y de ellos, uno es canadiense","magazineBlocksPostCategories":["El Mundo"],"magazineBlocksPostViewCount":136,"magazineBlocksPostReadTime":2,"magazine_blocks_featured_image_url":{"full":["https:\/\/pornuestrolaredo.com\/wp-content\/uploads\/2023\/04\/PNL-20230406-4.jpg",972,483,false],"medium":["https:\/\/pornuestrolaredo.com\/wp-content\/uploads\/2023\/04\/PNL-20230406-4-300x149.jpg",300,149,true],"thumbnail":["https:\/\/pornuestrolaredo.com\/wp-content\/uploads\/2023\/04\/PNL-20230406-4-150x150.jpg",150,150,true]},"magazine_blocks_author":{"display_name":"Redactor","author_link":"https:\/\/pornuestrolaredo.com\/?author=1"},"magazine_blocks_comment":0,"magazine_blocks_author_image":"https:\/\/pornuestrolaredo.com\/wp-content\/litespeed\/avatar\/dca1d7ec750c399f025f23b0b314f4cf.jpg?ver=1777007253","magazine_blocks_category":"<a href=\"#\" class=\"category-link category-link-9\">El Mundo<\/a>","jetpack_publicize_connections":[],"featured_image_urls":{"full":["https:\/\/pornuestrolaredo.com\/wp-content\/uploads\/2023\/04\/PNL-20230406-4.jpg",972,483,false],"thumbnail":["https:\/\/pornuestrolaredo.com\/wp-content\/uploads\/2023\/04\/PNL-20230406-4-150x150.jpg",150,150,true],"medium":["https:\/\/pornuestrolaredo.com\/wp-content\/uploads\/2023\/04\/PNL-20230406-4-300x149.jpg",300,149,true],"medium_large":["https:\/\/pornuestrolaredo.com\/wp-content\/uploads\/2023\/04\/PNL-20230406-4-768x382.jpg",640,318,true],"large":["https:\/\/pornuestrolaredo.com\/wp-content\/uploads\/2023\/04\/PNL-20230406-4.jpg",640,318,false],"1536x1536":["https:\/\/pornuestrolaredo.com\/wp-content\/uploads\/2023\/04\/PNL-20230406-4.jpg",972,483,false],"2048x2048":["https:\/\/pornuestrolaredo.com\/wp-content\/uploads\/2023\/04\/PNL-20230406-4.jpg",972,483,false],"morenews-large":["https:\/\/pornuestrolaredo.com\/wp-content\/uploads\/2023\/04\/PNL-20230406-4.jpg",825,410,false],"morenews-medium":["https:\/\/pornuestrolaredo.com\/wp-content\/uploads\/2023\/04\/PNL-20230406-4.jpg",590,293,false]},"author_info":{"info":["Redactor"]},"category_info":"<a href=\"https:\/\/pornuestrolaredo.com\/?cat=9\" rel=\"category\">El Mundo<\/a>","tag_info":"El Mundo","comment_count":"0","jetpack_featured_media_url":"https:\/\/pornuestrolaredo.com\/wp-content\/uploads\/2023\/04\/PNL-20230406-4.jpg","jetpack_sharing_enabled":true,"_links":{"self":[{"href":"https:\/\/pornuestrolaredo.com\/index.php?rest_route=\/wp\/v2\/posts\/2246","targetHints":{"allow":["GET"]}}],"collection":[{"href":"https:\/\/pornuestrolaredo.com\/index.php?rest_route=\/wp\/v2\/posts"}],"about":[{"href":"https:\/\/pornuestrolaredo.com\/index.php?rest_route=\/wp\/v2\/types\/post"}],"author":[{"embeddable":true,"href":"https:\/\/pornuestrolaredo.com\/index.php?rest_route=\/wp\/v2\/users\/1"}],"replies":[{"embeddable":true,"href":"https:\/\/pornuestrolaredo.com\/index.php?rest_route=%2Fwp%2Fv2%2Fcomments&post=2246"}],"version-history":[{"count":1,"href":"https:\/\/pornuestrolaredo.com\/index.php?rest_route=\/wp\/v2\/posts\/2246\/revisions"}],"predecessor-version":[{"id":2248,"href":"https:\/\/pornuestrolaredo.com\/index.php?rest_route=\/wp\/v2\/posts\/2246\/revisions\/2248"}],"wp:featuredmedia":[{"embeddable":true,"href":"https:\/\/pornuestrolaredo.com\/index.php?rest_route=\/wp\/v2\/media\/2247"}],"wp:attachment":[{"href":"https:\/\/pornuestrolaredo.com\/index.php?rest_route=%2Fwp%2Fv2%2Fmedia&parent=2246"}],"wp:term":[{"taxonomy":"category","embeddable":true,"href":"https:\/\/pornuestrolaredo.com\/index.php?rest_route=%2Fwp%2Fv2%2Fcategories&post=2246"},{"taxonomy":"post_tag","embeddable":true,"href":"https:\/\/pornuestrolaredo.com\/index.php?rest_route=%2Fwp%2Fv2%2Ftags&post=2246"}],"curies":[{"name":"wp","href":"https:\/\/api.w.org\/{rel}","templated":true}]}}