{"id":2249,"date":"2023-04-06T20:53:50","date_gmt":"2023-04-06T20:53:50","guid":{"rendered":"https:\/\/pornuestrolaredo.com\/?p=2249"},"modified":"2023-04-06T20:53:50","modified_gmt":"2023-04-06T20:53:50","slug":"nuevos-enroques-en-alcaldia-de-nld","status":"publish","type":"post","link":"https:\/\/pornuestrolaredo.com\/?p=2249","title":{"rendered":"Nuevos enroques en alcald\u00eda de NLD"},"content":{"rendered":"<p><strong>NUEVO LAREDO.- <\/strong>Los enroques en el Gobierno Municipal contin\u00faan, la alcaldesa Carmen Lilia Canturosas Villarreal entreg\u00f3 los nombramientos a la nueva titular de la direcci\u00f3n de Relaciones P\u00fablicas y la direcci\u00f3n de Enlace Institucional, con el objetivo de fortalecer el v\u00ednculo de la administraci\u00f3n con empresarios y organismos sociales.<\/p>\n<p>La presidenta municipal hizo oficial el nombramiento de Samantha Rodr\u00edguez Cant\u00fa como directora de Enlace Institucional y a Erika Garza Rivera como directora de Relaciones P\u00fablicas.<\/p>\n<blockquote><p>Desde el inicio de la administraci\u00f3n hemos creado una buena sinergia con organismos y miembros de la iniciativa privada, estos enroques son precisamente para fortalecer ese trabajo en equipo y continuar impulsando el desarrollo de Nuevo Laredo\u201d expres\u00f3 Canturosas Villarreal.<\/p><\/blockquote>\n<p>Explic\u00f3 que con estos cambios se busca aprovechar al m\u00e1ximo las capacidades de las nuevas titulares para mantener un acercamiento constante con la sociedad civil.<\/p>\n<blockquote><p>Samantha y Erika son personas muy comprometidas con esa labor, lo han demostrado a lo largo de este tiempo y estoy convencida que har\u00e1n buena mancuerna para mantener la excelente colaboraci\u00f3n que tenemos con ciudadan\u00eda, empresarios y organizaciones\u201d, destac\u00f3 la alcaldesa.<\/p><\/blockquote>\n<p>Samantha Rodr\u00edguez Cant\u00fa se desempe\u00f1\u00f3 por a\u00f1o y medio como directora de Relaciones P\u00fablicas, mientras que Erika Garza Rivera fung\u00eda  como coordinadora de eventos, desde ah\u00ed destacaron por llevar a cabo la organizaci\u00f3n del Primer Foro Metropolitano Binacional de ONU-H\u00e1bitat, los festejos del Aniversario de Nuevo Laredo, ceremonia del Grito de Independencia, la Campechaneada, Guerrereada, entre otros.<\/p>\n","protected":false},"excerpt":{"rendered":"<p>Entrega Carmen Lilia nombramientos para fortalecer v\u00ednculos con la Iniciativa Privada<\/p>\n","protected":false},"author":1,"featured_media":2250,"comment_status":"closed","ping_status":"closed","sticky":false,"template":"","format":"standard","meta":{"_crdt_document":"","_jetpack_memberships_contains_paid_content":false,"footnotes":"","jetpack_publicize_message":"","jetpack_publicize_feature_enabled":true,"jetpack_social_post_already_shared":true,"jetpack_social_options":{"image_generator_settings":{"template":"highway","default_image_id":0,"font":"","enabled":false},"version":2},"_wpas_customize_per_network":false},"categories":[4],"tags":[],"class_list":["post-2249","post","type-post","status-publish","format-standard","has-post-thumbnail","hentry","category-los-dos-laredos"],"magazineBlocksPostFeaturedMedia":{"thumbnail":"https:\/\/pornuestrolaredo.com\/wp-content\/uploads\/2023\/04\/Stereo91-20230406-5-150x150.jpg","medium":"https:\/\/pornuestrolaredo.com\/wp-content\/uploads\/2023\/04\/Stereo91-20230406-5-300x163.jpg","medium_large":"https:\/\/pornuestrolaredo.com\/wp-content\/uploads\/2023\/04\/Stereo91-20230406-5-768x416.jpg","large":"https:\/\/pornuestrolaredo.com\/wp-content\/uploads\/2023\/04\/Stereo91-20230406-5-1000x542.jpg","1536x1536":"https:\/\/pornuestrolaredo.com\/wp-content\/uploads\/2023\/04\/Stereo91-20230406-5.jpg","2048x2048":"https:\/\/pornuestrolaredo.com\/wp-content\/uploads\/2023\/04\/Stereo91-20230406-5.jpg","morenews-large":"https:\/\/pornuestrolaredo.com\/wp-content\/uploads\/2023\/04\/Stereo91-20230406-5.jpg","morenews-medium":"https:\/\/pornuestrolaredo.com\/wp-content\/uploads\/2023\/04\/Stereo91-20230406-5.jpg"},"magazineBlocksPostAuthor":{"name":"Redactor","avatar":"https:\/\/pornuestrolaredo.com\/wp-content\/litespeed\/avatar\/dca1d7ec750c399f025f23b0b314f4cf.jpg?ver=1777007253"},"magazineBlocksPostCommentsNumber":false,"magazineBlocksPostExcerpt":"Entrega Carmen Lilia nombramientos para fortalecer v\u00ednculos con la Iniciativa Privada","magazineBlocksPostCategories":["Los dos Laredos"],"magazineBlocksPostViewCount":122,"magazineBlocksPostReadTime":2,"magazine_blocks_featured_image_url":{"full":["https:\/\/pornuestrolaredo.com\/wp-content\/uploads\/2023\/04\/Stereo91-20230406-5.jpg",1200,650,false],"medium":["https:\/\/pornuestrolaredo.com\/wp-content\/uploads\/2023\/04\/Stereo91-20230406-5-300x163.jpg",300,163,true],"thumbnail":["https:\/\/pornuestrolaredo.com\/wp-content\/uploads\/2023\/04\/Stereo91-20230406-5-150x150.jpg",150,150,true]},"magazine_blocks_author":{"display_name":"Redactor","author_link":"https:\/\/pornuestrolaredo.com\/?author=1"},"magazine_blocks_comment":0,"magazine_blocks_author_image":"https:\/\/pornuestrolaredo.com\/wp-content\/litespeed\/avatar\/dca1d7ec750c399f025f23b0b314f4cf.jpg?ver=1777007253","magazine_blocks_category":"<a href=\"#\" class=\"category-link category-link-4\">Los dos Laredos<\/a>","jetpack_publicize_connections":[],"featured_image_urls":{"full":["https:\/\/pornuestrolaredo.com\/wp-content\/uploads\/2023\/04\/Stereo91-20230406-5.jpg",1200,650,false],"thumbnail":["https:\/\/pornuestrolaredo.com\/wp-content\/uploads\/2023\/04\/Stereo91-20230406-5-150x150.jpg",150,150,true],"medium":["https:\/\/pornuestrolaredo.com\/wp-content\/uploads\/2023\/04\/Stereo91-20230406-5-300x163.jpg",300,163,true],"medium_large":["https:\/\/pornuestrolaredo.com\/wp-content\/uploads\/2023\/04\/Stereo91-20230406-5-768x416.jpg",640,347,true],"large":["https:\/\/pornuestrolaredo.com\/wp-content\/uploads\/2023\/04\/Stereo91-20230406-5-1000x542.jpg",640,347,true],"1536x1536":["https:\/\/pornuestrolaredo.com\/wp-content\/uploads\/2023\/04\/Stereo91-20230406-5.jpg",1200,650,false],"2048x2048":["https:\/\/pornuestrolaredo.com\/wp-content\/uploads\/2023\/04\/Stereo91-20230406-5.jpg",1200,650,false],"morenews-large":["https:\/\/pornuestrolaredo.com\/wp-content\/uploads\/2023\/04\/Stereo91-20230406-5.jpg",825,447,false],"morenews-medium":["https:\/\/pornuestrolaredo.com\/wp-content\/uploads\/2023\/04\/Stereo91-20230406-5.jpg",590,320,false]},"author_info":{"info":["Redactor"]},"category_info":"<a href=\"https:\/\/pornuestrolaredo.com\/?cat=4\" rel=\"category\">Los dos Laredos<\/a>","tag_info":"Los dos Laredos","comment_count":"0","jetpack_featured_media_url":"https:\/\/pornuestrolaredo.com\/wp-content\/uploads\/2023\/04\/Stereo91-20230406-5.jpg","jetpack_sharing_enabled":true,"_links":{"self":[{"href":"https:\/\/pornuestrolaredo.com\/index.php?rest_route=\/wp\/v2\/posts\/2249","targetHints":{"allow":["GET"]}}],"collection":[{"href":"https:\/\/pornuestrolaredo.com\/index.php?rest_route=\/wp\/v2\/posts"}],"about":[{"href":"https:\/\/pornuestrolaredo.com\/index.php?rest_route=\/wp\/v2\/types\/post"}],"author":[{"embeddable":true,"href":"https:\/\/pornuestrolaredo.com\/index.php?rest_route=\/wp\/v2\/users\/1"}],"replies":[{"embeddable":true,"href":"https:\/\/pornuestrolaredo.com\/index.php?rest_route=%2Fwp%2Fv2%2Fcomments&post=2249"}],"version-history":[{"count":1,"href":"https:\/\/pornuestrolaredo.com\/index.php?rest_route=\/wp\/v2\/posts\/2249\/revisions"}],"predecessor-version":[{"id":2251,"href":"https:\/\/pornuestrolaredo.com\/index.php?rest_route=\/wp\/v2\/posts\/2249\/revisions\/2251"}],"wp:featuredmedia":[{"embeddable":true,"href":"https:\/\/pornuestrolaredo.com\/index.php?rest_route=\/wp\/v2\/media\/2250"}],"wp:attachment":[{"href":"https:\/\/pornuestrolaredo.com\/index.php?rest_route=%2Fwp%2Fv2%2Fmedia&parent=2249"}],"wp:term":[{"taxonomy":"category","embeddable":true,"href":"https:\/\/pornuestrolaredo.com\/index.php?rest_route=%2Fwp%2Fv2%2Fcategories&post=2249"},{"taxonomy":"post_tag","embeddable":true,"href":"https:\/\/pornuestrolaredo.com\/index.php?rest_route=%2Fwp%2Fv2%2Ftags&post=2249"}],"curies":[{"name":"wp","href":"https:\/\/api.w.org\/{rel}","templated":true}]}}