{"id":2252,"date":"2023-04-06T23:48:06","date_gmt":"2023-04-06T23:48:06","guid":{"rendered":"https:\/\/pornuestrolaredo.com\/?p=2252"},"modified":"2023-04-06T23:48:06","modified_gmt":"2023-04-06T23:48:06","slug":"ordenan-evacuar-a-2-mil-500-familias-por-volcan","status":"publish","type":"post","link":"https:\/\/pornuestrolaredo.com\/?p=2252","title":{"rendered":"Ordenan evacuar a 2 mil 500 familias por volc\u00e1n"},"content":{"rendered":"<p><strong>BOGOT\u00c1.-<\/strong> El Gobierno colombiano solicit\u00f3 este mi\u00e9rcoles a los organismos locales de prevenci\u00f3n y atenci\u00f3n de desastres de la zona del Nevado del Ruiz, en la cordillera central del pa\u00eds, que aceleren la evacuaci\u00f3n preventiva de 2 mil 500 familias que est\u00e1n en alto riesgo por el aumento de sismicidad en el volc\u00e1n.<\/p>\n<p>Los registros de actividad s\u00edsmica anotaron el martes 5 mil 200 eventos, cuando antes de declarar el nivel naranja de actividad. Antes, el volc\u00e1n ten\u00eda en promedio 50 sismos diarios, seg\u00fan el Servicio Geol\u00f3gico Colombiano.<\/p>\n<p>El lunes, la disposici\u00f3n de evacuar la zona afectaba a 40 unidades familiares que estaban ubicadas en la parte m\u00e1s alta y cercana al volc\u00e1n.<\/p>\n<p>Pero el mi\u00e9rcoles en la madrugada, el Servicio Geol\u00f3gico registr\u00f3 tambi\u00e9n siete sismos mayores a 2.0 en la escala de Richter. La magnitud m\u00e1xima fue de 3.9, que es la m\u00e1s alta desde 1985 y superior a los movimientos de aquel a\u00f1o, cuando ocurri\u00f3 la \u00faltima erupci\u00f3n del Nevado del Ruiz.<\/p>\n<p>La actividad del volc\u00e1n es monitoreada de forma permanente y prioritaria desde 1985, a\u00f1o en el que una erupci\u00f3n y una posterior avalancha causara la muerte de cerca de 25 mil personas en el departamento de Tolima.<\/p>\n<p>El director encargado de ente de Gesti\u00f3n del Riesgo de Desastres, Luis Fernando Velasco, explic\u00f3 las 2 mil 500 familias que ahora deben evacuar \u201cest\u00e1n en las zonas de m\u00e1s alto riesgo\u201d. El presidente de Colombia, Gustavo Petro, se\u00f1al\u00f3 desde su cuenta de Twitter que \u201cel gobierno est\u00e1 atendiendo la situaci\u00f3n de primera mano y articulando todas las capacidades\u201d.<\/p>\n<p>El departamento de Caldas declar\u00f3 el mi\u00e9rcoles la calamidad p\u00fablica, una medida para facilitar recursos y asistencia humanitaria ante una posible erupci\u00f3n del volc\u00e1n. Esta decisi\u00f3n ya la hab\u00eda adoptado el departamento del Tolima. <\/p>\n<p>El volc\u00e1n est\u00e1 ubicado en el eje de la cordillera central del pa\u00eds y en el l\u00edmite entre los departamentos de Tolima y Caldas, a 5 mil 321 metros sobre el nivel del mar. Tiene una masa glaciar, por lo que su actividad puede generar deshielos s\u00fabitos.<\/p>\n","protected":false},"excerpt":{"rendered":"<p>El Nevado del Ruiz, en Colombia, pasa de 50 sismos diarios a 5 mil 200 s\u00f3lo el mi\u00e9rcoles<\/p>\n","protected":false},"author":1,"featured_media":2253,"comment_status":"closed","ping_status":"closed","sticky":false,"template":"","format":"standard","meta":{"_crdt_document":"","_jetpack_memberships_contains_paid_content":false,"footnotes":"","jetpack_publicize_message":"","jetpack_publicize_feature_enabled":true,"jetpack_social_post_already_shared":true,"jetpack_social_options":{"image_generator_settings":{"template":"highway","default_image_id":0,"font":"","enabled":false},"version":2},"_wpas_customize_per_network":false},"categories":[9],"tags":[],"class_list":["post-2252","post","type-post","status-publish","format-standard","has-post-thumbnail","hentry","category-el-mundo"],"magazineBlocksPostFeaturedMedia":{"thumbnail":"https:\/\/pornuestrolaredo.com\/wp-content\/uploads\/2023\/04\/Stereo91-20230406-6-150x150.jpg","medium":"https:\/\/pornuestrolaredo.com\/wp-content\/uploads\/2023\/04\/Stereo91-20230406-6-300x200.jpg","medium_large":"https:\/\/pornuestrolaredo.com\/wp-content\/uploads\/2023\/04\/Stereo91-20230406-6-768x512.jpg","large":"https:\/\/pornuestrolaredo.com\/wp-content\/uploads\/2023\/04\/Stereo91-20230406-6.jpg","1536x1536":"https:\/\/pornuestrolaredo.com\/wp-content\/uploads\/2023\/04\/Stereo91-20230406-6.jpg","2048x2048":"https:\/\/pornuestrolaredo.com\/wp-content\/uploads\/2023\/04\/Stereo91-20230406-6.jpg","morenews-large":"https:\/\/pornuestrolaredo.com\/wp-content\/uploads\/2023\/04\/Stereo91-20230406-6.jpg","morenews-medium":"https:\/\/pornuestrolaredo.com\/wp-content\/uploads\/2023\/04\/Stereo91-20230406-6.jpg"},"magazineBlocksPostAuthor":{"name":"Redactor","avatar":"https:\/\/pornuestrolaredo.com\/wp-content\/litespeed\/avatar\/dca1d7ec750c399f025f23b0b314f4cf.jpg?ver=1777007253"},"magazineBlocksPostCommentsNumber":false,"magazineBlocksPostExcerpt":"El Nevado del Ruiz, en Colombia, pasa de 50 sismos diarios a 5 mil 200 s\u00f3lo el mi\u00e9rcoles","magazineBlocksPostCategories":["El Mundo"],"magazineBlocksPostViewCount":119,"magazineBlocksPostReadTime":2,"magazine_blocks_featured_image_url":{"full":["https:\/\/pornuestrolaredo.com\/wp-content\/uploads\/2023\/04\/Stereo91-20230406-6.jpg",1000,667,false],"medium":["https:\/\/pornuestrolaredo.com\/wp-content\/uploads\/2023\/04\/Stereo91-20230406-6-300x200.jpg",300,200,true],"thumbnail":["https:\/\/pornuestrolaredo.com\/wp-content\/uploads\/2023\/04\/Stereo91-20230406-6-150x150.jpg",150,150,true]},"magazine_blocks_author":{"display_name":"Redactor","author_link":"https:\/\/pornuestrolaredo.com\/?author=1"},"magazine_blocks_comment":0,"magazine_blocks_author_image":"https:\/\/pornuestrolaredo.com\/wp-content\/litespeed\/avatar\/dca1d7ec750c399f025f23b0b314f4cf.jpg?ver=1777007253","magazine_blocks_category":"<a href=\"#\" class=\"category-link category-link-9\">El Mundo<\/a>","jetpack_publicize_connections":[],"featured_image_urls":{"full":["https:\/\/pornuestrolaredo.com\/wp-content\/uploads\/2023\/04\/Stereo91-20230406-6.jpg",1000,667,false],"thumbnail":["https:\/\/pornuestrolaredo.com\/wp-content\/uploads\/2023\/04\/Stereo91-20230406-6-150x150.jpg",150,150,true],"medium":["https:\/\/pornuestrolaredo.com\/wp-content\/uploads\/2023\/04\/Stereo91-20230406-6-300x200.jpg",300,200,true],"medium_large":["https:\/\/pornuestrolaredo.com\/wp-content\/uploads\/2023\/04\/Stereo91-20230406-6-768x512.jpg",640,427,true],"large":["https:\/\/pornuestrolaredo.com\/wp-content\/uploads\/2023\/04\/Stereo91-20230406-6.jpg",640,427,false],"1536x1536":["https:\/\/pornuestrolaredo.com\/wp-content\/uploads\/2023\/04\/Stereo91-20230406-6.jpg",1000,667,false],"2048x2048":["https:\/\/pornuestrolaredo.com\/wp-content\/uploads\/2023\/04\/Stereo91-20230406-6.jpg",1000,667,false],"morenews-large":["https:\/\/pornuestrolaredo.com\/wp-content\/uploads\/2023\/04\/Stereo91-20230406-6.jpg",825,550,false],"morenews-medium":["https:\/\/pornuestrolaredo.com\/wp-content\/uploads\/2023\/04\/Stereo91-20230406-6.jpg",590,394,false]},"author_info":{"info":["Redactor"]},"category_info":"<a href=\"https:\/\/pornuestrolaredo.com\/?cat=9\" rel=\"category\">El Mundo<\/a>","tag_info":"El Mundo","comment_count":"0","jetpack_featured_media_url":"https:\/\/pornuestrolaredo.com\/wp-content\/uploads\/2023\/04\/Stereo91-20230406-6.jpg","jetpack_sharing_enabled":true,"_links":{"self":[{"href":"https:\/\/pornuestrolaredo.com\/index.php?rest_route=\/wp\/v2\/posts\/2252","targetHints":{"allow":["GET"]}}],"collection":[{"href":"https:\/\/pornuestrolaredo.com\/index.php?rest_route=\/wp\/v2\/posts"}],"about":[{"href":"https:\/\/pornuestrolaredo.com\/index.php?rest_route=\/wp\/v2\/types\/post"}],"author":[{"embeddable":true,"href":"https:\/\/pornuestrolaredo.com\/index.php?rest_route=\/wp\/v2\/users\/1"}],"replies":[{"embeddable":true,"href":"https:\/\/pornuestrolaredo.com\/index.php?rest_route=%2Fwp%2Fv2%2Fcomments&post=2252"}],"version-history":[{"count":1,"href":"https:\/\/pornuestrolaredo.com\/index.php?rest_route=\/wp\/v2\/posts\/2252\/revisions"}],"predecessor-version":[{"id":2254,"href":"https:\/\/pornuestrolaredo.com\/index.php?rest_route=\/wp\/v2\/posts\/2252\/revisions\/2254"}],"wp:featuredmedia":[{"embeddable":true,"href":"https:\/\/pornuestrolaredo.com\/index.php?rest_route=\/wp\/v2\/media\/2253"}],"wp:attachment":[{"href":"https:\/\/pornuestrolaredo.com\/index.php?rest_route=%2Fwp%2Fv2%2Fmedia&parent=2252"}],"wp:term":[{"taxonomy":"category","embeddable":true,"href":"https:\/\/pornuestrolaredo.com\/index.php?rest_route=%2Fwp%2Fv2%2Fcategories&post=2252"},{"taxonomy":"post_tag","embeddable":true,"href":"https:\/\/pornuestrolaredo.com\/index.php?rest_route=%2Fwp%2Fv2%2Ftags&post=2252"}],"curies":[{"name":"wp","href":"https:\/\/api.w.org\/{rel}","templated":true}]}}