{"id":2258,"date":"2023-04-08T04:28:42","date_gmt":"2023-04-08T04:28:42","guid":{"rendered":"https:\/\/pornuestrolaredo.com\/?p=2258"},"modified":"2023-04-08T04:28:42","modified_gmt":"2023-04-08T04:28:42","slug":"arde-mercado-mayorista-en-ciudad-de-mexico","status":"publish","type":"post","link":"https:\/\/pornuestrolaredo.com\/?p=2258","title":{"rendered":"Arde mercado mayorista en Ciudad de M\u00e9xico"},"content":{"rendered":"<p><strong>CIUDAD DE M\u00c9XICO.-<\/strong> Unos 200 bomberos trabajaron durante varias horas para controlar un gran incendio registrado el jueves en el principal mercado mayorista de alimentos de la Ciudad de M\u00e9xico, que no caus\u00f3 lesionados, anunciaron las autoridades.<\/p>\n<p>El fuego en la llamada Central de Abasto \u201cse encuentra extinguido en un 90%\u201d y se sigue combatiendo en algunos puntos, dijeron los bomberos de la capital mexicana la tarde de este viernes.<\/p>\n<p>Por el momento no se han reportado heridos, indic\u00f3 a alcaldesa de la ciudad, Claudia Sheimbaum.<\/p>\n<p>Las llamas se elevaban hacia lo alto alimentadas por el viento, mientras decenas de bomberos trabajaban en plena noche para sofocar el fuego con el apoyo de camiones cisterna.<\/p>\n<p>La administraci\u00f3n de la Central de Abastos dijo en un comunicado que el incendio afect\u00f3 una extensi\u00f3n de 5.640 metros cuadrados en el sector de envases vac\u00edos, donde se comercializan cajas de cart\u00f3n, madera y pl\u00e1stico, adem\u00e1s de tarimas, canastos de carrizo y costales de rafia.<\/p>\n<p>El resto del mercado, donde se venden productos agr\u00edcolas y flores, funcionara con normalidad el viernes, explicaron los administradores en Twitter. Los responsables precisaron que el incendio comenz\u00f3 alrededor de las 19:00 horas.<\/p>\n<p>La Central de Abasto, considerado el mercado mayorista m\u00e1s grande del mundo, surte de alimentos a los mercados de diversos barrios, as\u00ed como a restaurantes y otros establecimientos. Tiene una extensi\u00f3n de 327 hect\u00e1reas y se ubica en la alcald\u00eda de Iztapalapa, en el este de la capital.<\/p>\n<p>Seg\u00fan su web, el 30% de la producci\u00f3n de alimentos de M\u00e9xico se vende en este lugar.<\/p>\n","protected":false},"excerpt":{"rendered":"<p>Fue necesaria la intervenci\u00f3n de unos 200 bomberos, por la magnitud del incendio<\/p>\n","protected":false},"author":1,"featured_media":2259,"comment_status":"closed","ping_status":"closed","sticky":false,"template":"","format":"standard","meta":{"_crdt_document":"","_jetpack_memberships_contains_paid_content":false,"footnotes":"","jetpack_publicize_message":"","jetpack_publicize_feature_enabled":true,"jetpack_social_post_already_shared":true,"jetpack_social_options":{"image_generator_settings":{"template":"highway","default_image_id":0,"font":"","enabled":false},"version":2},"_wpas_customize_per_network":false},"categories":[1],"tags":[],"class_list":["post-2258","post","type-post","status-publish","format-standard","has-post-thumbnail","hentry","category-uncategorized"],"magazineBlocksPostFeaturedMedia":{"thumbnail":"https:\/\/pornuestrolaredo.com\/wp-content\/uploads\/2023\/04\/PNL-20230407-6-150x150.jpg","medium":"https:\/\/pornuestrolaredo.com\/wp-content\/uploads\/2023\/04\/PNL-20230407-6-300x185.jpg","medium_large":"https:\/\/pornuestrolaredo.com\/wp-content\/uploads\/2023\/04\/PNL-20230407-6-768x473.jpg","large":"https:\/\/pornuestrolaredo.com\/wp-content\/uploads\/2023\/04\/PNL-20230407-6.jpg","1536x1536":"https:\/\/pornuestrolaredo.com\/wp-content\/uploads\/2023\/04\/PNL-20230407-6.jpg","2048x2048":"https:\/\/pornuestrolaredo.com\/wp-content\/uploads\/2023\/04\/PNL-20230407-6.jpg","morenews-large":"https:\/\/pornuestrolaredo.com\/wp-content\/uploads\/2023\/04\/PNL-20230407-6.jpg","morenews-medium":"https:\/\/pornuestrolaredo.com\/wp-content\/uploads\/2023\/04\/PNL-20230407-6.jpg"},"magazineBlocksPostAuthor":{"name":"Redactor","avatar":"https:\/\/pornuestrolaredo.com\/wp-content\/litespeed\/avatar\/dca1d7ec750c399f025f23b0b314f4cf.jpg?ver=1777007253"},"magazineBlocksPostCommentsNumber":false,"magazineBlocksPostExcerpt":"Fue necesaria la intervenci\u00f3n de unos 200 bomberos, por la magnitud del incendio","magazineBlocksPostCategories":["Uncategorized"],"magazineBlocksPostViewCount":173,"magazineBlocksPostReadTime":2,"magazine_blocks_featured_image_url":{"full":["https:\/\/pornuestrolaredo.com\/wp-content\/uploads\/2023\/04\/PNL-20230407-6.jpg",1000,616,false],"medium":["https:\/\/pornuestrolaredo.com\/wp-content\/uploads\/2023\/04\/PNL-20230407-6-300x185.jpg",300,185,true],"thumbnail":["https:\/\/pornuestrolaredo.com\/wp-content\/uploads\/2023\/04\/PNL-20230407-6-150x150.jpg",150,150,true]},"magazine_blocks_author":{"display_name":"Redactor","author_link":"https:\/\/pornuestrolaredo.com\/?author=1"},"magazine_blocks_comment":0,"magazine_blocks_author_image":"https:\/\/pornuestrolaredo.com\/wp-content\/litespeed\/avatar\/dca1d7ec750c399f025f23b0b314f4cf.jpg?ver=1777007253","magazine_blocks_category":"<a href=\"#\" class=\"category-link category-link-1\">Uncategorized<\/a>","jetpack_publicize_connections":[],"featured_image_urls":{"full":["https:\/\/pornuestrolaredo.com\/wp-content\/uploads\/2023\/04\/PNL-20230407-6.jpg",1000,616,false],"thumbnail":["https:\/\/pornuestrolaredo.com\/wp-content\/uploads\/2023\/04\/PNL-20230407-6-150x150.jpg",150,150,true],"medium":["https:\/\/pornuestrolaredo.com\/wp-content\/uploads\/2023\/04\/PNL-20230407-6-300x185.jpg",300,185,true],"medium_large":["https:\/\/pornuestrolaredo.com\/wp-content\/uploads\/2023\/04\/PNL-20230407-6-768x473.jpg",640,394,true],"large":["https:\/\/pornuestrolaredo.com\/wp-content\/uploads\/2023\/04\/PNL-20230407-6.jpg",640,394,false],"1536x1536":["https:\/\/pornuestrolaredo.com\/wp-content\/uploads\/2023\/04\/PNL-20230407-6.jpg",1000,616,false],"2048x2048":["https:\/\/pornuestrolaredo.com\/wp-content\/uploads\/2023\/04\/PNL-20230407-6.jpg",1000,616,false],"morenews-large":["https:\/\/pornuestrolaredo.com\/wp-content\/uploads\/2023\/04\/PNL-20230407-6.jpg",825,508,false],"morenews-medium":["https:\/\/pornuestrolaredo.com\/wp-content\/uploads\/2023\/04\/PNL-20230407-6.jpg",590,363,false]},"author_info":{"info":["Redactor"]},"category_info":"<a href=\"https:\/\/pornuestrolaredo.com\/?cat=1\" rel=\"category\">Uncategorized<\/a>","tag_info":"Uncategorized","comment_count":"0","jetpack_featured_media_url":"https:\/\/pornuestrolaredo.com\/wp-content\/uploads\/2023\/04\/PNL-20230407-6.jpg","jetpack_sharing_enabled":true,"_links":{"self":[{"href":"https:\/\/pornuestrolaredo.com\/index.php?rest_route=\/wp\/v2\/posts\/2258","targetHints":{"allow":["GET"]}}],"collection":[{"href":"https:\/\/pornuestrolaredo.com\/index.php?rest_route=\/wp\/v2\/posts"}],"about":[{"href":"https:\/\/pornuestrolaredo.com\/index.php?rest_route=\/wp\/v2\/types\/post"}],"author":[{"embeddable":true,"href":"https:\/\/pornuestrolaredo.com\/index.php?rest_route=\/wp\/v2\/users\/1"}],"replies":[{"embeddable":true,"href":"https:\/\/pornuestrolaredo.com\/index.php?rest_route=%2Fwp%2Fv2%2Fcomments&post=2258"}],"version-history":[{"count":1,"href":"https:\/\/pornuestrolaredo.com\/index.php?rest_route=\/wp\/v2\/posts\/2258\/revisions"}],"predecessor-version":[{"id":2260,"href":"https:\/\/pornuestrolaredo.com\/index.php?rest_route=\/wp\/v2\/posts\/2258\/revisions\/2260"}],"wp:featuredmedia":[{"embeddable":true,"href":"https:\/\/pornuestrolaredo.com\/index.php?rest_route=\/wp\/v2\/media\/2259"}],"wp:attachment":[{"href":"https:\/\/pornuestrolaredo.com\/index.php?rest_route=%2Fwp%2Fv2%2Fmedia&parent=2258"}],"wp:term":[{"taxonomy":"category","embeddable":true,"href":"https:\/\/pornuestrolaredo.com\/index.php?rest_route=%2Fwp%2Fv2%2Fcategories&post=2258"},{"taxonomy":"post_tag","embeddable":true,"href":"https:\/\/pornuestrolaredo.com\/index.php?rest_route=%2Fwp%2Fv2%2Ftags&post=2258"}],"curies":[{"name":"wp","href":"https:\/\/api.w.org\/{rel}","templated":true}]}}