{"id":2264,"date":"2023-04-10T16:53:28","date_gmt":"2023-04-10T16:53:28","guid":{"rendered":"https:\/\/pornuestrolaredo.com\/?p=2264"},"modified":"2023-04-10T16:53:28","modified_gmt":"2023-04-10T16:53:28","slug":"fallece-julian-figueroa-hijo-de-maribel-guardia-y-joan-sebastian","status":"publish","type":"post","link":"https:\/\/pornuestrolaredo.com\/?p=2264","title":{"rendered":"Fallece Juli\u00e1n Figueroa, hijo de Maribel Guardia y Joan Sebastian"},"content":{"rendered":"<p><strong>CIUDAD DE M\u00c9XICO.- <\/strong>Juli\u00e1n Figueroa, hijo de Maribel Guardia y Joan Sebastian, muri\u00f3 a causa de un infarto en su casa de CDMX, confirm\u00f3 su madre.<\/p>\n<p>Maribel Guardia comunic\u00f3 esta ma\u00f1ana que el joven de 27 a\u00f1os fue hallado inconsciente anoche sin signos de violencia, mientras ella estaba en el teatro.<\/p>\n<blockquote><p>Lo encontraron inconsciente esta noche en su cuarto, mientras yo estaba en el teatro. Llamaron al 911 y cuando lleg\u00f3 la ambulancia y la polic\u00eda lo encontraron ya sin vida, sin rastro de violencia alguno.<\/p><\/blockquote>\n<p>&#8220;El parte m\u00e9dico indica que falleci\u00f3 por un infarto agudo al miocardio y fibrilaci\u00f3n ventricular&#8221;, public\u00f3 en redes.<\/p>\n<p>Los reportes difundidos la noche de este domingo se\u00f1alaron que el deceso fue en la casa de Juli\u00e1n Figueroa, ubicada en Jardines del Pedregal, en la Ciudad de M\u00e9xico.<\/p>\n<p>Maribel Guardia dijo que las honras f\u00fanebres ser\u00e1n en privado y pidi\u00f3 respeto a su privacidad por el dolor que le causa la muerte de su hijo.<\/p>\n<blockquote><p>Ruego comprensi\u00f3n por el profundo dolor por que estamos pasando, quisiera hablar con toda la gente que est\u00e1 intentando comunicarse, pero en verdad no tengo fuerza para hacerlo todav\u00eda. Ruego respeto a todos por nuestra privacidad y el doloroso momento que pasamos.<\/p><\/blockquote>\n<blockquote><p>Sus honras f\u00fanebres se realizaran en privado, al lado de las personas m\u00e1s cercanas y que m\u00e1s lo amaron&#8221;, a\u00f1adi\u00f3.<\/p><\/blockquote>\n<p>La actriz agradeci\u00f3 el apoyo recibido de parte de sus seguidores y dijo que le es imposible responder a los mensajes en este momento de pena. <\/p>\n<blockquote><p>Agradezco a todos los mensajes de apoyo y amor que me han estado enviando, pero en \u00e9ste momento no tengo alma para contestar a nadie; espero poder hacerlo en otro momento&#8221;, poste\u00f3 en su cuenta de Instagram. <\/p><\/blockquote>\n<p>Apenas el s\u00e1bado 8 de abril, el pap\u00e1 del joven, Joan Sebastian, quien falleci\u00f3 en 2015, habr\u00eda cumplido 72 a\u00f1os.<\/p>\n<p>En una publicaci\u00f3n hecha en su cuenta de Instagram la tarde del s\u00e1bado, Juli\u00e1n record\u00f3 el cumplea\u00f1os de su padre y mencion\u00f3 que su \u00fanico deseo era abrazarlo.<\/p>\n<blockquote><p>Al demonio con los grammys con la fama y el dinero, pues mi \u00fanico deseo es abrazarte una vez m\u00e1s.<\/p><\/blockquote>\n<blockquote><p>Te amo pap\u00e1 y si me duele tu muerte es porque tu vida era tan valiosa para m\u00ed&#8221;, confes\u00f3.<\/p><\/blockquote>\n<p>Tambi\u00e9n se\u00f1al\u00f3 que desde la partida de Joan Sebastian el tiempo pasaba m\u00e1s lento y decidi\u00f3 abrir su coraz\u00f3n con sus seguidores.<\/p>\n<blockquote><p>Que despacio han pasado 8 a\u00f1os, desde el d\u00eda de tu partida el tiempo sabe m\u00e1s amargo. Y proclaman las personas el tiempo todo ha de arreglar, pero es una vil mentira cada d\u00eda duele m\u00e1s y sin temor a herir susceptibilidades aqu\u00ed les va.<\/p><\/blockquote>\n<blockquote><p>Vituperan los fan\u00e1ticos viva el poeta del pueblo, pero a m\u00ed me me importa un bledo s\u00f3lo quiero a mi pap\u00e1&#8221;, afirm\u00f3.<\/p><\/blockquote>\n<p>Juli\u00e1n Figueroa emul\u00f3 los pasos de su padre y, por un tiempo, se dedic\u00f3 a la m\u00fasica regional mexicana. El joven es recordado por canciones como &#8220;La Trampa&#8221;, &#8220;Yo Ser\u00eda&#8221; y &#8220;C\u00f3mo Olvidar&#8221;.<\/p>\n<p>El hijo de &#8220;El Rey del Jaripeo&#8221; mostr\u00f3 inter\u00e9s en la m\u00fasica desde temprana edad. Fue a los 8 a\u00f1os que comenz\u00f3 a tocar guitarra, m\u00e1s tarde estudi\u00f3 canto y composici\u00f3n musical.<\/p>\n<p>Juli\u00e1n tambi\u00e9n tuvo una faceta de actor y apareci\u00f3 en producciones como &#8220;Mi camino es amarte&#8221; y en la serie biogr\u00e1fica de su padre &#8220;Por siempre Joan Sebastian&#8221;.<\/p>\n","protected":false},"excerpt":{"rendered":"<p>Su madre confirma el fallecimiento; infarto agudo al miocardio y fibrilaci\u00f3n ventricular le quit\u00f3 la vida<\/p>\n","protected":false},"author":1,"featured_media":2265,"comment_status":"closed","ping_status":"closed","sticky":false,"template":"","format":"standard","meta":{"_crdt_document":"","_jetpack_memberships_contains_paid_content":false,"footnotes":"","jetpack_publicize_message":"","jetpack_publicize_feature_enabled":true,"jetpack_social_post_already_shared":true,"jetpack_social_options":{"image_generator_settings":{"template":"highway","default_image_id":0,"font":"","enabled":false},"version":2},"_wpas_customize_per_network":false},"categories":[33],"tags":[],"class_list":["post-2264","post","type-post","status-publish","format-standard","has-post-thumbnail","hentry","category-mexico"],"magazineBlocksPostFeaturedMedia":{"thumbnail":"https:\/\/pornuestrolaredo.com\/wp-content\/uploads\/2023\/04\/PNL-20230410-2-150x150.jpg","medium":"https:\/\/pornuestrolaredo.com\/wp-content\/uploads\/2023\/04\/PNL-20230410-2-300x153.jpg","medium_large":"https:\/\/pornuestrolaredo.com\/wp-content\/uploads\/2023\/04\/PNL-20230410-2-768x392.jpg","large":"https:\/\/pornuestrolaredo.com\/wp-content\/uploads\/2023\/04\/PNL-20230410-2-1000x510.jpg","1536x1536":"https:\/\/pornuestrolaredo.com\/wp-content\/uploads\/2023\/04\/PNL-20230410-2.jpg","2048x2048":"https:\/\/pornuestrolaredo.com\/wp-content\/uploads\/2023\/04\/PNL-20230410-2.jpg","morenews-large":"https:\/\/pornuestrolaredo.com\/wp-content\/uploads\/2023\/04\/PNL-20230410-2.jpg","morenews-medium":"https:\/\/pornuestrolaredo.com\/wp-content\/uploads\/2023\/04\/PNL-20230410-2.jpg"},"magazineBlocksPostAuthor":{"name":"Redactor","avatar":"https:\/\/pornuestrolaredo.com\/wp-content\/litespeed\/avatar\/dca1d7ec750c399f025f23b0b314f4cf.jpg?ver=1777007253"},"magazineBlocksPostCommentsNumber":false,"magazineBlocksPostExcerpt":"Su madre confirma el fallecimiento; infarto agudo al miocardio y fibrilaci\u00f3n ventricular le quit\u00f3 la vida","magazineBlocksPostCategories":["Mexico"],"magazineBlocksPostViewCount":141,"magazineBlocksPostReadTime":3,"magazine_blocks_featured_image_url":{"full":["https:\/\/pornuestrolaredo.com\/wp-content\/uploads\/2023\/04\/PNL-20230410-2.jpg",1200,612,false],"medium":["https:\/\/pornuestrolaredo.com\/wp-content\/uploads\/2023\/04\/PNL-20230410-2-300x153.jpg",300,153,true],"thumbnail":["https:\/\/pornuestrolaredo.com\/wp-content\/uploads\/2023\/04\/PNL-20230410-2-150x150.jpg",150,150,true]},"magazine_blocks_author":{"display_name":"Redactor","author_link":"https:\/\/pornuestrolaredo.com\/?author=1"},"magazine_blocks_comment":0,"magazine_blocks_author_image":"https:\/\/pornuestrolaredo.com\/wp-content\/litespeed\/avatar\/dca1d7ec750c399f025f23b0b314f4cf.jpg?ver=1777007253","magazine_blocks_category":"<a href=\"#\" class=\"category-link category-link-33\">Mexico<\/a>","jetpack_publicize_connections":[],"featured_image_urls":{"full":["https:\/\/pornuestrolaredo.com\/wp-content\/uploads\/2023\/04\/PNL-20230410-2.jpg",1200,612,false],"thumbnail":["https:\/\/pornuestrolaredo.com\/wp-content\/uploads\/2023\/04\/PNL-20230410-2-150x150.jpg",150,150,true],"medium":["https:\/\/pornuestrolaredo.com\/wp-content\/uploads\/2023\/04\/PNL-20230410-2-300x153.jpg",300,153,true],"medium_large":["https:\/\/pornuestrolaredo.com\/wp-content\/uploads\/2023\/04\/PNL-20230410-2-768x392.jpg",640,327,true],"large":["https:\/\/pornuestrolaredo.com\/wp-content\/uploads\/2023\/04\/PNL-20230410-2-1000x510.jpg",640,326,true],"1536x1536":["https:\/\/pornuestrolaredo.com\/wp-content\/uploads\/2023\/04\/PNL-20230410-2.jpg",1200,612,false],"2048x2048":["https:\/\/pornuestrolaredo.com\/wp-content\/uploads\/2023\/04\/PNL-20230410-2.jpg",1200,612,false],"morenews-large":["https:\/\/pornuestrolaredo.com\/wp-content\/uploads\/2023\/04\/PNL-20230410-2.jpg",825,421,false],"morenews-medium":["https:\/\/pornuestrolaredo.com\/wp-content\/uploads\/2023\/04\/PNL-20230410-2.jpg",590,301,false]},"author_info":{"info":["Redactor"]},"category_info":"<a href=\"https:\/\/pornuestrolaredo.com\/?cat=33\" rel=\"category\">Mexico<\/a>","tag_info":"Mexico","comment_count":"0","jetpack_featured_media_url":"https:\/\/pornuestrolaredo.com\/wp-content\/uploads\/2023\/04\/PNL-20230410-2.jpg","jetpack_sharing_enabled":true,"_links":{"self":[{"href":"https:\/\/pornuestrolaredo.com\/index.php?rest_route=\/wp\/v2\/posts\/2264","targetHints":{"allow":["GET"]}}],"collection":[{"href":"https:\/\/pornuestrolaredo.com\/index.php?rest_route=\/wp\/v2\/posts"}],"about":[{"href":"https:\/\/pornuestrolaredo.com\/index.php?rest_route=\/wp\/v2\/types\/post"}],"author":[{"embeddable":true,"href":"https:\/\/pornuestrolaredo.com\/index.php?rest_route=\/wp\/v2\/users\/1"}],"replies":[{"embeddable":true,"href":"https:\/\/pornuestrolaredo.com\/index.php?rest_route=%2Fwp%2Fv2%2Fcomments&post=2264"}],"version-history":[{"count":1,"href":"https:\/\/pornuestrolaredo.com\/index.php?rest_route=\/wp\/v2\/posts\/2264\/revisions"}],"predecessor-version":[{"id":2266,"href":"https:\/\/pornuestrolaredo.com\/index.php?rest_route=\/wp\/v2\/posts\/2264\/revisions\/2266"}],"wp:featuredmedia":[{"embeddable":true,"href":"https:\/\/pornuestrolaredo.com\/index.php?rest_route=\/wp\/v2\/media\/2265"}],"wp:attachment":[{"href":"https:\/\/pornuestrolaredo.com\/index.php?rest_route=%2Fwp%2Fv2%2Fmedia&parent=2264"}],"wp:term":[{"taxonomy":"category","embeddable":true,"href":"https:\/\/pornuestrolaredo.com\/index.php?rest_route=%2Fwp%2Fv2%2Fcategories&post=2264"},{"taxonomy":"post_tag","embeddable":true,"href":"https:\/\/pornuestrolaredo.com\/index.php?rest_route=%2Fwp%2Fv2%2Ftags&post=2264"}],"curies":[{"name":"wp","href":"https:\/\/api.w.org\/{rel}","templated":true}]}}