{"id":2271,"date":"2023-04-11T18:41:12","date_gmt":"2023-04-11T18:41:12","guid":{"rendered":"https:\/\/pornuestrolaredo.com\/?p=2271"},"modified":"2023-04-11T18:41:12","modified_gmt":"2023-04-11T18:41:12","slug":"habra-bazar-para-la-ninez-el-15-de-abril","status":"publish","type":"post","link":"https:\/\/pornuestrolaredo.com\/?p=2271","title":{"rendered":"Habr\u00e1 bazar para la ni\u00f1ez el 15 de abril"},"content":{"rendered":"<p><strong>NUEVO LAREDO.-<\/strong> Est\u00e1 todo listo para que este s\u00e1bado 15 de abril se lleve a cabo el bazar \u201cHaciendo Comunidad Kids\u201d en las instalaciones del parque Viveros donde la tem\u00e1tica ser\u00e1 del D\u00eda del Ni\u00f1o y la Ni\u00f1a.<\/p>\n<p>Liliana Arjona Barocio, secretaria de Bienestar Social, inform\u00f3 que para esta edici\u00f3n especial, se llevar\u00e1 a cabo una jornada de vacunaci\u00f3n contra el Covid-19 para beb\u00e9s de 6 meses a ni\u00f1os de 12 a\u00f1os.<\/p>\n<blockquote><p>Este bazar estar\u00e1 enfocado a las ni\u00f1as y ni\u00f1os de la ciudad es por eso que quisimos aprovechar para que adem\u00e1s de que elijan un regalo de alguno de los negocios locales que estar\u00e1n participando, se puedan vacunar y est\u00e9n bien protegidos\u201d, destac\u00f3 Arjona Barocio.<\/p><\/blockquote>\n<p>El evento dar\u00e1 inicio a las 12:00 del mediod\u00eda hasta las 5:00 de la tarde, ah\u00ed las familias  podr\u00e1n disfrutar de los m\u00e1s de 80 negocios locales que se instalar\u00e1n para brindar su producto o servicio. As\u00ed como encontrar el regalo ideal para los menores de la casa.<\/p>\n<p>Para distracci\u00f3n y diversi\u00f3n de los ni\u00f1os habr\u00e1 diferentes actividades como un show infantil, brincolines, juegos entre otras.<\/p>\n<p>La poblaci\u00f3n podr\u00e1 adquirir desde accesorios, calzado, joyer\u00eda, bolsas, art\u00edculos para el hogar, ropa, belleza y gastronom\u00eda y de esta manera apoyar el comercio local.<\/p>\n","protected":false},"excerpt":{"rendered":"<p>Durante la jornada se aplicar\u00e1 a menores de edad la vacuna contra el covid-19<\/p>\n","protected":false},"author":1,"featured_media":2273,"comment_status":"closed","ping_status":"closed","sticky":false,"template":"","format":"standard","meta":{"_crdt_document":"","_jetpack_memberships_contains_paid_content":false,"footnotes":"","jetpack_publicize_message":"","jetpack_publicize_feature_enabled":true,"jetpack_social_post_already_shared":true,"jetpack_social_options":{"image_generator_settings":{"template":"highway","default_image_id":0,"font":"","enabled":false},"version":2},"_wpas_customize_per_network":false},"categories":[4],"tags":[],"class_list":["post-2271","post","type-post","status-publish","format-standard","has-post-thumbnail","hentry","category-los-dos-laredos"],"magazineBlocksPostFeaturedMedia":{"thumbnail":"https:\/\/pornuestrolaredo.com\/wp-content\/uploads\/2023\/04\/PNL-20230411-3-150x150.jpg","medium":"https:\/\/pornuestrolaredo.com\/wp-content\/uploads\/2023\/04\/PNL-20230411-3-300x180.jpg","medium_large":"https:\/\/pornuestrolaredo.com\/wp-content\/uploads\/2023\/04\/PNL-20230411-3-768x461.jpg","large":"https:\/\/pornuestrolaredo.com\/wp-content\/uploads\/2023\/04\/PNL-20230411-3-1000x600.jpg","1536x1536":"https:\/\/pornuestrolaredo.com\/wp-content\/uploads\/2023\/04\/PNL-20230411-3.jpg","2048x2048":"https:\/\/pornuestrolaredo.com\/wp-content\/uploads\/2023\/04\/PNL-20230411-3.jpg","morenews-large":"https:\/\/pornuestrolaredo.com\/wp-content\/uploads\/2023\/04\/PNL-20230411-3.jpg","morenews-medium":"https:\/\/pornuestrolaredo.com\/wp-content\/uploads\/2023\/04\/PNL-20230411-3.jpg"},"magazineBlocksPostAuthor":{"name":"Redactor","avatar":"https:\/\/pornuestrolaredo.com\/wp-content\/litespeed\/avatar\/dca1d7ec750c399f025f23b0b314f4cf.jpg?ver=1777007253"},"magazineBlocksPostCommentsNumber":false,"magazineBlocksPostExcerpt":"Durante la jornada se aplicar\u00e1 a menores de edad la vacuna contra el covid-19","magazineBlocksPostCategories":["Los dos Laredos"],"magazineBlocksPostViewCount":161,"magazineBlocksPostReadTime":2,"magazine_blocks_featured_image_url":{"full":["https:\/\/pornuestrolaredo.com\/wp-content\/uploads\/2023\/04\/PNL-20230411-3.jpg",1280,768,false],"medium":["https:\/\/pornuestrolaredo.com\/wp-content\/uploads\/2023\/04\/PNL-20230411-3-300x180.jpg",300,180,true],"thumbnail":["https:\/\/pornuestrolaredo.com\/wp-content\/uploads\/2023\/04\/PNL-20230411-3-150x150.jpg",150,150,true]},"magazine_blocks_author":{"display_name":"Redactor","author_link":"https:\/\/pornuestrolaredo.com\/?author=1"},"magazine_blocks_comment":0,"magazine_blocks_author_image":"https:\/\/pornuestrolaredo.com\/wp-content\/litespeed\/avatar\/dca1d7ec750c399f025f23b0b314f4cf.jpg?ver=1777007253","magazine_blocks_category":"<a href=\"#\" class=\"category-link category-link-4\">Los dos Laredos<\/a>","jetpack_publicize_connections":[],"featured_image_urls":{"full":["https:\/\/pornuestrolaredo.com\/wp-content\/uploads\/2023\/04\/PNL-20230411-3.jpg",1280,768,false],"thumbnail":["https:\/\/pornuestrolaredo.com\/wp-content\/uploads\/2023\/04\/PNL-20230411-3-150x150.jpg",150,150,true],"medium":["https:\/\/pornuestrolaredo.com\/wp-content\/uploads\/2023\/04\/PNL-20230411-3-300x180.jpg",300,180,true],"medium_large":["https:\/\/pornuestrolaredo.com\/wp-content\/uploads\/2023\/04\/PNL-20230411-3-768x461.jpg",640,384,true],"large":["https:\/\/pornuestrolaredo.com\/wp-content\/uploads\/2023\/04\/PNL-20230411-3-1000x600.jpg",640,384,true],"1536x1536":["https:\/\/pornuestrolaredo.com\/wp-content\/uploads\/2023\/04\/PNL-20230411-3.jpg",1280,768,false],"2048x2048":["https:\/\/pornuestrolaredo.com\/wp-content\/uploads\/2023\/04\/PNL-20230411-3.jpg",1280,768,false],"morenews-large":["https:\/\/pornuestrolaredo.com\/wp-content\/uploads\/2023\/04\/PNL-20230411-3.jpg",825,495,false],"morenews-medium":["https:\/\/pornuestrolaredo.com\/wp-content\/uploads\/2023\/04\/PNL-20230411-3.jpg",590,354,false]},"author_info":{"info":["Redactor"]},"category_info":"<a href=\"https:\/\/pornuestrolaredo.com\/?cat=4\" rel=\"category\">Los dos Laredos<\/a>","tag_info":"Los dos Laredos","comment_count":"0","jetpack_featured_media_url":"https:\/\/pornuestrolaredo.com\/wp-content\/uploads\/2023\/04\/PNL-20230411-3.jpg","jetpack_sharing_enabled":true,"_links":{"self":[{"href":"https:\/\/pornuestrolaredo.com\/index.php?rest_route=\/wp\/v2\/posts\/2271","targetHints":{"allow":["GET"]}}],"collection":[{"href":"https:\/\/pornuestrolaredo.com\/index.php?rest_route=\/wp\/v2\/posts"}],"about":[{"href":"https:\/\/pornuestrolaredo.com\/index.php?rest_route=\/wp\/v2\/types\/post"}],"author":[{"embeddable":true,"href":"https:\/\/pornuestrolaredo.com\/index.php?rest_route=\/wp\/v2\/users\/1"}],"replies":[{"embeddable":true,"href":"https:\/\/pornuestrolaredo.com\/index.php?rest_route=%2Fwp%2Fv2%2Fcomments&post=2271"}],"version-history":[{"count":2,"href":"https:\/\/pornuestrolaredo.com\/index.php?rest_route=\/wp\/v2\/posts\/2271\/revisions"}],"predecessor-version":[{"id":2274,"href":"https:\/\/pornuestrolaredo.com\/index.php?rest_route=\/wp\/v2\/posts\/2271\/revisions\/2274"}],"wp:featuredmedia":[{"embeddable":true,"href":"https:\/\/pornuestrolaredo.com\/index.php?rest_route=\/wp\/v2\/media\/2273"}],"wp:attachment":[{"href":"https:\/\/pornuestrolaredo.com\/index.php?rest_route=%2Fwp%2Fv2%2Fmedia&parent=2271"}],"wp:term":[{"taxonomy":"category","embeddable":true,"href":"https:\/\/pornuestrolaredo.com\/index.php?rest_route=%2Fwp%2Fv2%2Fcategories&post=2271"},{"taxonomy":"post_tag","embeddable":true,"href":"https:\/\/pornuestrolaredo.com\/index.php?rest_route=%2Fwp%2Fv2%2Ftags&post=2271"}],"curies":[{"name":"wp","href":"https:\/\/api.w.org\/{rel}","templated":true}]}}