{"id":2293,"date":"2023-04-17T04:44:09","date_gmt":"2023-04-17T04:44:09","guid":{"rendered":"https:\/\/pornuestrolaredo.com\/?p=2293"},"modified":"2023-04-17T04:45:47","modified_gmt":"2023-04-17T04:45:47","slug":"2293","status":"publish","type":"post","link":"https:\/\/pornuestrolaredo.com\/?p=2293","title":{"rendered":"Matan a exlegislador y lo captan en vivo por televisi\u00f3n"},"content":{"rendered":"<p><strong>LUCKNOW, India.-<\/strong> Un exlegislador indio convicto de secuestro y acusado de asesinato fue abatido junto con su hermano en un ataque dram\u00e1tico captado en vivo por televisi\u00f3n en el norte de la India, informaron el domingo autoridades.<\/p>\n<p>Atiq Ahmad y su hermano Ashraf estaban siendo escoltados por polic\u00edas rumbo a un examen m\u00e9dico el s\u00e1bado en la noche cuando tres hombres que se hicieron pasar por periodistas les dispararon en Prayagraj, una ciudad del estado Uttar Pradesh.<\/p>\n<p>Los agresores inmediatamente se entregaron tras el atentado, y por lo menos uno de ellos grit\u00f3 \u201cJai Shri Ram\u201d (\u201cAlabado el Se\u00f1or Ram\u201d), un eslogan que se ha convertido en grito de guerra para nacionalistas hind\u00faes en su campa\u00f1a contra los musulmanes.<\/p>\n<p>Uttar Pradesh est\u00e1 gobernado por el partido nacionalista hind\u00fa Bhartiya Janata, que gobierna tambi\u00e9n al pa\u00eds, desde 2017. Desde entonces, m\u00e1s de 180 personas bajo proceso penal en el estado m\u00e1s poblado de India han sido asesinadas en llamados \u201cencuestros policiales\u201d, que seg\u00fan activistas son en realidad ajustamientos extrajudiciales.<\/p>\n<p>Tras el atentado, las autoridades del estado prohibieron reuniones de m\u00e1s de cuatro personas y cortaron el acceso a internet y el servicio de telefon\u00eda celular en la ciudad de Prayagraj. El gobierno adem\u00e1s orden\u00f3 una investigaci\u00f3n del caso, que ser\u00e1 dirigida por un juez retirado.<\/p>\n<p>El oficial de polic\u00eda Ramit Sharma revel\u00f3 que los agresores hab\u00edan venido en motocicletas, haci\u00e9ndose pasar por periodistas.<\/p>\n<blockquote><p>Llegaron a acercarse a Atiq y su hermano bajo el pretexto de grabarles su declaraci\u00f3n y les dispararon de cerca. Ambos fueron baleados en la cabeza. Todo pas\u00f3 en cuesti\u00f3n de segundos\u201d, afirm\u00f3 Sharma.<\/p><\/blockquote>\n<p>Videos del atentado se volvieron populares en las redes sociales. Inicialmente fue transmitido en vivo, cuando los hermanos le hablaban a la prensa en su camino al hospital.<\/p>\n","protected":false},"excerpt":{"rendered":"<p>El hermano del pol\u00edtico, que fue acusado de secuestro y acusado de asesinato, tambi\u00e9n fue abatido a balazos<\/p>\n","protected":false},"author":1,"featured_media":2294,"comment_status":"closed","ping_status":"closed","sticky":false,"template":"","format":"standard","meta":{"_crdt_document":"","_jetpack_memberships_contains_paid_content":false,"footnotes":"","jetpack_publicize_message":"","jetpack_publicize_feature_enabled":true,"jetpack_social_post_already_shared":true,"jetpack_social_options":{"image_generator_settings":{"template":"highway","default_image_id":0,"font":"","enabled":false},"version":2},"_wpas_customize_per_network":false},"categories":[9],"tags":[],"class_list":["post-2293","post","type-post","status-publish","format-standard","has-post-thumbnail","hentry","category-el-mundo"],"magazineBlocksPostFeaturedMedia":{"thumbnail":"https:\/\/pornuestrolaredo.com\/wp-content\/uploads\/2023\/04\/PNL-20230416-1-150x150.jpg","medium":"https:\/\/pornuestrolaredo.com\/wp-content\/uploads\/2023\/04\/PNL-20230416-1-300x176.jpg","medium_large":"https:\/\/pornuestrolaredo.com\/wp-content\/uploads\/2023\/04\/PNL-20230416-1-768x449.jpg","large":"https:\/\/pornuestrolaredo.com\/wp-content\/uploads\/2023\/04\/PNL-20230416-1.jpg","1536x1536":"https:\/\/pornuestrolaredo.com\/wp-content\/uploads\/2023\/04\/PNL-20230416-1.jpg","2048x2048":"https:\/\/pornuestrolaredo.com\/wp-content\/uploads\/2023\/04\/PNL-20230416-1.jpg","morenews-large":"https:\/\/pornuestrolaredo.com\/wp-content\/uploads\/2023\/04\/PNL-20230416-1.jpg","morenews-medium":"https:\/\/pornuestrolaredo.com\/wp-content\/uploads\/2023\/04\/PNL-20230416-1.jpg"},"magazineBlocksPostAuthor":{"name":"Redactor","avatar":"https:\/\/pornuestrolaredo.com\/wp-content\/litespeed\/avatar\/dca1d7ec750c399f025f23b0b314f4cf.jpg?ver=1777007253"},"magazineBlocksPostCommentsNumber":false,"magazineBlocksPostExcerpt":"El hermano del pol\u00edtico, que fue acusado de secuestro y acusado de asesinato, tambi\u00e9n fue abatido a balazos","magazineBlocksPostCategories":["El Mundo"],"magazineBlocksPostViewCount":114,"magazineBlocksPostReadTime":2,"magazine_blocks_featured_image_url":{"full":["https:\/\/pornuestrolaredo.com\/wp-content\/uploads\/2023\/04\/PNL-20230416-1.jpg",1000,585,false],"medium":["https:\/\/pornuestrolaredo.com\/wp-content\/uploads\/2023\/04\/PNL-20230416-1-300x176.jpg",300,176,true],"thumbnail":["https:\/\/pornuestrolaredo.com\/wp-content\/uploads\/2023\/04\/PNL-20230416-1-150x150.jpg",150,150,true]},"magazine_blocks_author":{"display_name":"Redactor","author_link":"https:\/\/pornuestrolaredo.com\/?author=1"},"magazine_blocks_comment":0,"magazine_blocks_author_image":"https:\/\/pornuestrolaredo.com\/wp-content\/litespeed\/avatar\/dca1d7ec750c399f025f23b0b314f4cf.jpg?ver=1777007253","magazine_blocks_category":"<a href=\"#\" class=\"category-link category-link-9\">El Mundo<\/a>","jetpack_publicize_connections":[],"featured_image_urls":{"full":["https:\/\/pornuestrolaredo.com\/wp-content\/uploads\/2023\/04\/PNL-20230416-1.jpg",1000,585,false],"thumbnail":["https:\/\/pornuestrolaredo.com\/wp-content\/uploads\/2023\/04\/PNL-20230416-1-150x150.jpg",150,150,true],"medium":["https:\/\/pornuestrolaredo.com\/wp-content\/uploads\/2023\/04\/PNL-20230416-1-300x176.jpg",300,176,true],"medium_large":["https:\/\/pornuestrolaredo.com\/wp-content\/uploads\/2023\/04\/PNL-20230416-1-768x449.jpg",640,374,true],"large":["https:\/\/pornuestrolaredo.com\/wp-content\/uploads\/2023\/04\/PNL-20230416-1.jpg",640,374,false],"1536x1536":["https:\/\/pornuestrolaredo.com\/wp-content\/uploads\/2023\/04\/PNL-20230416-1.jpg",1000,585,false],"2048x2048":["https:\/\/pornuestrolaredo.com\/wp-content\/uploads\/2023\/04\/PNL-20230416-1.jpg",1000,585,false],"morenews-large":["https:\/\/pornuestrolaredo.com\/wp-content\/uploads\/2023\/04\/PNL-20230416-1.jpg",825,483,false],"morenews-medium":["https:\/\/pornuestrolaredo.com\/wp-content\/uploads\/2023\/04\/PNL-20230416-1.jpg",590,345,false]},"author_info":{"info":["Redactor"]},"category_info":"<a href=\"https:\/\/pornuestrolaredo.com\/?cat=9\" rel=\"category\">El Mundo<\/a>","tag_info":"El Mundo","comment_count":"0","jetpack_featured_media_url":"https:\/\/pornuestrolaredo.com\/wp-content\/uploads\/2023\/04\/PNL-20230416-1.jpg","jetpack_sharing_enabled":true,"_links":{"self":[{"href":"https:\/\/pornuestrolaredo.com\/index.php?rest_route=\/wp\/v2\/posts\/2293","targetHints":{"allow":["GET"]}}],"collection":[{"href":"https:\/\/pornuestrolaredo.com\/index.php?rest_route=\/wp\/v2\/posts"}],"about":[{"href":"https:\/\/pornuestrolaredo.com\/index.php?rest_route=\/wp\/v2\/types\/post"}],"author":[{"embeddable":true,"href":"https:\/\/pornuestrolaredo.com\/index.php?rest_route=\/wp\/v2\/users\/1"}],"replies":[{"embeddable":true,"href":"https:\/\/pornuestrolaredo.com\/index.php?rest_route=%2Fwp%2Fv2%2Fcomments&post=2293"}],"version-history":[{"count":2,"href":"https:\/\/pornuestrolaredo.com\/index.php?rest_route=\/wp\/v2\/posts\/2293\/revisions"}],"predecessor-version":[{"id":2296,"href":"https:\/\/pornuestrolaredo.com\/index.php?rest_route=\/wp\/v2\/posts\/2293\/revisions\/2296"}],"wp:featuredmedia":[{"embeddable":true,"href":"https:\/\/pornuestrolaredo.com\/index.php?rest_route=\/wp\/v2\/media\/2294"}],"wp:attachment":[{"href":"https:\/\/pornuestrolaredo.com\/index.php?rest_route=%2Fwp%2Fv2%2Fmedia&parent=2293"}],"wp:term":[{"taxonomy":"category","embeddable":true,"href":"https:\/\/pornuestrolaredo.com\/index.php?rest_route=%2Fwp%2Fv2%2Fcategories&post=2293"},{"taxonomy":"post_tag","embeddable":true,"href":"https:\/\/pornuestrolaredo.com\/index.php?rest_route=%2Fwp%2Fv2%2Ftags&post=2293"}],"curies":[{"name":"wp","href":"https:\/\/api.w.org\/{rel}","templated":true}]}}