{"id":2297,"date":"2023-04-17T18:18:09","date_gmt":"2023-04-17T18:18:09","guid":{"rendered":"https:\/\/pornuestrolaredo.com\/?p=2297"},"modified":"2023-04-17T18:18:09","modified_gmt":"2023-04-17T18:18:09","slug":"es-rey-carlos-ya-mas-rico-que-la-reina-isabel-ii","status":"publish","type":"post","link":"https:\/\/pornuestrolaredo.com\/?p=2297","title":{"rendered":"Es Rey Carlos ya m\u00e1s rico que la Reina Isabel II"},"content":{"rendered":"<p>LONDRES.- El Rey Carlos III ya es m\u00e1s rico que su madre, la Reina Isabel II, a\u00fan sin ser coronado de manera oficial.<\/p>\n<p>Seg\u00fan informaci\u00f3n del diario Sunday Times, el monarca cuenta con una fortuna de 600 millones de libras (alrededor de 745 millones de d\u00f3lares), mientras que las posesiones de Isabel II se calculaban en unos 370 millones de libras (cerca de 460 millones de d\u00f3lares) en 2022, a\u00f1o en que perdi\u00f3 la vida.<\/p>\n<p>El medio brit\u00e1nico asegura que Carlos III comenz\u00f3 a ser muy cauto con sus finanzas a partir de su sonado divorcio, en 1996, con la Princesa Diana, que le cost\u00f3 21 millones de d\u00f3lares.<\/p>\n<p>Desde entonces, el Rey de 74 a\u00f1os se convirti\u00f3 en un buen administrador de su fortuna por lo que bajo su supervisi\u00f3n, logr\u00f3 aumentar los beneficios que genera el Ducado de Cornualles, as\u00ed como el alquiler de diversas propiedades.<\/p>\n<p>Los reportes indican que en la \u00faltima d\u00e9cada, Carlos III recibi\u00f3 262 millones de d\u00f3lares del Ducado.<\/p>\n<p>Tras la muerte de Isabel II, el control de Cornualles pas\u00f3 directamente a su hijo mayor, el Pr\u00edncipe Guillermo.<\/p>\n<p>El valor de las propiedades de Carlos III, como la casa de campo Sandringham y el Castillo de Balmoral tambi\u00e9n ha aumentado.<\/p>\n<p>Una de las medidas que ha implementado el monarca es la reutilizaci\u00f3n del guardarropa antes de comprar prendas nuevas, lo cual tambi\u00e9n es compatible con su convicci\u00f3n de protecci\u00f3n al medio ambiente y as\u00ed no sobreexplotar los recursos naturales.<\/p>\n<p>Seg\u00fan el Sunday Times, la fortuna del soberano supera la de celebridades brit\u00e1nicas, como la del cantante Elton John o la de la pareja formada por David y Victoria Beckham. <\/p>\n<p>Carlos III ser\u00e1 coronado de manera oficial el pr\u00f3ximo 6 de mayo, y diarios brit\u00e1nicos estiman que la ceremonia se realizar\u00e1 de manera austera, en comparaci\u00f3n con coronaciones anteriores.<\/p>\n","protected":false},"excerpt":{"rendered":"<p>LONDRES.- El Rey Carlos III ya es m\u00e1s rico que su madre, la Reina Isabel II, a\u00fan sin<\/p>\n","protected":false},"author":1,"featured_media":2298,"comment_status":"closed","ping_status":"closed","sticky":false,"template":"","format":"standard","meta":{"_crdt_document":"","_jetpack_memberships_contains_paid_content":false,"footnotes":"","jetpack_publicize_message":"","jetpack_publicize_feature_enabled":true,"jetpack_social_post_already_shared":true,"jetpack_social_options":{"image_generator_settings":{"template":"highway","default_image_id":0,"font":"","enabled":false},"version":2},"_wpas_customize_per_network":false},"categories":[9],"tags":[],"class_list":["post-2297","post","type-post","status-publish","format-standard","has-post-thumbnail","hentry","category-el-mundo"],"magazineBlocksPostFeaturedMedia":{"thumbnail":"https:\/\/pornuestrolaredo.com\/wp-content\/uploads\/2023\/04\/PNlL-20230417-3-150x150.jpg","medium":"https:\/\/pornuestrolaredo.com\/wp-content\/uploads\/2023\/04\/PNlL-20230417-3-300x163.jpg","medium_large":"https:\/\/pornuestrolaredo.com\/wp-content\/uploads\/2023\/04\/PNlL-20230417-3-768x416.jpg","large":"https:\/\/pornuestrolaredo.com\/wp-content\/uploads\/2023\/04\/PNlL-20230417-3.jpg","1536x1536":"https:\/\/pornuestrolaredo.com\/wp-content\/uploads\/2023\/04\/PNlL-20230417-3.jpg","2048x2048":"https:\/\/pornuestrolaredo.com\/wp-content\/uploads\/2023\/04\/PNlL-20230417-3.jpg","morenews-large":"https:\/\/pornuestrolaredo.com\/wp-content\/uploads\/2023\/04\/PNlL-20230417-3.jpg","morenews-medium":"https:\/\/pornuestrolaredo.com\/wp-content\/uploads\/2023\/04\/PNlL-20230417-3.jpg"},"magazineBlocksPostAuthor":{"name":"Redactor","avatar":"https:\/\/pornuestrolaredo.com\/wp-content\/litespeed\/avatar\/dca1d7ec750c399f025f23b0b314f4cf.jpg?ver=1777007253"},"magazineBlocksPostCommentsNumber":false,"magazineBlocksPostExcerpt":"LONDRES.- El Rey Carlos III ya es m\u00e1s rico que su madre, la Reina Isabel II, a\u00fan sin","magazineBlocksPostCategories":["El Mundo"],"magazineBlocksPostViewCount":117,"magazineBlocksPostReadTime":2,"magazine_blocks_featured_image_url":{"full":["https:\/\/pornuestrolaredo.com\/wp-content\/uploads\/2023\/04\/PNlL-20230417-3.jpg",960,520,false],"medium":["https:\/\/pornuestrolaredo.com\/wp-content\/uploads\/2023\/04\/PNlL-20230417-3-300x163.jpg",300,163,true],"thumbnail":["https:\/\/pornuestrolaredo.com\/wp-content\/uploads\/2023\/04\/PNlL-20230417-3-150x150.jpg",150,150,true]},"magazine_blocks_author":{"display_name":"Redactor","author_link":"https:\/\/pornuestrolaredo.com\/?author=1"},"magazine_blocks_comment":0,"magazine_blocks_author_image":"https:\/\/pornuestrolaredo.com\/wp-content\/litespeed\/avatar\/dca1d7ec750c399f025f23b0b314f4cf.jpg?ver=1777007253","magazine_blocks_category":"<a href=\"#\" class=\"category-link category-link-9\">El Mundo<\/a>","jetpack_publicize_connections":[],"featured_image_urls":{"full":["https:\/\/pornuestrolaredo.com\/wp-content\/uploads\/2023\/04\/PNlL-20230417-3.jpg",960,520,false],"thumbnail":["https:\/\/pornuestrolaredo.com\/wp-content\/uploads\/2023\/04\/PNlL-20230417-3-150x150.jpg",150,150,true],"medium":["https:\/\/pornuestrolaredo.com\/wp-content\/uploads\/2023\/04\/PNlL-20230417-3-300x163.jpg",300,163,true],"medium_large":["https:\/\/pornuestrolaredo.com\/wp-content\/uploads\/2023\/04\/PNlL-20230417-3-768x416.jpg",640,347,true],"large":["https:\/\/pornuestrolaredo.com\/wp-content\/uploads\/2023\/04\/PNlL-20230417-3.jpg",640,347,false],"1536x1536":["https:\/\/pornuestrolaredo.com\/wp-content\/uploads\/2023\/04\/PNlL-20230417-3.jpg",960,520,false],"2048x2048":["https:\/\/pornuestrolaredo.com\/wp-content\/uploads\/2023\/04\/PNlL-20230417-3.jpg",960,520,false],"morenews-large":["https:\/\/pornuestrolaredo.com\/wp-content\/uploads\/2023\/04\/PNlL-20230417-3.jpg",825,447,false],"morenews-medium":["https:\/\/pornuestrolaredo.com\/wp-content\/uploads\/2023\/04\/PNlL-20230417-3.jpg",590,320,false]},"author_info":{"info":["Redactor"]},"category_info":"<a href=\"https:\/\/pornuestrolaredo.com\/?cat=9\" rel=\"category\">El Mundo<\/a>","tag_info":"El Mundo","comment_count":"0","jetpack_featured_media_url":"https:\/\/pornuestrolaredo.com\/wp-content\/uploads\/2023\/04\/PNlL-20230417-3.jpg","jetpack_sharing_enabled":true,"_links":{"self":[{"href":"https:\/\/pornuestrolaredo.com\/index.php?rest_route=\/wp\/v2\/posts\/2297","targetHints":{"allow":["GET"]}}],"collection":[{"href":"https:\/\/pornuestrolaredo.com\/index.php?rest_route=\/wp\/v2\/posts"}],"about":[{"href":"https:\/\/pornuestrolaredo.com\/index.php?rest_route=\/wp\/v2\/types\/post"}],"author":[{"embeddable":true,"href":"https:\/\/pornuestrolaredo.com\/index.php?rest_route=\/wp\/v2\/users\/1"}],"replies":[{"embeddable":true,"href":"https:\/\/pornuestrolaredo.com\/index.php?rest_route=%2Fwp%2Fv2%2Fcomments&post=2297"}],"version-history":[{"count":1,"href":"https:\/\/pornuestrolaredo.com\/index.php?rest_route=\/wp\/v2\/posts\/2297\/revisions"}],"predecessor-version":[{"id":2299,"href":"https:\/\/pornuestrolaredo.com\/index.php?rest_route=\/wp\/v2\/posts\/2297\/revisions\/2299"}],"wp:featuredmedia":[{"embeddable":true,"href":"https:\/\/pornuestrolaredo.com\/index.php?rest_route=\/wp\/v2\/media\/2298"}],"wp:attachment":[{"href":"https:\/\/pornuestrolaredo.com\/index.php?rest_route=%2Fwp%2Fv2%2Fmedia&parent=2297"}],"wp:term":[{"taxonomy":"category","embeddable":true,"href":"https:\/\/pornuestrolaredo.com\/index.php?rest_route=%2Fwp%2Fv2%2Fcategories&post=2297"},{"taxonomy":"post_tag","embeddable":true,"href":"https:\/\/pornuestrolaredo.com\/index.php?rest_route=%2Fwp%2Fv2%2Ftags&post=2297"}],"curies":[{"name":"wp","href":"https:\/\/api.w.org\/{rel}","templated":true}]}}