{"id":2307,"date":"2023-04-18T02:07:15","date_gmt":"2023-04-18T02:07:15","guid":{"rendered":"https:\/\/pornuestrolaredo.com\/?p=2307"},"modified":"2023-04-18T02:07:15","modified_gmt":"2023-04-18T02:07:15","slug":"chocan-aviones-en-tierra-en-cdmx","status":"publish","type":"post","link":"https:\/\/pornuestrolaredo.com\/?p=2307","title":{"rendered":"Chocan aviones en tierra, en CDMX"},"content":{"rendered":"<p><strong>CIUDAD DE M\u00c9XICO.-<\/strong> Dos aviones, uno de Aerom\u00e9xico y uno de Delta Air Lines chocaron alrededor de las 3:10 de la tarde en la Terminal 2 cuando avanzaban sobre las calles de rodaje del Aeropuerto Internacional de la Ciudad de M\u00e9xico (AICM).<\/p>\n<blockquote><p>Dos aeronaves en tierra, entre calles de rodaje B y D, tuvieron un impacto entre la punta de ala de una y el estabilizador horizontal de la otra, sin ocasionar da\u00f1o a persona alguna&#8221;, indic\u00f3 el AICM en sus redes sociales.<\/p><\/blockquote>\n<blockquote><p>Las autoridades correspondientes iniciaron investigaci\u00f3n para determinar las causas&#8221;, a\u00f1adi\u00f3.<\/p><\/blockquote>\n<p>Aerom\u00e9xico confirm\u00f3 que uno de los aviones que chocaron en el AICM es un Boeing de su propiedad.<\/p>\n<blockquote><p>El d\u00eda de hoy, el vuelo AM117 que cubr\u00eda la ruta Ciudad de M\u00e9xico-Ciudad Ju\u00e1rez choc\u00f3 con un avi\u00f3n Boeing 737-800, durante el rodaje hacia la pista una punta de ala impact\u00f3 a otra aeronave. El incidente no provoc\u00f3 da\u00f1o alguno a clientes ni colaboradores&#8221;, inform\u00f3 en un comunicado.<\/p><\/blockquote>\n<blockquote><p>En apego a los protocolos de seguridad de Aerom\u00e9xico, se realiz\u00f3 cambio de avi\u00f3n para que los clientes contin\u00faen su viaje, y lo ocurrido fue reportado a las autoridades para que se realice la investigaci\u00f3n&#8221;, agreg\u00f3.<\/p><\/blockquote>\n<p>La otra aeronave involucrada de la empresa Delta Air Line fue un Boenig 757 con destino a New York. El vuelo fue cancelado y la aerol\u00ednea proporcion\u00f3 hospedaje a sus 196 pasajeros.<\/p>\n<p>Se tiene previsto que ma\u00f1ana, los pasajeros afectados de Delta salgan en el vuelo DAL9924 a las 09:30 horas con destino al aeropuerto Aeropuerto Internacional John F. Kennedy en New York.<\/p>\n<p>De acuerdo con fuentes oficiales, las aeronaves involucradas, alrededor de las 15:15 horas volvieron a sus plataformas.<br \/>\nEl incidente no afect\u00f3 las operaciones del aeropuerto capitalino, el cual hasta el momento trabaja con normalidad.<\/p>\n<p>Jos\u00e9 Alfredo Covarrubias, secretario general del Sindicato Nacional de Controladores de Tr\u00e1nsito A\u00e9reo (SINACTA), indic\u00f3 que habr\u00e1 que esperar qu\u00e9 dicen las investigaciones para determinar qu\u00e9 pudo causar el incidente.<\/p>\n<p>Se\u00f1al\u00f3 que los factores pudieron ser posiblemente la distracci\u00f3n de un piloto, pues aunque un controlador de tierra hubiera dado la instrucci\u00f3n de acercarse el piloto debe mantener cierta distancia.<\/p>\n<p>Sin embargo, reiter\u00f3 que hay que esperar los resultados de las investigaciones y no hacer especulaciones, para ver si se debi\u00f3 a un error, distracci\u00f3n o accidente de alguien.<\/p>\n<p>Covarrubias coment\u00f3 que dichas investigaciones podr\u00edan demorarse alrededor de seis meses, en donde se revisan algunos aspectos como cu\u00e1nto tiempo llevaban trabajando los pilotos, los controladores de tierra, y saber qu\u00e9 posici\u00f3n ten\u00edan las aeronaves, entre otros.<\/p>\n","protected":false},"excerpt":{"rendered":"<p>Sufren da\u00f1os dos aeronaves, una de Aerom\u00e9xico, que iba a Ciudad Ju\u00e1rez, y la otra de Delta Air Lines, que se alistaba para salir hacia Nueva York<\/p>\n","protected":false},"author":1,"featured_media":2309,"comment_status":"closed","ping_status":"closed","sticky":false,"template":"","format":"standard","meta":{"_crdt_document":"","_jetpack_memberships_contains_paid_content":false,"footnotes":"","jetpack_publicize_message":"","jetpack_publicize_feature_enabled":true,"jetpack_social_post_already_shared":true,"jetpack_social_options":{"image_generator_settings":{"template":"highway","default_image_id":0,"font":"","enabled":false},"version":2},"_wpas_customize_per_network":false},"categories":[1],"tags":[],"class_list":["post-2307","post","type-post","status-publish","format-standard","has-post-thumbnail","hentry","category-uncategorized"],"magazineBlocksPostFeaturedMedia":{"thumbnail":"https:\/\/pornuestrolaredo.com\/wp-content\/uploads\/2023\/04\/aviones-150x150.jpg","medium":"https:\/\/pornuestrolaredo.com\/wp-content\/uploads\/2023\/04\/aviones-300x200.jpg","medium_large":"https:\/\/pornuestrolaredo.com\/wp-content\/uploads\/2023\/04\/aviones-768x512.jpg","large":"https:\/\/pornuestrolaredo.com\/wp-content\/uploads\/2023\/04\/aviones.jpg","1536x1536":"https:\/\/pornuestrolaredo.com\/wp-content\/uploads\/2023\/04\/aviones.jpg","2048x2048":"https:\/\/pornuestrolaredo.com\/wp-content\/uploads\/2023\/04\/aviones.jpg","morenews-large":"https:\/\/pornuestrolaredo.com\/wp-content\/uploads\/2023\/04\/aviones.jpg","morenews-medium":"https:\/\/pornuestrolaredo.com\/wp-content\/uploads\/2023\/04\/aviones.jpg"},"magazineBlocksPostAuthor":{"name":"Redactor","avatar":"https:\/\/pornuestrolaredo.com\/wp-content\/litespeed\/avatar\/dca1d7ec750c399f025f23b0b314f4cf.jpg?ver=1777007253"},"magazineBlocksPostCommentsNumber":false,"magazineBlocksPostExcerpt":"Sufren da\u00f1os dos aeronaves, una de Aerom\u00e9xico, que iba a Ciudad Ju\u00e1rez, y la otra de Delta Air Lines, que se alistaba para salir hacia Nueva York","magazineBlocksPostCategories":["Uncategorized"],"magazineBlocksPostViewCount":164,"magazineBlocksPostReadTime":3,"magazine_blocks_featured_image_url":{"full":["https:\/\/pornuestrolaredo.com\/wp-content\/uploads\/2023\/04\/aviones.jpg",960,640,false],"medium":["https:\/\/pornuestrolaredo.com\/wp-content\/uploads\/2023\/04\/aviones-300x200.jpg",300,200,true],"thumbnail":["https:\/\/pornuestrolaredo.com\/wp-content\/uploads\/2023\/04\/aviones-150x150.jpg",150,150,true]},"magazine_blocks_author":{"display_name":"Redactor","author_link":"https:\/\/pornuestrolaredo.com\/?author=1"},"magazine_blocks_comment":0,"magazine_blocks_author_image":"https:\/\/pornuestrolaredo.com\/wp-content\/litespeed\/avatar\/dca1d7ec750c399f025f23b0b314f4cf.jpg?ver=1777007253","magazine_blocks_category":"<a href=\"#\" class=\"category-link category-link-1\">Uncategorized<\/a>","jetpack_publicize_connections":[],"featured_image_urls":{"full":["https:\/\/pornuestrolaredo.com\/wp-content\/uploads\/2023\/04\/aviones.jpg",960,640,false],"thumbnail":["https:\/\/pornuestrolaredo.com\/wp-content\/uploads\/2023\/04\/aviones-150x150.jpg",150,150,true],"medium":["https:\/\/pornuestrolaredo.com\/wp-content\/uploads\/2023\/04\/aviones-300x200.jpg",300,200,true],"medium_large":["https:\/\/pornuestrolaredo.com\/wp-content\/uploads\/2023\/04\/aviones-768x512.jpg",640,427,true],"large":["https:\/\/pornuestrolaredo.com\/wp-content\/uploads\/2023\/04\/aviones.jpg",640,427,false],"1536x1536":["https:\/\/pornuestrolaredo.com\/wp-content\/uploads\/2023\/04\/aviones.jpg",960,640,false],"2048x2048":["https:\/\/pornuestrolaredo.com\/wp-content\/uploads\/2023\/04\/aviones.jpg",960,640,false],"morenews-large":["https:\/\/pornuestrolaredo.com\/wp-content\/uploads\/2023\/04\/aviones.jpg",825,550,false],"morenews-medium":["https:\/\/pornuestrolaredo.com\/wp-content\/uploads\/2023\/04\/aviones.jpg",590,393,false]},"author_info":{"info":["Redactor"]},"category_info":"<a href=\"https:\/\/pornuestrolaredo.com\/?cat=1\" rel=\"category\">Uncategorized<\/a>","tag_info":"Uncategorized","comment_count":"0","jetpack_featured_media_url":"https:\/\/pornuestrolaredo.com\/wp-content\/uploads\/2023\/04\/aviones.jpg","jetpack_sharing_enabled":true,"_links":{"self":[{"href":"https:\/\/pornuestrolaredo.com\/index.php?rest_route=\/wp\/v2\/posts\/2307","targetHints":{"allow":["GET"]}}],"collection":[{"href":"https:\/\/pornuestrolaredo.com\/index.php?rest_route=\/wp\/v2\/posts"}],"about":[{"href":"https:\/\/pornuestrolaredo.com\/index.php?rest_route=\/wp\/v2\/types\/post"}],"author":[{"embeddable":true,"href":"https:\/\/pornuestrolaredo.com\/index.php?rest_route=\/wp\/v2\/users\/1"}],"replies":[{"embeddable":true,"href":"https:\/\/pornuestrolaredo.com\/index.php?rest_route=%2Fwp%2Fv2%2Fcomments&post=2307"}],"version-history":[{"count":2,"href":"https:\/\/pornuestrolaredo.com\/index.php?rest_route=\/wp\/v2\/posts\/2307\/revisions"}],"predecessor-version":[{"id":2310,"href":"https:\/\/pornuestrolaredo.com\/index.php?rest_route=\/wp\/v2\/posts\/2307\/revisions\/2310"}],"wp:featuredmedia":[{"embeddable":true,"href":"https:\/\/pornuestrolaredo.com\/index.php?rest_route=\/wp\/v2\/media\/2309"}],"wp:attachment":[{"href":"https:\/\/pornuestrolaredo.com\/index.php?rest_route=%2Fwp%2Fv2%2Fmedia&parent=2307"}],"wp:term":[{"taxonomy":"category","embeddable":true,"href":"https:\/\/pornuestrolaredo.com\/index.php?rest_route=%2Fwp%2Fv2%2Fcategories&post=2307"},{"taxonomy":"post_tag","embeddable":true,"href":"https:\/\/pornuestrolaredo.com\/index.php?rest_route=%2Fwp%2Fv2%2Ftags&post=2307"}],"curies":[{"name":"wp","href":"https:\/\/api.w.org\/{rel}","templated":true}]}}