{"id":2314,"date":"2023-04-19T01:27:18","date_gmt":"2023-04-19T01:27:18","guid":{"rendered":"https:\/\/pornuestrolaredo.com\/?p=2314"},"modified":"2023-04-19T01:27:18","modified_gmt":"2023-04-19T01:27:18","slug":"por-deuda-a-coppel-intenta-quemar-tienda","status":"publish","type":"post","link":"https:\/\/pornuestrolaredo.com\/?p=2314","title":{"rendered":"Por deuda a Coppel, intenta quemar tienda"},"content":{"rendered":"<p><strong>PUEBLA.- <\/strong>Un hombre originario de Atlixco prendi\u00f3 fuego a una tienda Coppel mientras trasmit\u00eda todo a trav\u00e9s de Facebook Live. <\/p>\n<p>Durante la transmisi\u00f3n, el joven, identificado como Osciel \u2019N&#8217;, les reclam\u00f3 a las tiendas de Coopel y Elektra por ser \u201cagiotistas\u201d y \u201cprestamistas\u201d a quienes tambi\u00e9n acus\u00f3 de robarle la paz y tranquilidad a las familias trabajadoras. <\/p>\n<p>De acuerdo con medios locales, los hechos ocurrieron a las 7:30 de la tarde del lunes, cuando el involucrado lanz\u00f3 una especie de bomba molotov a la financiera, con la cual tiene problemas de pago, asegurando que esa era la \u00fanica forma de detener este tipo de empresas. <\/p>\n<blockquote><p>Ah\u00ed hay fuego, ah\u00ed hay coraje, ah\u00ed hay venganza, porque si el Estado no nos va a dar justicia, nos vamos a levantar y vamos a hacer esto y peor; no quise incendiar adentro o atacar, porque hay gente inocente\u201d, menciona en su video. <\/p><\/blockquote>\n<p>Los agentes de la Polic\u00eda Municipal de Atlixco llegaron a la tienda ubicada sobre la avenida Manuel \u00c1vila Camacho para detenerlo, no obstante, el joven se rehus\u00f3 a entregarse y amenaz\u00f3 con quitarse la vida con un arma blanca. <\/p>\n<p>Al final, las autoridades lograron arrestarlo y fue trasladado ante el Ministerio P\u00fablico, donde se iniciar\u00e1 un proceso por el delito de da\u00f1o en propiedad ajena. <\/p>\n<p>SE BURLAN EN REDES SOCIALES <\/p>\n<p>Tras viralizarse su historia, los internautas han comenzado a burlarse de su situaci\u00f3n, asegurando que \u00e9l tuvo la culpa por pedir un cr\u00e9dito en una de las tiendas que es famosa por tiener los intereses m\u00e1s altos. <\/p>\n<p>Algunas de las opiniones de los usuarios son: <\/p>\n<blockquote><p>Dice: \u2018Lo que tenga que hacer por mi jefa\u2019, lo l\u00f3gico ser\u00eda TRABAJAR para ayudarle a pagar las deudas \u2026\u201d <\/p>\n<p>\u201cPues al final s\u00ed va a tener que pagar, \u00e9l su delito y su jefa su pr\u00e9stamo\u201d, \u201cNo le alcanz\u00f3 para incendiar a Elektra, que pida un pr\u00e9stamo para que compre lo que le falt\u00f3 \u201d.<\/p>\n<p>\u201dPobre camarada no quer\u00eda pagar su deuda y si supiera que con lo que hizo debe m\u00e1s\u201d. <\/p>\n<p>&#8220;Lo empuj\u00f3 su desesperaci\u00f3n. Esas tiendas te hunden, si tienes un peque\u00f1o atraso, parece que debes desde el principio, as\u00ed que aunque te repongas en dar el pago, ya se cargaron intereses moratorios muy altos, que obviamente respaldan a la tienda, pero atora al consumidor.<\/p><\/blockquote>\n","protected":false},"excerpt":{"rendered":"<p>Un hombre de Atlixco, Puebla, se queja de los fuertes intereses de las empresas como Coppel y Elektra<\/p>\n","protected":false},"author":1,"featured_media":2315,"comment_status":"closed","ping_status":"closed","sticky":false,"template":"","format":"standard","meta":{"_crdt_document":"","_jetpack_memberships_contains_paid_content":false,"footnotes":"","jetpack_publicize_message":"","jetpack_publicize_feature_enabled":true,"jetpack_social_post_already_shared":true,"jetpack_social_options":{"image_generator_settings":{"template":"highway","default_image_id":0,"font":"","enabled":false},"version":2},"_wpas_customize_per_network":false},"categories":[33],"tags":[],"class_list":["post-2314","post","type-post","status-publish","format-standard","has-post-thumbnail","hentry","category-mexico"],"magazineBlocksPostFeaturedMedia":{"thumbnail":"https:\/\/pornuestrolaredo.com\/wp-content\/uploads\/2023\/04\/Captura-de-pantalla-2023-04-18-a-las-8.26.35-p.m-150x150.png","medium":"https:\/\/pornuestrolaredo.com\/wp-content\/uploads\/2023\/04\/Captura-de-pantalla-2023-04-18-a-las-8.26.35-p.m-300x166.png","medium_large":"https:\/\/pornuestrolaredo.com\/wp-content\/uploads\/2023\/04\/Captura-de-pantalla-2023-04-18-a-las-8.26.35-p.m-768x424.png","large":"https:\/\/pornuestrolaredo.com\/wp-content\/uploads\/2023\/04\/Captura-de-pantalla-2023-04-18-a-las-8.26.35-p.m-1000x552.png","1536x1536":"https:\/\/pornuestrolaredo.com\/wp-content\/uploads\/2023\/04\/Captura-de-pantalla-2023-04-18-a-las-8.26.35-p.m.png","2048x2048":"https:\/\/pornuestrolaredo.com\/wp-content\/uploads\/2023\/04\/Captura-de-pantalla-2023-04-18-a-las-8.26.35-p.m.png","morenews-large":"https:\/\/pornuestrolaredo.com\/wp-content\/uploads\/2023\/04\/Captura-de-pantalla-2023-04-18-a-las-8.26.35-p.m.png","morenews-medium":"https:\/\/pornuestrolaredo.com\/wp-content\/uploads\/2023\/04\/Captura-de-pantalla-2023-04-18-a-las-8.26.35-p.m.png"},"magazineBlocksPostAuthor":{"name":"Redactor","avatar":"https:\/\/pornuestrolaredo.com\/wp-content\/litespeed\/avatar\/dca1d7ec750c399f025f23b0b314f4cf.jpg?ver=1777007253"},"magazineBlocksPostCommentsNumber":false,"magazineBlocksPostExcerpt":"Un hombre de Atlixco, Puebla, se queja de los fuertes intereses de las empresas como Coppel y Elektra","magazineBlocksPostCategories":["Mexico"],"magazineBlocksPostViewCount":165,"magazineBlocksPostReadTime":2,"magazine_blocks_featured_image_url":{"full":["https:\/\/pornuestrolaredo.com\/wp-content\/uploads\/2023\/04\/Captura-de-pantalla-2023-04-18-a-las-8.26.35-p.m.png",1438,794,false],"medium":["https:\/\/pornuestrolaredo.com\/wp-content\/uploads\/2023\/04\/Captura-de-pantalla-2023-04-18-a-las-8.26.35-p.m-300x166.png",300,166,true],"thumbnail":["https:\/\/pornuestrolaredo.com\/wp-content\/uploads\/2023\/04\/Captura-de-pantalla-2023-04-18-a-las-8.26.35-p.m-150x150.png",150,150,true]},"magazine_blocks_author":{"display_name":"Redactor","author_link":"https:\/\/pornuestrolaredo.com\/?author=1"},"magazine_blocks_comment":0,"magazine_blocks_author_image":"https:\/\/pornuestrolaredo.com\/wp-content\/litespeed\/avatar\/dca1d7ec750c399f025f23b0b314f4cf.jpg?ver=1777007253","magazine_blocks_category":"<a href=\"#\" class=\"category-link category-link-33\">Mexico<\/a>","jetpack_publicize_connections":[],"featured_image_urls":{"full":["https:\/\/pornuestrolaredo.com\/wp-content\/uploads\/2023\/04\/Captura-de-pantalla-2023-04-18-a-las-8.26.35-p.m.png",1438,794,false],"thumbnail":["https:\/\/pornuestrolaredo.com\/wp-content\/uploads\/2023\/04\/Captura-de-pantalla-2023-04-18-a-las-8.26.35-p.m-150x150.png",150,150,true],"medium":["https:\/\/pornuestrolaredo.com\/wp-content\/uploads\/2023\/04\/Captura-de-pantalla-2023-04-18-a-las-8.26.35-p.m-300x166.png",300,166,true],"medium_large":["https:\/\/pornuestrolaredo.com\/wp-content\/uploads\/2023\/04\/Captura-de-pantalla-2023-04-18-a-las-8.26.35-p.m-768x424.png",640,353,true],"large":["https:\/\/pornuestrolaredo.com\/wp-content\/uploads\/2023\/04\/Captura-de-pantalla-2023-04-18-a-las-8.26.35-p.m-1000x552.png",640,353,true],"1536x1536":["https:\/\/pornuestrolaredo.com\/wp-content\/uploads\/2023\/04\/Captura-de-pantalla-2023-04-18-a-las-8.26.35-p.m.png",1438,794,false],"2048x2048":["https:\/\/pornuestrolaredo.com\/wp-content\/uploads\/2023\/04\/Captura-de-pantalla-2023-04-18-a-las-8.26.35-p.m.png",1438,794,false],"morenews-large":["https:\/\/pornuestrolaredo.com\/wp-content\/uploads\/2023\/04\/Captura-de-pantalla-2023-04-18-a-las-8.26.35-p.m.png",825,456,false],"morenews-medium":["https:\/\/pornuestrolaredo.com\/wp-content\/uploads\/2023\/04\/Captura-de-pantalla-2023-04-18-a-las-8.26.35-p.m.png",590,326,false]},"author_info":{"info":["Redactor"]},"category_info":"<a href=\"https:\/\/pornuestrolaredo.com\/?cat=33\" rel=\"category\">Mexico<\/a>","tag_info":"Mexico","comment_count":"0","jetpack_featured_media_url":"https:\/\/pornuestrolaredo.com\/wp-content\/uploads\/2023\/04\/Captura-de-pantalla-2023-04-18-a-las-8.26.35-p.m.png","jetpack_sharing_enabled":true,"_links":{"self":[{"href":"https:\/\/pornuestrolaredo.com\/index.php?rest_route=\/wp\/v2\/posts\/2314","targetHints":{"allow":["GET"]}}],"collection":[{"href":"https:\/\/pornuestrolaredo.com\/index.php?rest_route=\/wp\/v2\/posts"}],"about":[{"href":"https:\/\/pornuestrolaredo.com\/index.php?rest_route=\/wp\/v2\/types\/post"}],"author":[{"embeddable":true,"href":"https:\/\/pornuestrolaredo.com\/index.php?rest_route=\/wp\/v2\/users\/1"}],"replies":[{"embeddable":true,"href":"https:\/\/pornuestrolaredo.com\/index.php?rest_route=%2Fwp%2Fv2%2Fcomments&post=2314"}],"version-history":[{"count":1,"href":"https:\/\/pornuestrolaredo.com\/index.php?rest_route=\/wp\/v2\/posts\/2314\/revisions"}],"predecessor-version":[{"id":2316,"href":"https:\/\/pornuestrolaredo.com\/index.php?rest_route=\/wp\/v2\/posts\/2314\/revisions\/2316"}],"wp:featuredmedia":[{"embeddable":true,"href":"https:\/\/pornuestrolaredo.com\/index.php?rest_route=\/wp\/v2\/media\/2315"}],"wp:attachment":[{"href":"https:\/\/pornuestrolaredo.com\/index.php?rest_route=%2Fwp%2Fv2%2Fmedia&parent=2314"}],"wp:term":[{"taxonomy":"category","embeddable":true,"href":"https:\/\/pornuestrolaredo.com\/index.php?rest_route=%2Fwp%2Fv2%2Fcategories&post=2314"},{"taxonomy":"post_tag","embeddable":true,"href":"https:\/\/pornuestrolaredo.com\/index.php?rest_route=%2Fwp%2Fv2%2Ftags&post=2314"}],"curies":[{"name":"wp","href":"https:\/\/api.w.org\/{rel}","templated":true}]}}