{"id":2327,"date":"2023-04-21T02:07:12","date_gmt":"2023-04-21T02:07:12","guid":{"rendered":"https:\/\/pornuestrolaredo.com\/?p=2327"},"modified":"2023-04-21T02:07:12","modified_gmt":"2023-04-21T02:07:12","slug":"consigue-mexico-vender-avion-presidencial","status":"publish","type":"post","link":"https:\/\/pornuestrolaredo.com\/?p=2327","title":{"rendered":"Consigue M\u00e9xico vender avi\u00f3n presidencial"},"content":{"rendered":"<p><strong><\/p>\n<blockquote><p>CIUDAD DE M\u00c9XICO.<<\/p><\/blockquote>\n<p>\/strong>- El presidente mexicano, Andr\u00e9s Manuel L\u00f3pez Obrador, anunci\u00f3 el jueves que el avi\u00f3n presidencial fue vendido al gobierno de Tayikist\u00e1n por unos 92 millones de d\u00f3lares, luego de casi cinco a\u00f1os de intentos fallidos para venderlo.<\/p>\n<p>L\u00f3pez Obrador dijo en su cuenta de Twitter que el jueves se celebr\u00f3 el contrato de compraventa de la aeronave, un Boeing 787, que fue adquirido por el gobierno de Tayikist\u00e1n, un pa\u00eds de Asia Central con 10 millones de habitantes.<\/p>\n<blockquote><p>El avi\u00f3n presidencial fue vendido por mil 658 millones de pesos (unos 92 millones de d\u00f3lares)&#8221;, precis\u00f3 el mandatario.<\/p><\/blockquote>\n<p>L\u00f3pez Obrador, que se enorgullece de su austeridad y acostumbra a viajar en vuelos comerciales, se hab\u00eda comprometido desde que asumi\u00f3 el gobierno en diciembre de 2018 a vender la aeronave por considerarla un bien demasiado lujoso.<\/p>\n<p>El aparato fue adquirido en 200 millones de d\u00f3lares y lo utiliz\u00f3 el anterior presidente, Enrique Pe\u00f1a Nieto. La venta se dificult\u00f3 debido a que el avi\u00f3n estaba configurado para transportar a solo 80 personas y tiene una suite presidencial completa con ba\u00f1o privado.<\/p>\n","protected":false},"excerpt":{"rendered":"<p>Anuncia AMLO que el gobierno de Tayikist\u00e1n pag\u00f3 unos 92 millones de d\u00f3lares<\/p>\n","protected":false},"author":1,"featured_media":2328,"comment_status":"closed","ping_status":"closed","sticky":false,"template":"","format":"standard","meta":{"_crdt_document":"","_jetpack_memberships_contains_paid_content":false,"footnotes":"","jetpack_publicize_message":"","jetpack_publicize_feature_enabled":true,"jetpack_social_post_already_shared":true,"jetpack_social_options":{"image_generator_settings":{"template":"highway","default_image_id":0,"font":"","enabled":false},"version":2},"_wpas_customize_per_network":false},"categories":[1],"tags":[],"class_list":["post-2327","post","type-post","status-publish","format-standard","has-post-thumbnail","hentry","category-uncategorized"],"magazineBlocksPostFeaturedMedia":{"thumbnail":"https:\/\/pornuestrolaredo.com\/wp-content\/uploads\/2023\/04\/Avion2-150x150.jpg","medium":"https:\/\/pornuestrolaredo.com\/wp-content\/uploads\/2023\/04\/Avion2-300x169.jpg","medium_large":"https:\/\/pornuestrolaredo.com\/wp-content\/uploads\/2023\/04\/Avion2-768x432.jpg","large":"https:\/\/pornuestrolaredo.com\/wp-content\/uploads\/2023\/04\/Avion2.jpg","1536x1536":"https:\/\/pornuestrolaredo.com\/wp-content\/uploads\/2023\/04\/Avion2.jpg","2048x2048":"https:\/\/pornuestrolaredo.com\/wp-content\/uploads\/2023\/04\/Avion2.jpg","morenews-large":"https:\/\/pornuestrolaredo.com\/wp-content\/uploads\/2023\/04\/Avion2.jpg","morenews-medium":"https:\/\/pornuestrolaredo.com\/wp-content\/uploads\/2023\/04\/Avion2.jpg"},"magazineBlocksPostAuthor":{"name":"Redactor","avatar":"https:\/\/pornuestrolaredo.com\/wp-content\/litespeed\/avatar\/dca1d7ec750c399f025f23b0b314f4cf.jpg?ver=1777007253"},"magazineBlocksPostCommentsNumber":false,"magazineBlocksPostExcerpt":"Anuncia AMLO que el gobierno de Tayikist\u00e1n pag\u00f3 unos 92 millones de d\u00f3lares","magazineBlocksPostCategories":["Uncategorized"],"magazineBlocksPostViewCount":174,"magazineBlocksPostReadTime":1,"magazine_blocks_featured_image_url":{"full":["https:\/\/pornuestrolaredo.com\/wp-content\/uploads\/2023\/04\/Avion2.jpg",1000,563,false],"medium":["https:\/\/pornuestrolaredo.com\/wp-content\/uploads\/2023\/04\/Avion2-300x169.jpg",300,169,true],"thumbnail":["https:\/\/pornuestrolaredo.com\/wp-content\/uploads\/2023\/04\/Avion2-150x150.jpg",150,150,true]},"magazine_blocks_author":{"display_name":"Redactor","author_link":"https:\/\/pornuestrolaredo.com\/?author=1"},"magazine_blocks_comment":0,"magazine_blocks_author_image":"https:\/\/pornuestrolaredo.com\/wp-content\/litespeed\/avatar\/dca1d7ec750c399f025f23b0b314f4cf.jpg?ver=1777007253","magazine_blocks_category":"<a href=\"#\" class=\"category-link category-link-1\">Uncategorized<\/a>","jetpack_publicize_connections":[],"featured_image_urls":{"full":["https:\/\/pornuestrolaredo.com\/wp-content\/uploads\/2023\/04\/Avion2.jpg",1000,563,false],"thumbnail":["https:\/\/pornuestrolaredo.com\/wp-content\/uploads\/2023\/04\/Avion2-150x150.jpg",150,150,true],"medium":["https:\/\/pornuestrolaredo.com\/wp-content\/uploads\/2023\/04\/Avion2-300x169.jpg",300,169,true],"medium_large":["https:\/\/pornuestrolaredo.com\/wp-content\/uploads\/2023\/04\/Avion2-768x432.jpg",640,360,true],"large":["https:\/\/pornuestrolaredo.com\/wp-content\/uploads\/2023\/04\/Avion2.jpg",640,360,false],"1536x1536":["https:\/\/pornuestrolaredo.com\/wp-content\/uploads\/2023\/04\/Avion2.jpg",1000,563,false],"2048x2048":["https:\/\/pornuestrolaredo.com\/wp-content\/uploads\/2023\/04\/Avion2.jpg",1000,563,false],"morenews-large":["https:\/\/pornuestrolaredo.com\/wp-content\/uploads\/2023\/04\/Avion2.jpg",825,464,false],"morenews-medium":["https:\/\/pornuestrolaredo.com\/wp-content\/uploads\/2023\/04\/Avion2.jpg",590,332,false]},"author_info":{"info":["Redactor"]},"category_info":"<a href=\"https:\/\/pornuestrolaredo.com\/?cat=1\" rel=\"category\">Uncategorized<\/a>","tag_info":"Uncategorized","comment_count":"0","jetpack_featured_media_url":"https:\/\/pornuestrolaredo.com\/wp-content\/uploads\/2023\/04\/Avion2.jpg","jetpack_sharing_enabled":true,"_links":{"self":[{"href":"https:\/\/pornuestrolaredo.com\/index.php?rest_route=\/wp\/v2\/posts\/2327","targetHints":{"allow":["GET"]}}],"collection":[{"href":"https:\/\/pornuestrolaredo.com\/index.php?rest_route=\/wp\/v2\/posts"}],"about":[{"href":"https:\/\/pornuestrolaredo.com\/index.php?rest_route=\/wp\/v2\/types\/post"}],"author":[{"embeddable":true,"href":"https:\/\/pornuestrolaredo.com\/index.php?rest_route=\/wp\/v2\/users\/1"}],"replies":[{"embeddable":true,"href":"https:\/\/pornuestrolaredo.com\/index.php?rest_route=%2Fwp%2Fv2%2Fcomments&post=2327"}],"version-history":[{"count":2,"href":"https:\/\/pornuestrolaredo.com\/index.php?rest_route=\/wp\/v2\/posts\/2327\/revisions"}],"predecessor-version":[{"id":2332,"href":"https:\/\/pornuestrolaredo.com\/index.php?rest_route=\/wp\/v2\/posts\/2327\/revisions\/2332"}],"wp:featuredmedia":[{"embeddable":true,"href":"https:\/\/pornuestrolaredo.com\/index.php?rest_route=\/wp\/v2\/media\/2328"}],"wp:attachment":[{"href":"https:\/\/pornuestrolaredo.com\/index.php?rest_route=%2Fwp%2Fv2%2Fmedia&parent=2327"}],"wp:term":[{"taxonomy":"category","embeddable":true,"href":"https:\/\/pornuestrolaredo.com\/index.php?rest_route=%2Fwp%2Fv2%2Fcategories&post=2327"},{"taxonomy":"post_tag","embeddable":true,"href":"https:\/\/pornuestrolaredo.com\/index.php?rest_route=%2Fwp%2Fv2%2Ftags&post=2327"}],"curies":[{"name":"wp","href":"https:\/\/api.w.org\/{rel}","templated":true}]}}