{"id":2346,"date":"2023-04-27T05:16:36","date_gmt":"2023-04-27T05:16:36","guid":{"rendered":"https:\/\/pornuestrolaredo.com\/?p=2346"},"modified":"2023-04-27T05:16:36","modified_gmt":"2023-04-27T05:16:36","slug":"viene-megapuente-de-cuatro-dias-en-nld","status":"publish","type":"post","link":"https:\/\/pornuestrolaredo.com\/?p=2346","title":{"rendered":"Viene \u2018megapuente\u2019 de cuatro d\u00edas en NLD"},"content":{"rendered":"<p><strong>NUEVO LAREDO.-<\/strong> Estudiantes de Nuevo Laredo disfrutar\u00e1n de un \u201cmegapuente\u201d este fin y principio de la pr\u00f3xima semana, con cuatro d\u00edas seguidos sin clases.<\/p>\n<p>Casi 80 mil estudiantes ir\u00e1n a clases hasta este jueves, pues el viernes habr\u00e1 Consejo T\u00e9cnico Escolar. Se \u201cpegan\u201d s\u00e1bado y domingo y el lunes es el D\u00eda del Trabajo.<\/p>\n<p>C\u00e9sar Bola\u00f1os Hern\u00e1ndez, titular del CREDE de Nuevo Laredo, dijo que este \u201cmegapuente\u201d est\u00e1 previsto en el calendario escolar que dio a conocer la Secretar\u00eda de Educaci\u00f3n de Tamaulipas desde el arranque del ciclo 2022-2023.<\/p>\n<blockquote><p>Lo establece el calendario\u2026 El viernes es d\u00eda de Consejo T\u00e9cnico Escolar y el d\u00eda primero de mayo tenemos suspensi\u00f3n de labores por ser el D\u00eda del Trabajo\u201d, dijo Bola\u00f1os Hern\u00e1ndez.<\/p><\/blockquote>\n<p>Agreg\u00f3 que los maestros podr\u00e1m encargar al alumnado tareas y trabajos, especialmente a aquellos que tienen alg\u00fan tipo de rezago.<\/p>\n<p>El viernes, los maestros seguir\u00e1n con los planes de dar a conocer la conociendo la Nueva\u00a0 Escuela Mexicana, adem\u00e1s del programa sobre adicciones que implement\u00f3 el gobierno federal. <\/p>\n<blockquote><p>El tema de lucha contra las adicciones, difundir lo que vamos a hacer en cada escuela, el an\u00e1lisis del programa sint\u00e9tico y los programas anal\u00edticos, aparte de que los consejos t\u00e9cnicos son espacios de reflexi\u00f3n,\u00a0 de comentar y transmitir, adem\u00e1s de compartir las mejores estrategias para aplicarlos en las escuelas\u201d, finaliz\u00f3 Bola\u00f1os Hern\u00e1ndez.<\/p><\/blockquote>\n","protected":false},"excerpt":{"rendered":"<p>Estudiantes de educaci\u00f3n b\u00e1sica ir\u00e1n a clases hasta este jueves y regresar\u00e1n el martes<\/p>\n","protected":false},"author":1,"featured_media":2347,"comment_status":"closed","ping_status":"closed","sticky":false,"template":"","format":"standard","meta":{"_crdt_document":"","_jetpack_memberships_contains_paid_content":false,"footnotes":"","jetpack_publicize_message":"","jetpack_publicize_feature_enabled":true,"jetpack_social_post_already_shared":true,"jetpack_social_options":{"image_generator_settings":{"template":"highway","default_image_id":0,"font":"","enabled":false},"version":2},"_wpas_customize_per_network":false},"categories":[4],"tags":[],"class_list":["post-2346","post","type-post","status-publish","format-standard","has-post-thumbnail","hentry","category-los-dos-laredos"],"magazineBlocksPostFeaturedMedia":{"thumbnail":"https:\/\/pornuestrolaredo.com\/wp-content\/uploads\/2023\/04\/Stereo91-20230427-1-150x150.jpg","medium":"https:\/\/pornuestrolaredo.com\/wp-content\/uploads\/2023\/04\/Stereo91-20230427-1-300x167.jpg","medium_large":"https:\/\/pornuestrolaredo.com\/wp-content\/uploads\/2023\/04\/Stereo91-20230427-1-768x427.jpg","large":"https:\/\/pornuestrolaredo.com\/wp-content\/uploads\/2023\/04\/Stereo91-20230427-1-1000x556.jpg","1536x1536":"https:\/\/pornuestrolaredo.com\/wp-content\/uploads\/2023\/04\/Stereo91-20230427-1.jpg","2048x2048":"https:\/\/pornuestrolaredo.com\/wp-content\/uploads\/2023\/04\/Stereo91-20230427-1.jpg","morenews-large":"https:\/\/pornuestrolaredo.com\/wp-content\/uploads\/2023\/04\/Stereo91-20230427-1.jpg","morenews-medium":"https:\/\/pornuestrolaredo.com\/wp-content\/uploads\/2023\/04\/Stereo91-20230427-1.jpg"},"magazineBlocksPostAuthor":{"name":"Redactor","avatar":"https:\/\/pornuestrolaredo.com\/wp-content\/litespeed\/avatar\/dca1d7ec750c399f025f23b0b314f4cf.jpg?ver=1777007253"},"magazineBlocksPostCommentsNumber":false,"magazineBlocksPostExcerpt":"Estudiantes de educaci\u00f3n b\u00e1sica ir\u00e1n a clases hasta este jueves y regresar\u00e1n el martes","magazineBlocksPostCategories":["Los dos Laredos"],"magazineBlocksPostViewCount":146,"magazineBlocksPostReadTime":2,"magazine_blocks_featured_image_url":{"full":["https:\/\/pornuestrolaredo.com\/wp-content\/uploads\/2023\/04\/Stereo91-20230427-1.jpg",1264,703,false],"medium":["https:\/\/pornuestrolaredo.com\/wp-content\/uploads\/2023\/04\/Stereo91-20230427-1-300x167.jpg",300,167,true],"thumbnail":["https:\/\/pornuestrolaredo.com\/wp-content\/uploads\/2023\/04\/Stereo91-20230427-1-150x150.jpg",150,150,true]},"magazine_blocks_author":{"display_name":"Redactor","author_link":"https:\/\/pornuestrolaredo.com\/?author=1"},"magazine_blocks_comment":0,"magazine_blocks_author_image":"https:\/\/pornuestrolaredo.com\/wp-content\/litespeed\/avatar\/dca1d7ec750c399f025f23b0b314f4cf.jpg?ver=1777007253","magazine_blocks_category":"<a href=\"#\" class=\"category-link category-link-4\">Los dos Laredos<\/a>","jetpack_publicize_connections":[],"featured_image_urls":{"full":["https:\/\/pornuestrolaredo.com\/wp-content\/uploads\/2023\/04\/Stereo91-20230427-1.jpg",1264,703,false],"thumbnail":["https:\/\/pornuestrolaredo.com\/wp-content\/uploads\/2023\/04\/Stereo91-20230427-1-150x150.jpg",150,150,true],"medium":["https:\/\/pornuestrolaredo.com\/wp-content\/uploads\/2023\/04\/Stereo91-20230427-1-300x167.jpg",300,167,true],"medium_large":["https:\/\/pornuestrolaredo.com\/wp-content\/uploads\/2023\/04\/Stereo91-20230427-1-768x427.jpg",640,356,true],"large":["https:\/\/pornuestrolaredo.com\/wp-content\/uploads\/2023\/04\/Stereo91-20230427-1-1000x556.jpg",640,356,true],"1536x1536":["https:\/\/pornuestrolaredo.com\/wp-content\/uploads\/2023\/04\/Stereo91-20230427-1.jpg",1264,703,false],"2048x2048":["https:\/\/pornuestrolaredo.com\/wp-content\/uploads\/2023\/04\/Stereo91-20230427-1.jpg",1264,703,false],"morenews-large":["https:\/\/pornuestrolaredo.com\/wp-content\/uploads\/2023\/04\/Stereo91-20230427-1.jpg",825,459,false],"morenews-medium":["https:\/\/pornuestrolaredo.com\/wp-content\/uploads\/2023\/04\/Stereo91-20230427-1.jpg",590,328,false]},"author_info":{"info":["Redactor"]},"category_info":"<a href=\"https:\/\/pornuestrolaredo.com\/?cat=4\" rel=\"category\">Los dos Laredos<\/a>","tag_info":"Los dos Laredos","comment_count":"0","jetpack_featured_media_url":"https:\/\/pornuestrolaredo.com\/wp-content\/uploads\/2023\/04\/Stereo91-20230427-1.jpg","jetpack_sharing_enabled":true,"_links":{"self":[{"href":"https:\/\/pornuestrolaredo.com\/index.php?rest_route=\/wp\/v2\/posts\/2346","targetHints":{"allow":["GET"]}}],"collection":[{"href":"https:\/\/pornuestrolaredo.com\/index.php?rest_route=\/wp\/v2\/posts"}],"about":[{"href":"https:\/\/pornuestrolaredo.com\/index.php?rest_route=\/wp\/v2\/types\/post"}],"author":[{"embeddable":true,"href":"https:\/\/pornuestrolaredo.com\/index.php?rest_route=\/wp\/v2\/users\/1"}],"replies":[{"embeddable":true,"href":"https:\/\/pornuestrolaredo.com\/index.php?rest_route=%2Fwp%2Fv2%2Fcomments&post=2346"}],"version-history":[{"count":1,"href":"https:\/\/pornuestrolaredo.com\/index.php?rest_route=\/wp\/v2\/posts\/2346\/revisions"}],"predecessor-version":[{"id":2348,"href":"https:\/\/pornuestrolaredo.com\/index.php?rest_route=\/wp\/v2\/posts\/2346\/revisions\/2348"}],"wp:featuredmedia":[{"embeddable":true,"href":"https:\/\/pornuestrolaredo.com\/index.php?rest_route=\/wp\/v2\/media\/2347"}],"wp:attachment":[{"href":"https:\/\/pornuestrolaredo.com\/index.php?rest_route=%2Fwp%2Fv2%2Fmedia&parent=2346"}],"wp:term":[{"taxonomy":"category","embeddable":true,"href":"https:\/\/pornuestrolaredo.com\/index.php?rest_route=%2Fwp%2Fv2%2Fcategories&post=2346"},{"taxonomy":"post_tag","embeddable":true,"href":"https:\/\/pornuestrolaredo.com\/index.php?rest_route=%2Fwp%2Fv2%2Ftags&post=2346"}],"curies":[{"name":"wp","href":"https:\/\/api.w.org\/{rel}","templated":true}]}}