{"id":2356,"date":"2023-05-01T05:12:01","date_gmt":"2023-05-01T05:12:01","guid":{"rendered":"https:\/\/pornuestrolaredo.com\/?p=2356"},"modified":"2023-05-01T05:12:01","modified_gmt":"2023-05-01T05:12:01","slug":"el-calor-afecta-mas-a-los-abuelos","status":"publish","type":"post","link":"https:\/\/pornuestrolaredo.com\/?p=2356","title":{"rendered":"El calor afecta m\u00e1s a los abuelos"},"content":{"rendered":"<p><strong><em>SUN LAKES, Arizona.-<\/em> <\/strong>Param\u00e9dicos que acudieron a una comunidad de jubilados de Arizona el verano pasado encontraron a una mujer de 80 a\u00f1os desplomada dentro de su casa m\u00f3vil, envuelta en el sofocante calor de 37 grados Celsius (99 Fahrenheit) que sufri\u00f3 durante d\u00edas despu\u00e9s de que su aire acondicionado se averi\u00f3. Los esfuerzos para revivirla fracasaron y su muerte se dictamin\u00f3 por exposici\u00f3n al calor ambiental agravada por enfermedades card\u00edacas y diabetes.<\/p>\n<p>Al igual que ella, en la zona metropolitana m\u00e1s calurosa de Estados Unidos, la mayor\u00eda de las 77 personas que murieron el verano pasado por el calor abrasador dentro de sus casas eran personas mayores, casi todas sin aire acondicionado. Ahora, los peligros del calor \u2014ya conocidos en Phoenix\u2014 se est\u00e1n volviendo familiares en todo el pa\u00eds a medida que el calentamiento global crea nuevos desaf\u00edos para proteger a los ancianos.<\/p>\n<p>En todo Estados Unidos, los servicios p\u00fablicos y los gobiernos locales est\u00e1n siendo evaluados para mantener a salvo a las personas mayores cuando las temperaturas se disparan. Est\u00e1n adoptando reglas para cuando no hay electricidad, sobre aire acondicionado comunitario y mejorando la comunicaci\u00f3n con las personas en riesgo que viven solas.<\/p>\n<p>Situado en el desierto de Sonora, Phoenix y sus suburbios son la zona cero de las muertes asociadas con el calor en Estados Unidos. Tales muertes son tan comunes que el condado m\u00e1s grande de Arizona mantiene un recuento semanal durante la temporada de m\u00e1s calor, de mayo a octubre. Las temperaturas de este a\u00f1o ya estaban llegando a los 32 \u00baC (90 \u00baF) la primera semana de abril.<\/p>\n<blockquote><p>Phoenix realmente es el modelo de lo que veremos en otros lugares\u201d, dijo la investigadora Jennifer Ailshire, oriunda de la ciudad des\u00e9rtica que ahora trabaja en la Facultad de Gerontolog\u00eda Leonard Davis de la Universidad del Sur de California, donde estudia c\u00f3mo los factores ambientales afectan la salud y el envejecimiento. \u201cEl mundo est\u00e1 cambiando r\u00e1pidamente y me temo que no estamos actuando lo suficientemente r\u00e1pido para ense\u00f1ar a la gente lo da\u00f1ino que puede ser el aumento de las temperaturas\u201d.<\/p><\/blockquote>\n<p>Un estudio de 2021 estim\u00f3 que m\u00e1s de un tercio de las muertes por calor en Estados Unidos cada a\u00f1o pueden atribuirse al calentamiento planetario causado por el hombre. El estudio encontr\u00f3 m\u00e1s de mil 100 muertes al a\u00f1o por el calor causado por el cambio clim\u00e1tico en unas 200 ciudades del pa\u00eds, muchas en el este y el medio oeste, donde las personas a menudo no tienen aire acondicionado o no est\u00e1n aclimatadas al clima caliente.<\/p>\n<p>Aisladas y vulnerables, las v\u00edctimas del calor el a\u00f1o pasado \u2014el verano m\u00e1s mort\u00edfero registrado en el condado de Maricopa\u2014 incluyeron a una pareja de 80 a\u00f1os sin parientes conocidos, una mujer de 83 a\u00f1os con demencia que viv\u00eda sola despu\u00e9s de que su esposo ingres\u00f3 a cuidados paliativos, y un refugiado ruand\u00e9s de 62 a\u00f1os cuyo aire acondicionado se descompuso.<\/p>\n<p>Si bien la mayor\u00eda de las 378 muertes asociadas al calor confirmadas en el condado ocurrieron al aire libre, aquellos que murieron en el interior fueron especialmente vulnerables debido al aislamiento, problemas de movilidad o m\u00e9dicos, ya que las temperaturas m\u00e1ximas en el exterior durante el verano alcanzaron los 46 \u00baC (115 \u00baF). Adem\u00e1s, las personas ancianas no blancas, con una mayor tendencia a las enfermedades cr\u00f3nicas como la diabetes, la obesidad y la presi\u00f3n arterial alta, est\u00e1n especialmente en riesgo.<\/p>\n","protected":false},"excerpt":{"rendered":"<p>Las muertes por las altas temperaturas se multiplican en Estados Unidos y el a\u00f1o pasado alcanzaron mil 200 casos<\/p>\n","protected":false},"author":1,"featured_media":2357,"comment_status":"closed","ping_status":"closed","sticky":false,"template":"","format":"standard","meta":{"_crdt_document":"","_jetpack_memberships_contains_paid_content":false,"footnotes":"","jetpack_publicize_message":"","jetpack_publicize_feature_enabled":true,"jetpack_social_post_already_shared":true,"jetpack_social_options":{"image_generator_settings":{"template":"highway","default_image_id":0,"font":"","enabled":false},"version":2},"_wpas_customize_per_network":false},"categories":[9],"tags":[],"class_list":["post-2356","post","type-post","status-publish","format-standard","has-post-thumbnail","hentry","category-el-mundo"],"magazineBlocksPostFeaturedMedia":{"thumbnail":"https:\/\/pornuestrolaredo.com\/wp-content\/uploads\/2023\/05\/Stereo91-20230430-5-150x150.jpg","medium":"https:\/\/pornuestrolaredo.com\/wp-content\/uploads\/2023\/05\/Stereo91-20230430-5-300x200.jpg","medium_large":"https:\/\/pornuestrolaredo.com\/wp-content\/uploads\/2023\/05\/Stereo91-20230430-5-768x512.jpg","large":"https:\/\/pornuestrolaredo.com\/wp-content\/uploads\/2023\/05\/Stereo91-20230430-5.jpg","1536x1536":"https:\/\/pornuestrolaredo.com\/wp-content\/uploads\/2023\/05\/Stereo91-20230430-5.jpg","2048x2048":"https:\/\/pornuestrolaredo.com\/wp-content\/uploads\/2023\/05\/Stereo91-20230430-5.jpg","morenews-large":"https:\/\/pornuestrolaredo.com\/wp-content\/uploads\/2023\/05\/Stereo91-20230430-5.jpg","morenews-medium":"https:\/\/pornuestrolaredo.com\/wp-content\/uploads\/2023\/05\/Stereo91-20230430-5.jpg"},"magazineBlocksPostAuthor":{"name":"Redactor","avatar":"https:\/\/pornuestrolaredo.com\/wp-content\/litespeed\/avatar\/dca1d7ec750c399f025f23b0b314f4cf.jpg?ver=1777007253"},"magazineBlocksPostCommentsNumber":false,"magazineBlocksPostExcerpt":"Las muertes por las altas temperaturas se multiplican en Estados Unidos y el a\u00f1o pasado alcanzaron mil 200 casos","magazineBlocksPostCategories":["El Mundo"],"magazineBlocksPostViewCount":121,"magazineBlocksPostReadTime":3,"magazine_blocks_featured_image_url":{"full":["https:\/\/pornuestrolaredo.com\/wp-content\/uploads\/2023\/05\/Stereo91-20230430-5.jpg",1000,667,false],"medium":["https:\/\/pornuestrolaredo.com\/wp-content\/uploads\/2023\/05\/Stereo91-20230430-5-300x200.jpg",300,200,true],"thumbnail":["https:\/\/pornuestrolaredo.com\/wp-content\/uploads\/2023\/05\/Stereo91-20230430-5-150x150.jpg",150,150,true]},"magazine_blocks_author":{"display_name":"Redactor","author_link":"https:\/\/pornuestrolaredo.com\/?author=1"},"magazine_blocks_comment":0,"magazine_blocks_author_image":"https:\/\/pornuestrolaredo.com\/wp-content\/litespeed\/avatar\/dca1d7ec750c399f025f23b0b314f4cf.jpg?ver=1777007253","magazine_blocks_category":"<a href=\"#\" class=\"category-link category-link-9\">El Mundo<\/a>","jetpack_publicize_connections":[],"featured_image_urls":{"full":["https:\/\/pornuestrolaredo.com\/wp-content\/uploads\/2023\/05\/Stereo91-20230430-5.jpg",1000,667,false],"thumbnail":["https:\/\/pornuestrolaredo.com\/wp-content\/uploads\/2023\/05\/Stereo91-20230430-5-150x150.jpg",150,150,true],"medium":["https:\/\/pornuestrolaredo.com\/wp-content\/uploads\/2023\/05\/Stereo91-20230430-5-300x200.jpg",300,200,true],"medium_large":["https:\/\/pornuestrolaredo.com\/wp-content\/uploads\/2023\/05\/Stereo91-20230430-5-768x512.jpg",640,427,true],"large":["https:\/\/pornuestrolaredo.com\/wp-content\/uploads\/2023\/05\/Stereo91-20230430-5.jpg",640,427,false],"1536x1536":["https:\/\/pornuestrolaredo.com\/wp-content\/uploads\/2023\/05\/Stereo91-20230430-5.jpg",1000,667,false],"2048x2048":["https:\/\/pornuestrolaredo.com\/wp-content\/uploads\/2023\/05\/Stereo91-20230430-5.jpg",1000,667,false],"morenews-large":["https:\/\/pornuestrolaredo.com\/wp-content\/uploads\/2023\/05\/Stereo91-20230430-5.jpg",825,550,false],"morenews-medium":["https:\/\/pornuestrolaredo.com\/wp-content\/uploads\/2023\/05\/Stereo91-20230430-5.jpg",590,394,false]},"author_info":{"info":["Redactor"]},"category_info":"<a href=\"https:\/\/pornuestrolaredo.com\/?cat=9\" rel=\"category\">El Mundo<\/a>","tag_info":"El Mundo","comment_count":"0","jetpack_featured_media_url":"https:\/\/pornuestrolaredo.com\/wp-content\/uploads\/2023\/05\/Stereo91-20230430-5.jpg","jetpack_sharing_enabled":true,"_links":{"self":[{"href":"https:\/\/pornuestrolaredo.com\/index.php?rest_route=\/wp\/v2\/posts\/2356","targetHints":{"allow":["GET"]}}],"collection":[{"href":"https:\/\/pornuestrolaredo.com\/index.php?rest_route=\/wp\/v2\/posts"}],"about":[{"href":"https:\/\/pornuestrolaredo.com\/index.php?rest_route=\/wp\/v2\/types\/post"}],"author":[{"embeddable":true,"href":"https:\/\/pornuestrolaredo.com\/index.php?rest_route=\/wp\/v2\/users\/1"}],"replies":[{"embeddable":true,"href":"https:\/\/pornuestrolaredo.com\/index.php?rest_route=%2Fwp%2Fv2%2Fcomments&post=2356"}],"version-history":[{"count":1,"href":"https:\/\/pornuestrolaredo.com\/index.php?rest_route=\/wp\/v2\/posts\/2356\/revisions"}],"predecessor-version":[{"id":2358,"href":"https:\/\/pornuestrolaredo.com\/index.php?rest_route=\/wp\/v2\/posts\/2356\/revisions\/2358"}],"wp:featuredmedia":[{"embeddable":true,"href":"https:\/\/pornuestrolaredo.com\/index.php?rest_route=\/wp\/v2\/media\/2357"}],"wp:attachment":[{"href":"https:\/\/pornuestrolaredo.com\/index.php?rest_route=%2Fwp%2Fv2%2Fmedia&parent=2356"}],"wp:term":[{"taxonomy":"category","embeddable":true,"href":"https:\/\/pornuestrolaredo.com\/index.php?rest_route=%2Fwp%2Fv2%2Fcategories&post=2356"},{"taxonomy":"post_tag","embeddable":true,"href":"https:\/\/pornuestrolaredo.com\/index.php?rest_route=%2Fwp%2Fv2%2Ftags&post=2356"}],"curies":[{"name":"wp","href":"https:\/\/api.w.org\/{rel}","templated":true}]}}